{"id":47652,"date":"2025-11-17T18:55:00","date_gmt":"2025-11-17T21:55:00","guid":{"rendered":"https:\/\/noticiasdestaque.com.br\/index.php\/2025\/11\/17\/previsao-do-tempo-terca-feira-18-com-perigo-de-tempestades-no-sudeste\/"},"modified":"2025-11-17T18:55:00","modified_gmt":"2025-11-17T21:55:00","slug":"previsao-do-tempo-terca-feira-18-com-perigo-de-tempestades-no-sudeste","status":"publish","type":"post","link":"https:\/\/noticiasdestaque.com.br\/index.php\/2025\/11\/17\/previsao-do-tempo-terca-feira-18-com-perigo-de-tempestades-no-sudeste\/","title":{"rendered":"PREVIS\u00c3O DO TEMPO: ter\u00e7a-feira (18) com perigo de tempestades no Sudeste"},"content":{"rendered":"<p>\t\t\t\t\t\t\t\t\t\t\t<audio controls class=\"b61_audio_player\" data-noticia=\"85882\" src=\"https:\/\/brasil61.com\/rails\/active_storage\/blobs\/eyJfcmFpbHMiOnsibWVzc2FnZSI6IkJBaHBBNERBQXc9PSIsImV4cCI6bnVsbCwicHVyIjoiYmxvYl9pZCJ9fQ==--5736e1560d6647759b00bfb056c35b8cf4afc973\/PTSD254255A\"><\/audio><\/p>\n<p>A <strong>previs\u00e3o do tempo<\/strong> para a <strong>Regi\u00e3o Sudeste<\/strong> do pa\u00eds, nesta <strong>ter\u00e7a-feira (18)<\/strong>, \u00e9 de c\u00e9u com <strong>muitas<\/strong> <strong>nuvens<\/strong> e <strong>possibilidade<\/strong> <strong>de<\/strong> <strong>chuvas<\/strong> para toda a regi\u00e3o. H\u00e1 aviso de <strong>perigo<\/strong> e <strong>perigo potencial de tempestades<\/strong> para todos os estados.<\/p>\n<p>Pela <strong>manh\u00e3<\/strong>, a previs\u00e3o \u00e9 de <strong>muitas<\/strong> <strong>nuvens<\/strong> para quase toda a regi\u00e3o, com exce\u00e7\u00e3o do nordeste mineiro e do norte do Esp\u00edrito Santo. Os estados de S\u00e3o Paulo, Rio de Janeiro, o sul de Minas Gerais e o extremo-sul capixaba <strong>amanhecem<\/strong> sob <strong>pancadas<\/strong> <strong>de<\/strong> <strong>chuva<\/strong> <strong>com<\/strong> <strong>trovoadas<\/strong> <strong>isoladas<\/strong>\u00a0e h\u00e1 <strong>possibilidade<\/strong> <strong>de<\/strong> <strong>chuvas<\/strong> na linha central de Minas e do Esp\u00edrito Santo.<\/p>\n<p>\u00c0 <strong>tarde<\/strong>, as <strong>pancadas<\/strong> <strong>de<\/strong> <strong>chuva<\/strong> <strong>com<\/strong> <strong>trovoadas<\/strong> <strong>tomam<\/strong> a regi\u00e3o, com <strong>intensidade<\/strong> <strong>levemente<\/strong> <strong>menor<\/strong> <strong>de<\/strong> <strong>chuvas<\/strong> no extremo-nordeste mineiro e nos extremos-oeste de Minas e S\u00e3o Paulo. No extremo-sul paulista, h\u00e1 ainda a <strong>possibilidade<\/strong> <strong>de<\/strong> <strong>queda<\/strong> <strong>de<\/strong> <strong>granizo<\/strong>.\u00a0<\/p>\n<p>As <strong>chuvas<\/strong> <strong>recuam<\/strong> no oeste paulista <strong>\u00e0<\/strong> <strong>noite<\/strong>, e devem ter <strong>menor<\/strong> <strong>intensidade<\/strong> no centro-norte do estado, assim como no extremo-oeste de Minas.<\/p>\n<p>O <b>Instituto Nacional de Meteorologia<\/b> (<a href=\"https:\/\/portal.inmet.gov.br\/\">Inmet<\/a>) emitiu alerta de <strong>perigo de tempestades<\/strong> para todo o estado de S\u00e3o Paulo e do Rio de Janeiro, al\u00e9m da por\u00e7\u00e3o centro-sul de Minas Gerais e do sul do Esp\u00edrito Santo. Tamb\u00e9m h\u00e1 aviso de <strong>perigo potencial de tempestade<\/strong> para a faixa centro-oeste e centro-leste de Minas, assim como para todo o Esp\u00edrito Santo.<\/p>\n<p>Entre as <strong>capitais<\/strong>, a <strong>temperatura m\u00ednima<\/strong> prevista \u00e9 de <strong>16\u00b0C<\/strong> em <strong>Belo Horizonte<\/strong>. J\u00e1 a <strong>m\u00e1xima<\/strong> pode chegar at\u00e9 <strong>31\u00b0C<\/strong>, no <strong>Rio<\/strong> <strong>de<strong> <\/strong>Janeiro<\/strong>. A <strong>umidade relativa do ar<\/strong> varia entre <strong>50%<\/strong> e <strong>100%<\/strong>.<\/p>\n<p>\u00a0<\/p>\n<h2>5 motivos para acompanhar as previs\u00f5es do tempo<\/h2>\n<ul>\n<li>Agricultura: garantia de uma boa colheita;<\/li>\n<li>Marinha: prote\u00e7\u00e3o de marinheiros, navios e passageiros;<\/li>\n<li>Aeron\u00e1utica: seguran\u00e7a de pilotos, aeronaves e passageiros;<\/li>\n<li>Pesca: condi\u00e7\u00f5es favor\u00e1veis e seguras para a atividade;<\/li>\n<li>Turismo: garantia de passeios e viagens tranquilas e agrad\u00e1veis.<\/li>\n<\/ul>\n<p>\u00a0<\/p>\n<h2>Import\u00e2ncia das observa\u00e7\u00f5es meteorol\u00f3gicas no INMET<\/h2>\n<p>As observa\u00e7\u00f5es meteorol\u00f3gicas do INMET s\u00e3o essenciais para previs\u00f5es em tempo real, estat\u00edsticas clim\u00e1ticas e coopera\u00e7\u00e3o internacional. Esses dados precisos ajudam a estudar o clima passado e a produzir Normais Climatol\u00f3gicas conforme a Organiza\u00e7\u00e3o Meteorol\u00f3gica Mundial (<a href=\"https:\/\/worldweather.wmo.int\/pt\/home.html\">OMM<\/a>).<\/p>\n<p>As informa\u00e7\u00f5es s\u00e3o do Instituto Nacional de Meteorologia (<a href=\"https:\/\/portal.inmet.gov.br\">Inmet<\/a>).<\/p>\n<p>\t\t\t\t\t\t\t\t\t\t<img loading=\"lazy\" decoding=\"async\" src=\"https:\/\/brasil61.com\/api\/v1\/serve_pixel\/17677\/85882\" alt=\"Pixel Brasil 61\" class=\"b61_pixel\" width=\"0\" height=\"0\"><\/p>\n<input type=\"hidden\" id=\"baseurl\" value=\"https:\/\/noticiasdestaque.com.br\"><input type=\"hidden\" id=\"audio_nonce\" value=\"6f73a554f1\">","protected":false},"excerpt":{"rendered":"<p>Chuvas devem ser mais intensas ao sul da regi\u00e3o, com aviso de perigo de tempestade; temperaturas variam entre 16\u00b0C e 31\u00b0C<\/p>\n","protected":false},"author":1,"featured_media":47653,"comment_status":"open","ping_status":"open","sticky":false,"template":"","format":"standard","meta":{"fifu_image_url":"","fifu_image_alt":"","footnotes":""},"categories":[58],"tags":[],"class_list":["post-47652","post","type-post","status-publish","format-standard","has-post-thumbnail","hentry","category-cotidiano"],"distributor_meta":false,"distributor_terms":false,"distributor_media":false,"distributor_original_site_name":"Noticias em Destaque","distributor_original_site_url":"https:\/\/noticiasdestaque.com.br","push-errors":false,"_links":{"self":[{"href":"https:\/\/noticiasdestaque.com.br\/index.php\/wp-json\/wp\/v2\/posts\/47652","targetHints":{"allow":["GET"]}}],"collection":[{"href":"https:\/\/noticiasdestaque.com.br\/index.php\/wp-json\/wp\/v2\/posts"}],"about":[{"href":"https:\/\/noticiasdestaque.com.br\/index.php\/wp-json\/wp\/v2\/types\/post"}],"author":[{"embeddable":true,"href":"https:\/\/noticiasdestaque.com.br\/index.php\/wp-json\/wp\/v2\/users\/1"}],"replies":[{"embeddable":true,"href":"https:\/\/noticiasdestaque.com.br\/index.php\/wp-json\/wp\/v2\/comments?post=47652"}],"version-history":[{"count":0,"href":"https:\/\/noticiasdestaque.com.br\/index.php\/wp-json\/wp\/v2\/posts\/47652\/revisions"}],"wp:featuredmedia":[{"embeddable":true,"href":"https:\/\/noticiasdestaque.com.br\/index.php\/wp-json\/wp\/v2\/media\/47653"}],"wp:attachment":[{"href":"https:\/\/noticiasdestaque.com.br\/index.php\/wp-json\/wp\/v2\/media?parent=47652"}],"wp:term":[{"taxonomy":"category","embeddable":true,"href":"https:\/\/noticiasdestaque.com.br\/index.php\/wp-json\/wp\/v2\/categories?post=47652"},{"taxonomy":"post_tag","embeddable":true,"href":"https:\/\/noticiasdestaque.com.br\/index.php\/wp-json\/wp\/v2\/tags?post=47652"}],"curies":[{"name":"wp","href":"https:\/\/api.w.org\/{rel}","templated":true}]}}