{"id":47648,"date":"2025-11-17T18:47:00","date_gmt":"2025-11-17T21:47:00","guid":{"rendered":"https:\/\/noticiasdestaque.com.br\/index.php\/2025\/11\/17\/previsao-do-tempo-ceu-com-algumas-nuvens-e-possibilidade-de-chuva-nesta-terca-feira-18-no-nordeste\/"},"modified":"2025-11-17T18:47:00","modified_gmt":"2025-11-17T21:47:00","slug":"previsao-do-tempo-ceu-com-algumas-nuvens-e-possibilidade-de-chuva-nesta-terca-feira-18-no-nordeste","status":"publish","type":"post","link":"https:\/\/noticiasdestaque.com.br\/index.php\/2025\/11\/17\/previsao-do-tempo-ceu-com-algumas-nuvens-e-possibilidade-de-chuva-nesta-terca-feira-18-no-nordeste\/","title":{"rendered":"PREVIS\u00c3O DO TEMPO: C\u00e9u com algumas nuvens e possibilidade de chuva nesta ter\u00e7a-feira (18) no Nordeste"},"content":{"rendered":"<p>\t\t\t\t\t\t\t\t\t\t\t<audio controls class=\"b61_audio_player\" data-noticia=\"85884\" src=\"https:\/\/brasil61.com\/rails\/active_storage\/blobs\/eyJfcmFpbHMiOnsibWVzc2FnZSI6IkJBaHBBNGZBQXc9PSIsImV4cCI6bnVsbCwicHVyIjoiYmxvYl9pZCJ9fQ==--69ed56168f58709337abe79ca97e1b79ca77ed13\/PTND254866A\"><\/audio><\/p>\n<p>A <strong>previs\u00e3o do tempo<\/strong> para a <strong>Regi\u00e3o Nordeste<\/strong> do pa\u00eds, nesta <strong>ter\u00e7a-feira (18)<\/strong>, indica c\u00e9u de <strong>poucas<\/strong> <strong>nuvens<\/strong> para o centro da regi\u00e3o, com <strong>maior<\/strong> <strong>densidade<\/strong> na parte interiorana. H\u00e1 <strong>possibilidade<\/strong> <strong>de<\/strong> <strong>chuvas<\/strong> para o Maranh\u00e3o, o Piau\u00ed e a Bahia a partir da tarde, com <strong>maior<\/strong> <strong>intensidade<\/strong> no interior.<\/p>\n<p>Pela <strong>manh\u00e3<\/strong>, a previs\u00e3o \u00e9 de c\u00e9u de <strong>poucas<\/strong> <strong>nuvens<\/strong> para quase toda a regi\u00e3o, com exce\u00e7\u00e3o do Maranh\u00e3o e da faixa litor\u00e2nea entre S\u00e3o Lu\u00eds e Salvador, onde deve <strong>amanhecer<\/strong> <strong>sob<\/strong> <strong>muitas<\/strong> <strong>nuvens<\/strong>.<\/p>\n<p>Durante a <strong>tarde<\/strong>, surge a <strong>possibilidade<\/strong> <strong>de<\/strong> <strong>chuvas<\/strong> para todo o estado do Maranh\u00e3o, quase todo o Piau\u00ed, exceto o extremo-leste, o extremo-noroeste do Cear\u00e1 e a por\u00e7\u00e3o oeste e centro-sul da Bahia. As <strong>chuvas<\/strong> <strong>devem<\/strong> ser <strong>mais<\/strong> <strong>intensas<\/strong> e <strong>acompanhadas<\/strong> <strong>de<\/strong> <strong>trovoadas<\/strong> <strong>isoladas<\/strong> no sudoeste e extremo-sul do Maranh\u00e3o e no sudoeste e extremo-sul da Bahia.\u00a0<\/p>\n<p>\u00c0 <strong>noite<\/strong>, as <strong>pancadas<\/strong> <strong>de<\/strong> <strong>chuva<\/strong> <strong>com<\/strong> <strong>trovoadas<\/strong> <strong>avan\u00e7am<\/strong> levemente sobre o extremo-sul do Maranh\u00e3o e extremo-sul do Piau\u00ed, al\u00e9m de cobrir uma \u00e1rea maior do oeste da Bahia.<\/p>\n<p>O <b>Instituto Nacional de Meteorologia<\/b> (<a href=\"https:\/\/portal.inmet.gov.br\/\">Inmet<\/a>) emitiu alerta de <strong>perigo potencial de tempestades<\/strong> para o extremo-sul da Bahia, tanto na divisa com Goi\u00e1s quanto no litoral, na divisa com o Esp\u00edrito Santo.<\/p>\n<p>Entre as <strong>capitais<\/strong>, a <strong>temperatura m\u00ednima<\/strong> prevista \u00e9 de <strong>21\u00b0C<\/strong> em <strong>Salvador<\/strong>. J\u00e1 a <strong>m\u00e1xima<\/strong> pode chegar at\u00e9 <strong>39\u00b0C<\/strong>, em <strong>Teresina<\/strong>. A <strong>umidade relativa do ar<\/strong> varia entre <strong>30%<\/strong> e <strong>90%<\/strong>.<\/p>\n<p>\u00a0<\/p>\n<h2>5 motivos para acompanhar as previs\u00f5es do tempo<\/h2>\n<p>\u00a0<\/p>\n<p>Agricultura: garantia de uma boa colheita;<\/p>\n<ul>\n<li>Marinha: prote\u00e7\u00e3o de marinheiros, navios e passageiros;<\/li>\n<li>Aeron\u00e1utica: seguran\u00e7a de pilotos, aeronaves e passageiros;<\/li>\n<li>Pesca: condi\u00e7\u00f5es favor\u00e1veis e seguras para a atividade;<\/li>\n<li>Turismo: garantia de passeios e viagens tranquilas e agrad\u00e1veis.<\/li>\n<\/ul>\n<p>\u00a0<\/p>\n<h2>Import\u00e2ncia das observa\u00e7\u00f5es meteorol\u00f3gicas no INMET<\/h2>\n<p>\u00a0<\/p>\n<p>As observa\u00e7\u00f5es meteorol\u00f3gicas do INMET s\u00e3o essenciais para previs\u00f5es em tempo real, estat\u00edsticas clim\u00e1ticas e coopera\u00e7\u00e3o internacional. Esses dados precisos ajudam a estudar o clima passado e a produzir Normais Climatol\u00f3gicas conforme a Organiza\u00e7\u00e3o Meteorol\u00f3gica Mundial (<a href=\"https:\/\/worldweather.wmo.int\/pt\/home.html\">OMM<\/a>).<\/p>\n<p>\u00a0<\/p>\n<p>As informa\u00e7\u00f5es s\u00e3o do Instituto Nacional de Meteorologia (<a href=\"https:\/\/portal.inmet.gov.br\">Inmet<\/a>).<\/p>\n<p>\t\t\t\t\t\t\t\t\t\t<img loading=\"lazy\" decoding=\"async\" src=\"https:\/\/brasil61.com\/api\/v1\/serve_pixel\/17677\/85884\" alt=\"Pixel Brasil 61\" class=\"b61_pixel\" width=\"0\" height=\"0\"><\/p>\n<input type=\"hidden\" id=\"baseurl\" value=\"https:\/\/noticiasdestaque.com.br\"><input type=\"hidden\" id=\"audio_nonce\" value=\"6a24ca502e\">","protected":false},"excerpt":{"rendered":"<p>H\u00e1 possibilidade de chuvas para BA, PI e MA, com maior intensidade no interior; temperaturas variam entre 21\u00b0C e 39\u00b0C<\/p>\n","protected":false},"author":1,"featured_media":47649,"comment_status":"open","ping_status":"open","sticky":false,"template":"","format":"standard","meta":{"fifu_image_url":"","fifu_image_alt":"","footnotes":""},"categories":[58],"tags":[],"class_list":["post-47648","post","type-post","status-publish","format-standard","has-post-thumbnail","hentry","category-cotidiano"],"distributor_meta":false,"distributor_terms":false,"distributor_media":false,"distributor_original_site_name":"Noticias em Destaque","distributor_original_site_url":"https:\/\/noticiasdestaque.com.br","push-errors":false,"_links":{"self":[{"href":"https:\/\/noticiasdestaque.com.br\/index.php\/wp-json\/wp\/v2\/posts\/47648","targetHints":{"allow":["GET"]}}],"collection":[{"href":"https:\/\/noticiasdestaque.com.br\/index.php\/wp-json\/wp\/v2\/posts"}],"about":[{"href":"https:\/\/noticiasdestaque.com.br\/index.php\/wp-json\/wp\/v2\/types\/post"}],"author":[{"embeddable":true,"href":"https:\/\/noticiasdestaque.com.br\/index.php\/wp-json\/wp\/v2\/users\/1"}],"replies":[{"embeddable":true,"href":"https:\/\/noticiasdestaque.com.br\/index.php\/wp-json\/wp\/v2\/comments?post=47648"}],"version-history":[{"count":0,"href":"https:\/\/noticiasdestaque.com.br\/index.php\/wp-json\/wp\/v2\/posts\/47648\/revisions"}],"wp:featuredmedia":[{"embeddable":true,"href":"https:\/\/noticiasdestaque.com.br\/index.php\/wp-json\/wp\/v2\/media\/47649"}],"wp:attachment":[{"href":"https:\/\/noticiasdestaque.com.br\/index.php\/wp-json\/wp\/v2\/media?parent=47648"}],"wp:term":[{"taxonomy":"category","embeddable":true,"href":"https:\/\/noticiasdestaque.com.br\/index.php\/wp-json\/wp\/v2\/categories?post=47648"},{"taxonomy":"post_tag","embeddable":true,"href":"https:\/\/noticiasdestaque.com.br\/index.php\/wp-json\/wp\/v2\/tags?post=47648"}],"curies":[{"name":"wp","href":"https:\/\/api.w.org\/{rel}","templated":true}]}}