{"id":47636,"date":"2025-11-17T04:55:00","date_gmt":"2025-11-17T07:55:00","guid":{"rendered":"https:\/\/noticiasdestaque.com.br\/index.php\/2025\/11\/17\/regulamentacao-da-reforma-tributaria-falta-de-preparo-das-empresas-pode-causar-aumento-de-custos-e-afetar-competitividade-em-2026\/"},"modified":"2025-11-17T07:38:09","modified_gmt":"2025-11-17T10:38:09","slug":"regulamentacao-da-reforma-tributaria-falta-de-preparo-das-empresas-pode-causar-aumento-de-custos-e-afetar-competitividade-em-2026","status":"publish","type":"post","link":"https:\/\/noticiasdestaque.com.br\/index.php\/2025\/11\/17\/regulamentacao-da-reforma-tributaria-falta-de-preparo-das-empresas-pode-causar-aumento-de-custos-e-afetar-competitividade-em-2026\/","title":{"rendered":"Reforma tribut\u00e1ria: falta de preparo das empresas pode aumentar custos e afetar competitividade"},"content":{"rendered":"<p>\t\t\t\t\t\t\t\t\t\t<audio controls class=\"b61_audio_player\" data-noticia=\"85846\" src=\"https:\/\/brasil61.com\/rails\/active_storage\/blobs\/eyJfcmFpbHMiOnsibWVzc2FnZSI6IkJBaHBBOFMvQXc9PSIsImV4cCI6bnVsbCwicHVyIjoiYmxvYl9pZCJ9fQ==--c47959a99c1ed1b1dbc182204345ad1af2b8bc60\/CACB250083A\"><\/audio><\/p>\n<p>Foram mais de tr\u00eas d\u00e9cadas de idas, vindas e intensos debates at\u00e9 que o <strong>Brasil aprovasse novas regras para a cobran\u00e7a de impostos e tributos<\/strong>. Mas, a menos de dois meses do in\u00edcio da implementa\u00e7\u00e3o gradual da <strong>Reforma Tribut\u00e1ria<\/strong>, <strong>72% das empresas de m\u00e9dio e grande porte ainda n\u00e3o adaptaram seus processos internos para o recolhimento e a declara\u00e7\u00e3o dos tributos sobre consumo<\/strong>.<\/p>\n<p>O <a href=\"https:\/\/agenciabrasil.ebc.com.br\/economia\/noticia\/2025-11\/pesquisa-mostra-que-empresas-nao-se-adaptaram-para-reforma-tributaria\" target=\"_blank\">dado faz parte de uma pesquisa da empresa de tecnologia V360<\/a>, que ouviu 355 executivos de diferentes setores produtivos. Enquanto gestores concentram esfor\u00e7os na emiss\u00e3o das novas notas fiscais, que ter\u00e3o 200 novos campos de preenchimento, os principais gargalos identificados est\u00e3o na confer\u00eancia, no recebimento e no pagamento das notas de fornecedores.<\/p>\n<p>Para o advogado tributarista Lu\u00eds Garcia, s\u00f3cio do Tax Group e do <strong>MLD Advogados Associados<\/strong>, esse despreparo pode afetar fortemente o faturamento e at\u00e9 amea\u00e7ar a exist\u00eancia de alguns neg\u00f3cios, ainda que 2026 seja um per\u00edodo de testes. \u201cO principal ponto cr\u00edtico \u00e9 que voc\u00ea precisa j\u00e1 prever os novos tributos nas notas fiscais, apesar de eles terem al\u00edquotas muito baixas. Voc\u00ea deveria, ou deve, fazer isso. Se voc\u00ea n\u00e3o fizer isso, voc\u00ea n\u00e3o consegue faturar. E eventualmente algumas empresas podem at\u00e9 se tornar invi\u00e1veis com a reforma tribut\u00e1ria e ainda n\u00e3o est\u00e3o sabendo disso\u201d, pontuou o especialista.\u00a0<\/p>\n<p>Outro ponto de aten\u00e7\u00e3o \u00e9 a ado\u00e7\u00e3o das duplicatas escriturais, registro eletr\u00f4nico que comprova opera\u00e7\u00f5es comerciais. Segundo o levantamento, <strong>32,7% das empresas ainda n\u00e3o iniciaram a adapta\u00e7\u00e3o a esse processo<\/strong>, enquanto <strong>55,8% est\u00e3o em fase de prepara\u00e7\u00e3o<\/strong> e apenas<strong> 11,5% j\u00e1 o fazem de forma automatizada<\/strong>.<\/p>\n<p>A automa\u00e7\u00e3o \u00e9 outro ponto que deixa a desejar, segundo a pesquisa. 61% dos entrevistados operam com processos total ou parcialmente manuais. As duplicatas escriturais, registros eletr\u00f4nicos que compravam opera\u00e7\u00f5es comerciais, s\u00e3o realizadas em 11,5% dos casos de forma automatizada. O restante est\u00e1 em fase de prepara\u00e7\u00e3o ou de adapta\u00e7\u00e3o do processo.<\/p>\n<h2>Novas regras<\/h2>\n<p><strong>A regulamenta\u00e7\u00e3o da Reforma Tribut\u00e1ria, aprovada este ano, prev\u00ea a extin\u00e7\u00e3o dos seguintes tributos sobre o consumo:<\/strong><\/p>\n<ul>\n<li>PIS (Programa de Integra\u00e7\u00e3o Social);<\/li>\n<li>Cofins (Contribui\u00e7\u00e3o para o Financiamento da Seguridade Social);<\/li>\n<li>IPI (Imposto sobre Produtos Industrializados);<\/li>\n<li>ICMS (Imposto sobre Circula\u00e7\u00e3o de Mercadorias e Servi\u00e7os); e<\/li>\n<li>ISS (Imposto sobre Servi\u00e7os).<\/li>\n<\/ul>\n<p><strong>O 5 ser\u00e3o unificados em duas cobran\u00e7as:\u00a0<\/strong><\/p>\n<ul>\n<li>Imposto sobre Bens e Servi\u00e7os (IBS), geridos por estados e munic\u00edpios;\u00a0<\/li>\n<li>Contribui\u00e7\u00e3o sobre Bens e Servi\u00e7os (CBS), de responsabilidade federal.\u00a0<\/li>\n<li>Imposto Seletivo (IS), tamb\u00e9m federal, que incidir\u00e1 para desestimular o consumo de determinados bens e servi\u00e7os;<\/li>\n<\/ul>\n<p><strong>A partir do dia 5 de janeiro do pr\u00f3ximo ano, ser\u00e3o cobradas al\u00edquotas iniciais de 0,9% para a CBS e 0,1% para o IBS.<\/strong><\/p>\n<p>De acordo com o vice-presidente Jur\u00eddico da <a href=\"https:\/\/cacb.org.br\/\" target=\"_blank\"><strong>Confedera\u00e7\u00e3o das Associa\u00e7\u00f5es Comerciais e Empresariais do Brasil (CACB)<\/strong><\/a>, Anderson Trautman, micro e pequenos empreendedores tamb\u00e9m correm risco de insolv\u00eancia, apesar do trabalho da entidade para manter a cobran\u00e7a de tributos unificada para optantes do Simples Nacional, al\u00e9m de ter acesso a cr\u00e9dito gerado a partir da arrecada\u00e7\u00e3o de fornecedores. \u201cIsso n\u00e3o d\u00e1 competitividade. Na verdade, retira a competitividade da micro e pequena empresa optante pelo Simples Nacional em rela\u00e7\u00e3o ao regime atual. H\u00e1 oportunidade dessas empresas migrarem para o regime de cr\u00e9dito e d\u00e9bito, mas isso traz um desafio ainda maior, que \u00e9 justamente o planejamento tribut\u00e1rio se tornar mais detalhado para essas empresas\u201d, alerta.\u00a0<\/p>\n<h2>Simples Nacional e taxa associativa<\/h2>\n<p>A <strong>CACB <\/strong>entende que a moderniza\u00e7\u00e3o do sistema tribut\u00e1rio era necess\u00e1ria, mas que a Reforma Tribut\u00e1ria aprovada foi longe do ideal. Para a entidade, que representa mais de 2 milh\u00f5es de empresas brasileiras, o Simples Nacional \u00e9 uma pol\u00edtica vital para a formaliza\u00e7\u00e3o e inclus\u00e3o de empreendedores e por isso articulou junto aos poderes <strong>Executivo e Legislativo<\/strong> a manuten\u00e7\u00e3o dos benef\u00edcios da pol\u00edtica e tamb\u00e9m na defesa de outros interesses do setor privado, como a isen\u00e7\u00e3o de taxa associativa.<\/p>\n<h2>Fluxo de caixa<\/h2>\n<p>Uma das inova\u00e7\u00f5es da <strong>Reforma Tribut\u00e1ria<\/strong> \u00e9 na forma de recolhimento dos impostos. Isso vai passar a ocorrer na cobran\u00e7a, ou seja, antes mesmo do recurso chegar ao caixa da empresa, o que pode mudar a l\u00f3gica de como muitas \u00a0empresas planejam seus neg\u00f3cios.<\/p>\n<p>\u201cAquele dinheiro que eventualmente ela utiliza hoje para fluxo de caixa, vai desaparecer. Ent\u00e3o, o giro vai ser muito mais r\u00e1pido e ela vai ter que ter disponibilidade de liquidez\u201d, ressalta Garcia.<\/p>\n<p>O maior peso, segundo o tributarista, deve incidir sobre o setor de servi\u00e7os. Acostumadas com uma carga tribut\u00e1ria abaixo dos 10%, as companhias do segmento ter\u00e3o de se preparar para uma al\u00edquota cerca de 20 pontos percentuais maior. \u201c\u00c9 o setor hoje que est\u00e1 mais vulner\u00e1vel. Os setores ou empresas que, de alguma forma, t\u00eam algum benef\u00edcio, esses benef\u00edcios e regimes especiais tendem a desaparecer ao longo da reforma. Ent\u00e3o, a empresa precisa se planejar nesse sentido\u201d, avalia o tributarista.<\/p>\n<p>\t\t\t\t\t\t\t\t\t<img loading=\"lazy\" decoding=\"async\" src=\"https:\/\/brasil61.com\/api\/v1\/serve_pixel\/17677\/85846\" alt=\"Pixel Brasil 61\" class=\"b61_pixel\" width=\"0\" height=\"0\"><\/p>\n<input type=\"hidden\" id=\"baseurl\" value=\"https:\/\/noticiasdestaque.com.br\"><input type=\"hidden\" id=\"audio_nonce\" value=\"6a24ca502e\">","protected":false},"excerpt":{"rendered":"<p>72% das companhias brasileiras de m\u00e9dio e grande porte n\u00e3o atualizaram processos para a Reforma Tribut\u00e1ria<\/p>\n","protected":false},"author":1,"featured_media":47647,"comment_status":"open","ping_status":"open","sticky":false,"template":"","format":"standard","meta":{"fifu_image_url":"","fifu_image_alt":"","footnotes":""},"categories":[59],"tags":[],"class_list":["post-47636","post","type-post","status-publish","format-standard","has-post-thumbnail","hentry","category-economia"],"distributor_meta":false,"distributor_terms":false,"distributor_media":false,"distributor_original_site_name":"Noticias em Destaque","distributor_original_site_url":"https:\/\/noticiasdestaque.com.br","push-errors":false,"_links":{"self":[{"href":"https:\/\/noticiasdestaque.com.br\/index.php\/wp-json\/wp\/v2\/posts\/47636","targetHints":{"allow":["GET"]}}],"collection":[{"href":"https:\/\/noticiasdestaque.com.br\/index.php\/wp-json\/wp\/v2\/posts"}],"about":[{"href":"https:\/\/noticiasdestaque.com.br\/index.php\/wp-json\/wp\/v2\/types\/post"}],"author":[{"embeddable":true,"href":"https:\/\/noticiasdestaque.com.br\/index.php\/wp-json\/wp\/v2\/users\/1"}],"replies":[{"embeddable":true,"href":"https:\/\/noticiasdestaque.com.br\/index.php\/wp-json\/wp\/v2\/comments?post=47636"}],"version-history":[{"count":1,"href":"https:\/\/noticiasdestaque.com.br\/index.php\/wp-json\/wp\/v2\/posts\/47636\/revisions"}],"predecessor-version":[{"id":47646,"href":"https:\/\/noticiasdestaque.com.br\/index.php\/wp-json\/wp\/v2\/posts\/47636\/revisions\/47646"}],"wp:featuredmedia":[{"embeddable":true,"href":"https:\/\/noticiasdestaque.com.br\/index.php\/wp-json\/wp\/v2\/media\/47647"}],"wp:attachment":[{"href":"https:\/\/noticiasdestaque.com.br\/index.php\/wp-json\/wp\/v2\/media?parent=47636"}],"wp:term":[{"taxonomy":"category","embeddable":true,"href":"https:\/\/noticiasdestaque.com.br\/index.php\/wp-json\/wp\/v2\/categories?post=47636"},{"taxonomy":"post_tag","embeddable":true,"href":"https:\/\/noticiasdestaque.com.br\/index.php\/wp-json\/wp\/v2\/tags?post=47636"}],"curies":[{"name":"wp","href":"https:\/\/api.w.org\/{rel}","templated":true}]}}