{"id":47634,"date":"2025-11-17T04:50:00","date_gmt":"2025-11-17T07:50:00","guid":{"rendered":"https:\/\/noticiasdestaque.com.br\/index.php\/2025\/11\/17\/confianca-da-industria-cresce-pelo-terceiro-mes-seguido-e-atinge-a-maior-marca-dos-ultimos-5-meses\/"},"modified":"2025-11-17T04:50:00","modified_gmt":"2025-11-17T07:50:00","slug":"confianca-da-industria-cresce-pelo-terceiro-mes-seguido-e-atinge-a-maior-marca-dos-ultimos-5-meses","status":"publish","type":"post","link":"https:\/\/noticiasdestaque.com.br\/index.php\/2025\/11\/17\/confianca-da-industria-cresce-pelo-terceiro-mes-seguido-e-atinge-a-maior-marca-dos-ultimos-5-meses\/","title":{"rendered":"Confian\u00e7a da ind\u00fastria cresce pelo terceiro m\u00eas seguido e atinge a maior marca dos \u00faltimos 5 meses"},"content":{"rendered":"<p>\t\t\t\t\t\t\t\t\t\t\t<audio controls class=\"b61_audio_player\" data-noticia=\"85873\" src=\"https:\/\/brasil61.com\/rails\/active_storage\/blobs\/eyJfcmFpbHMiOnsibWVzc2FnZSI6IkJBaHBBL08vQXc9PSIsImV4cCI6bnVsbCwicHVyIjoiYmxvYl9pZCJ9fQ==--3a08d96ecd3125021f296a7e41206c33d9723f3c\/PIND254681A\"><\/audio><\/p>\n<p>Pelo terceiro m\u00eas consecutivo, o <a href=\"https:\/\/www.portaldaindustria.com.br\/estatisticas\/icei-indice-de-confianca-do-empresario-industrial\/?utm_source=jor&amp;utm_medium=agn&amp;utm_campaign=noticia&amp;utm_content=textoevideo-fixo\">\u00cdndice de Confian\u00e7a do Empres\u00e1rio Industrial (ICEI)<\/a> apresentou crescimento. Com eleva\u00e7\u00e3o de 1,1 ponto em novembro, o levantamento produzido pela <a href=\"https:\/\/www.portaldaindustria.com.br\/cni\/?utm_source=jor&amp;utm_medium=agn&amp;utm_campaign=noticia&amp;utm_content=textoevideo-fixo\">Confedera\u00e7\u00e3o Nacional da Ind\u00fastria (CNI)<\/a> atingiu a maior marca nos \u00faltimos 5 meses, mas segue em n\u00edvel de pessimismo.<\/p>\n<p>Apesar das altas recentes, Larissa Nocko, especialista em Pol\u00edticas e Ind\u00fastria da CNI, entende que ainda n\u00e3o d\u00e1 para falar que os dirigentes est\u00e3o retomando a perspectiva positiva na ind\u00fastria brasileira, principalmente por d\u00favidas quanto \u00e0 pol\u00edtica econ\u00f4mica e fiscal do pa\u00eds e problemas estruturais enfrentados pelo segmento.\u00a0<\/p>\n<p>\u201cOs principais problemas que v\u00eam afetando os empres\u00e1rios s\u00e3o problemas como elevada carga tribut\u00e1ria, que j\u00e1 n\u00e3o \u00e9 um problema recente, os juros elevados, a demanda interna, que \u00e9 considerada insuficiente, e a dificuldade por conta da falta ou alto custo da m\u00e3o de obra, seja ela qualificada ou n\u00e3o\u201d, afirma a especialista.<\/p>\n<p>Segundo Samuel Dourado, economista especialista em macroeconomia, os desafios do empresariado internamente se somam a incertezas no mercado externo, como a taxa Selic no patamar mais alto dos \u00faltimos 20 anos e o aumento do protecionismo nacionalista.\u00a0<\/p>\n<p>\u201cHoje voc\u00ea tem uma pol\u00edtica monet\u00e1ria no Brasil extremamente contracionista e os juros altos; acaba desincentivando decis\u00f5es de investimento industriais. Voc\u00ea tem uma incerteza externa, principalmente causada pelo tarifa\u00e7o, por um ambiente macroecon\u00f4mico fora do Brasil extremamente desafiador. Mesmo com a melhoria ali de curto prazo, com o c\u00e2mbio reduzindo, voc\u00ea ainda tem um custo cambial relevante para a ind\u00fastria\u201d, destaca Dourado.<\/p>\n<p>S\u00e3o por esses fatores que, desde janeiro deste ano, o ICEI est\u00e1 abaixo dos 50 pontos. Ou seja, h\u00e1 11 meses o empresariado do setor industrial demonstra desconfian\u00e7a com o cen\u00e1rio de neg\u00f3cios.\u00a0<\/p>\n<h2>Condi\u00e7\u00f5es e expectativas<\/h2>\n<p>Ainda abaixo dos 50 pontos, o \u00edndice de condi\u00e7\u00f5es segue mostrando melhora. Saiu de 43,2 pontos em outubro para 44,3, o mesmo 1,1 ponto do ICEI. Ou seja, o cen\u00e1rio atual ainda \u00e9 desmotivador. Mas o crescimento de 1,3 ponto do \u00edndice de expectativa, que atingiu n\u00edvel otimista com 50,4 pontos, indica que os industriais t\u00eam confian\u00e7a na melhoria do panorama nos pr\u00f3ximos 6 meses.<\/p>\n<p>\u201cA avalia\u00e7\u00e3o dos empres\u00e1rios com rela\u00e7\u00e3o \u00e0s expectativas para a empresa est\u00e3o acima de 50 pontos, ent\u00e3o est\u00e3o mostrando confian\u00e7a, mas a leitura dos empres\u00e1rios com rela\u00e7\u00e3o \u00e0 economia brasileira segue abaixo de 50 pontos, indicando uma leitura mais cr\u00edtica com rela\u00e7\u00e3o \u00e0 situa\u00e7\u00e3o da economia brasileira para os pr\u00f3ximos meses\u201d, avalia Nocko.<\/p>\n<h2>O ICEI<\/h2>\n<p>O levantamento contou com a contribui\u00e7\u00e3o de 1.151 empresas entre os dias 3 e 7 de novembro. Desse total, 459 s\u00e3o companhias de pequeno porte, 415 de m\u00e9dio porte e 277 de grande porte.<br \/>\n\u00a0<\/p>\n<p>\t\t\t\t\t\t\t\t\t\t<img loading=\"lazy\" decoding=\"async\" src=\"https:\/\/brasil61.com\/api\/v1\/serve_pixel\/17677\/85873\" alt=\"Pixel Brasil 61\" class=\"b61_pixel\" width=\"0\" height=\"0\"><\/p>\n<input type=\"hidden\" id=\"baseurl\" value=\"https:\/\/noticiasdestaque.com.br\"><input type=\"hidden\" id=\"audio_nonce\" value=\"6a24ca502e\">","protected":false},"excerpt":{"rendered":"<p>Eleva\u00e7\u00e3o de 1,1 ponto em novembro leva \u00cdndice de Confian\u00e7a do Empres\u00e1rio Industrial a 48,3 pontos, mas segue em n\u00edvel de pessimismo<\/p>\n","protected":false},"author":1,"featured_media":47635,"comment_status":"open","ping_status":"open","sticky":false,"template":"","format":"standard","meta":{"fifu_image_url":"","fifu_image_alt":"","footnotes":""},"categories":[59],"tags":[],"class_list":["post-47634","post","type-post","status-publish","format-standard","has-post-thumbnail","hentry","category-economia"],"distributor_meta":false,"distributor_terms":false,"distributor_media":false,"distributor_original_site_name":"Noticias em Destaque","distributor_original_site_url":"https:\/\/noticiasdestaque.com.br","push-errors":false,"_links":{"self":[{"href":"https:\/\/noticiasdestaque.com.br\/index.php\/wp-json\/wp\/v2\/posts\/47634","targetHints":{"allow":["GET"]}}],"collection":[{"href":"https:\/\/noticiasdestaque.com.br\/index.php\/wp-json\/wp\/v2\/posts"}],"about":[{"href":"https:\/\/noticiasdestaque.com.br\/index.php\/wp-json\/wp\/v2\/types\/post"}],"author":[{"embeddable":true,"href":"https:\/\/noticiasdestaque.com.br\/index.php\/wp-json\/wp\/v2\/users\/1"}],"replies":[{"embeddable":true,"href":"https:\/\/noticiasdestaque.com.br\/index.php\/wp-json\/wp\/v2\/comments?post=47634"}],"version-history":[{"count":0,"href":"https:\/\/noticiasdestaque.com.br\/index.php\/wp-json\/wp\/v2\/posts\/47634\/revisions"}],"wp:featuredmedia":[{"embeddable":true,"href":"https:\/\/noticiasdestaque.com.br\/index.php\/wp-json\/wp\/v2\/media\/47635"}],"wp:attachment":[{"href":"https:\/\/noticiasdestaque.com.br\/index.php\/wp-json\/wp\/v2\/media?parent=47634"}],"wp:term":[{"taxonomy":"category","embeddable":true,"href":"https:\/\/noticiasdestaque.com.br\/index.php\/wp-json\/wp\/v2\/categories?post=47634"},{"taxonomy":"post_tag","embeddable":true,"href":"https:\/\/noticiasdestaque.com.br\/index.php\/wp-json\/wp\/v2\/tags?post=47634"}],"curies":[{"name":"wp","href":"https:\/\/api.w.org\/{rel}","templated":true}]}}