{"id":47610,"date":"2025-11-15T18:40:00","date_gmt":"2025-11-15T21:40:00","guid":{"rendered":"https:\/\/noticiasdestaque.com.br\/index.php\/2025\/11\/15\/previsao-do-tempo-granizo-atinge-os-tres-estados-do-sul-neste-domingo-16\/"},"modified":"2025-11-15T18:40:00","modified_gmt":"2025-11-15T21:40:00","slug":"previsao-do-tempo-granizo-atinge-os-tres-estados-do-sul-neste-domingo-16","status":"publish","type":"post","link":"https:\/\/noticiasdestaque.com.br\/index.php\/2025\/11\/15\/previsao-do-tempo-granizo-atinge-os-tres-estados-do-sul-neste-domingo-16\/","title":{"rendered":"PREVIS\u00c3O DO TEMPO: Granizo atinge os tr\u00eas estados do Sul neste domingo (16)"},"content":{"rendered":"<p>\t\t\t\t\t\t\t\t\t\t\t<audio controls class=\"b61_audio_player\" data-noticia=\"85850\" src=\"https:\/\/brasil61.com\/rails\/active_storage\/blobs\/eyJfcmFpbHMiOnsibWVzc2FnZSI6IkJBaHBBOXkvQXc9PSIsImV4cCI6bnVsbCwicHVyIjoiYmxvYl9pZCJ9fQ==--fc1374f37cf37ab1dbc6e72b324639aaf4f11dc6\/PTRS254133A\"><\/audio><\/p>\n<p>A previs\u00e3o do tempo para este domingo indica condi\u00e7\u00f5es severas nos tr\u00eas estados da Regi\u00e3o Sul, com possibilidade de <strong>granizo<\/strong> em \u00e1reas amplas.<\/p>\n<\/p>\n<p>No Paran\u00e1, chove com intensidade ao longo de todo o estado. As regi\u00f5es que v\u00e3o de Paranava\u00ed at\u00e9 Pato Branco devem sentir os efeitos mais fortes da instabilidade.<\/p>\n<p>Em Santa Catarina, o cen\u00e1rio \u00e9 semelhante: h\u00e1 risco de <strong>granizo<\/strong> em diversas \u00e1reas, especialmente nos munic\u00edpios que v\u00e3o de Barra Bonita at\u00e9 Bom Jesus, onde a chuva se torna mais intensa.<\/p>\n<p>J\u00e1 no Rio Grande do Sul, praticamente todo o estado pode ser afetado pela <strong>queda de granizo<\/strong>, desde o sudoeste at\u00e9 o centro e centro-leste, com alta probabilidade de pancadas fortes e tempo severo.<\/p>\n<p>Entre as capitais, a temperatura m\u00ednima prevista \u00e9 de 16\u00b0C, em Curitiba. J\u00e1 a m\u00e1xima deve atingir at\u00e9 32\u00b0C, em Porto Alegre. A umidade relativa do ar varia entre 60% e 100%.<\/p>\n<h2>O QUE \u00c9 GRANIZO?\u00a0<\/h2>\n<p>Precipita\u00e7\u00e3o originada de nuvens convectivas, sobretudo <em>cumulonimbus<\/em>, que atinge o solo em forma de esferas ou fragmentos irregulares de gelo. Quando o di\u00e2metro das part\u00edculas \u00e9 \u2265 5 mm, classificam-se como granizo; part\u00edculas menores s\u00e3o classificadas como granizo mi\u00fado e\/ou neve granulada (graupel). Em boletins METAR, utiliza-se \u2018GR\u2019 para granizo e \u2018GS\u2019 para granizo mi\u00fado\/neve granulada. Unidades isoladas s\u00e3o chamadas de \u2018pedras de granizo\u2019.<\/p>\n<h2>5 motivos para acompanhar as previs\u00f5es do tempo<\/h2>\n<ul>\n<li>Agricultura: garantia de uma boa colheita;<\/li>\n<li>Marinha: prote\u00e7\u00e3o de marinheiros, navios e passageiros;<\/li>\n<li>Aeron\u00e1utica: seguran\u00e7a de pilotos, aeronaves e passageiros;<\/li>\n<li>Pesca: condi\u00e7\u00f5es favor\u00e1veis e seguras para a atividade;<\/li>\n<li>Turismo: garantia de passeios e viagens tranquilas e agrad\u00e1veis.<\/li>\n<\/ul>\n<h2>Import\u00e2ncia das observa\u00e7\u00f5es meteorol\u00f3gicas no INMET<\/h2>\n<p>As observa\u00e7\u00f5es meteorol\u00f3gicas do <a href=\"https:\/\/portal.inmet.gov.br\/\">INMET<\/a> s\u00e3o essenciais para previs\u00f5es em tempo real, estat\u00edsticas clim\u00e1ticas e coopera\u00e7\u00e3o internacional. Esses dados precisos ajudam a estudar o clima passado e a produzir Normais Climatol\u00f3gicas conforme a Organiza\u00e7\u00e3o Meteorol\u00f3gica Mundial (<a href=\"https:\/\/worldweather.wmo.int\/pt\/home.html\">OMM<\/a>).<\/p>\n<p>As informa\u00e7\u00f5es s\u00e3o do Instituto Nacional de Meteorologia (<a href=\"https:\/\/portal.inmet.gov.br\/\">Inmet<\/a>).<br \/>\n\u00a0<\/p>\n<p>\t\t\t\t\t\t\t\t\t\t<img loading=\"lazy\" decoding=\"async\" src=\"https:\/\/brasil61.com\/api\/v1\/serve_pixel\/17677\/85850\" alt=\"Pixel Brasil 61\" class=\"b61_pixel\" width=\"0\" height=\"0\"><\/p>\n<input type=\"hidden\" id=\"baseurl\" value=\"https:\/\/noticiasdestaque.com.br\"><input type=\"hidden\" id=\"audio_nonce\" value=\"6f73a554f1\">","protected":false},"excerpt":{"rendered":"<p>Em Santa Catarina h\u00e1 risco de granizo em diversas \u00e1reas, especialmente nos munic\u00edpios que v\u00e3o de Barra Bonita at\u00e9 Bom Jesus, onde a chuva se torna mais intensa<\/p>\n","protected":false},"author":1,"featured_media":47611,"comment_status":"open","ping_status":"open","sticky":false,"template":"","format":"standard","meta":{"fifu_image_url":"","fifu_image_alt":"","footnotes":""},"categories":[58],"tags":[],"class_list":["post-47610","post","type-post","status-publish","format-standard","has-post-thumbnail","hentry","category-cotidiano"],"distributor_meta":false,"distributor_terms":false,"distributor_media":false,"distributor_original_site_name":"Noticias em Destaque","distributor_original_site_url":"https:\/\/noticiasdestaque.com.br","push-errors":false,"_links":{"self":[{"href":"https:\/\/noticiasdestaque.com.br\/index.php\/wp-json\/wp\/v2\/posts\/47610","targetHints":{"allow":["GET"]}}],"collection":[{"href":"https:\/\/noticiasdestaque.com.br\/index.php\/wp-json\/wp\/v2\/posts"}],"about":[{"href":"https:\/\/noticiasdestaque.com.br\/index.php\/wp-json\/wp\/v2\/types\/post"}],"author":[{"embeddable":true,"href":"https:\/\/noticiasdestaque.com.br\/index.php\/wp-json\/wp\/v2\/users\/1"}],"replies":[{"embeddable":true,"href":"https:\/\/noticiasdestaque.com.br\/index.php\/wp-json\/wp\/v2\/comments?post=47610"}],"version-history":[{"count":0,"href":"https:\/\/noticiasdestaque.com.br\/index.php\/wp-json\/wp\/v2\/posts\/47610\/revisions"}],"wp:featuredmedia":[{"embeddable":true,"href":"https:\/\/noticiasdestaque.com.br\/index.php\/wp-json\/wp\/v2\/media\/47611"}],"wp:attachment":[{"href":"https:\/\/noticiasdestaque.com.br\/index.php\/wp-json\/wp\/v2\/media?parent=47610"}],"wp:term":[{"taxonomy":"category","embeddable":true,"href":"https:\/\/noticiasdestaque.com.br\/index.php\/wp-json\/wp\/v2\/categories?post=47610"},{"taxonomy":"post_tag","embeddable":true,"href":"https:\/\/noticiasdestaque.com.br\/index.php\/wp-json\/wp\/v2\/tags?post=47610"}],"curies":[{"name":"wp","href":"https:\/\/api.w.org\/{rel}","templated":true}]}}