{"id":47604,"date":"2025-11-15T18:10:00","date_gmt":"2025-11-15T21:10:00","guid":{"rendered":"https:\/\/noticiasdestaque.com.br\/index.php\/2025\/11\/15\/previsao-do-tempo-tempo-instavel-marca-o-norte-neste-domingo-16\/"},"modified":"2025-11-15T18:10:00","modified_gmt":"2025-11-15T21:10:00","slug":"previsao-do-tempo-tempo-instavel-marca-o-norte-neste-domingo-16","status":"publish","type":"post","link":"https:\/\/noticiasdestaque.com.br\/index.php\/2025\/11\/15\/previsao-do-tempo-tempo-instavel-marca-o-norte-neste-domingo-16\/","title":{"rendered":"PREVIS\u00c3O DO TEMPO: Tempo inst\u00e1vel marca o Norte neste domingo (16)"},"content":{"rendered":"<p>\t\t\t\t\t\t\t\t\t\t\t<audio controls class=\"b61_audio_player\" data-noticia=\"85851\" src=\"https:\/\/brasil61.com\/rails\/active_storage\/blobs\/eyJfcmFpbHMiOnsibWVzc2FnZSI6IkJBaHBBOXUvQXc9PSIsImV4cCI6bnVsbCwicHVyIjoiYmxvYl9pZCJ9fQ==--253ee40fa05e0282981d5a68dbc9bcc75c370c4d\/PTRN254614A\"><\/audio><\/p>\n<p>\u00a0<\/p>\n<\/p>\n<p>O domingo ser\u00e1 marcado por instabilidade em praticamente toda a Regi\u00e3o Norte. A presen\u00e7a de nuvens carregadas mant\u00e9m o risco de chuva forte e pancadas ao longo do dia, especialmente nos estados mais ao oeste da regi\u00e3o.<\/p>\n<p>No Acre, a previs\u00e3o indica c\u00e9u nublado com pancadas de chuva a qualquer hora. O mesmo cen\u00e1rio se repete em Rond\u00f4nia, onde as nuvens mais pesadas persistem durante o dia e a chuva pode vir acompanhada de rajadas de vento.<\/p>\n<p>No Amazonas, o tempo segue bastante fechado. As pancadas de chuva atingem grande parte do estado, inclusive \u00e1reas centrais e do norte amazonense. Em Roraima, o domingo tamb\u00e9m ser\u00e1 de muitas nuvens e chuva, com possibilidade de acumulados localmente elevados.<\/p>\n<p>No Par\u00e1 e no Amap\u00e1, o dia ter\u00e1 varia\u00e7\u00e3o de nebulosidade, com per\u00edodos de sol intercalados por pancadas de chuva, especialmente nas \u00e1reas litor\u00e2neas e no norte paraense.<\/p>\n<p>J\u00e1 no Tocantins, embora algumas \u00e1reas apare\u00e7am com maior estabilidade, ainda pode chover em pontos isolados, com tend\u00eancia de tempo parcialmente nublado.<\/p>\n<p>Entre as capitais, a temperatura m\u00ednima prevista \u00e9 de 22\u00b0C, em Rio branco. J\u00e1 a m\u00e1xima pode chegar a 38\u00b0C, em Palmas. A umidade relativa do ar varia entre 55% e 100%.<\/p>\n<h2>5 motivos para acompanhar as previs\u00f5es do tempo<\/h2>\n<ul>\n<li>Agricultura: garantia de uma boa colheita;<\/li>\n<li>Marinha: prote\u00e7\u00e3o de marinheiros, navios e passageiros;<\/li>\n<li>Aeron\u00e1utica: seguran\u00e7a de pilotos, aeronaves e passageiros;<\/li>\n<li>Pesca: condi\u00e7\u00f5es favor\u00e1veis e seguras para a atividade;<\/li>\n<li>Turismo: garantia de passeios e viagens tranquilas e agrad\u00e1veis.<\/li>\n<\/ul>\n<h2>Import\u00e2ncia das observa\u00e7\u00f5es meteorol\u00f3gicas no INMET<\/h2>\n<p>As observa\u00e7\u00f5es meteorol\u00f3gicas do <a href=\"https:\/\/portal.inmet.gov.br\/\">INMET<\/a> s\u00e3o essenciais para previs\u00f5es em tempo real, estat\u00edsticas clim\u00e1ticas e coopera\u00e7\u00e3o internacional. Esses dados precisos ajudam a estudar o clima passado e a produzir Normais Climatol\u00f3gicas conforme a Organiza\u00e7\u00e3o Meteorol\u00f3gica Mundial (<a href=\"https:\/\/worldweather.wmo.int\/pt\/home.html\">OMM<\/a>).<\/p>\n<p>As informa\u00e7\u00f5es s\u00e3o do Instituto Nacional de Meteorologia (<a href=\"https:\/\/portal.inmet.gov.br\/\">Inmet<\/a>).<br \/>\n\u00a0<\/p>\n<p>\t\t\t\t\t\t\t\t\t\t<img loading=\"lazy\" decoding=\"async\" src=\"https:\/\/brasil61.com\/api\/v1\/serve_pixel\/17677\/85851\" alt=\"Pixel Brasil 61\" class=\"b61_pixel\" width=\"0\" height=\"0\"><\/p>\n<input type=\"hidden\" id=\"baseurl\" value=\"https:\/\/noticiasdestaque.com.br\"><input type=\"hidden\" id=\"audio_nonce\" value=\"6f73a554f1\">","protected":false},"excerpt":{"rendered":"<p>No Par\u00e1 e no Amap\u00e1, o dia ter\u00e1 varia\u00e7\u00e3o de nebulosidade, com per\u00edodos de sol intercalados por pancadas de chuva, especialmente nas \u00e1reas litor\u00e2neas e no norte paraense<\/p>\n","protected":false},"author":1,"featured_media":47605,"comment_status":"open","ping_status":"open","sticky":false,"template":"","format":"standard","meta":{"fifu_image_url":"","fifu_image_alt":"","footnotes":""},"categories":[58],"tags":[],"class_list":["post-47604","post","type-post","status-publish","format-standard","has-post-thumbnail","hentry","category-cotidiano"],"distributor_meta":false,"distributor_terms":false,"distributor_media":false,"distributor_original_site_name":"Noticias em Destaque","distributor_original_site_url":"https:\/\/noticiasdestaque.com.br","push-errors":false,"_links":{"self":[{"href":"https:\/\/noticiasdestaque.com.br\/index.php\/wp-json\/wp\/v2\/posts\/47604","targetHints":{"allow":["GET"]}}],"collection":[{"href":"https:\/\/noticiasdestaque.com.br\/index.php\/wp-json\/wp\/v2\/posts"}],"about":[{"href":"https:\/\/noticiasdestaque.com.br\/index.php\/wp-json\/wp\/v2\/types\/post"}],"author":[{"embeddable":true,"href":"https:\/\/noticiasdestaque.com.br\/index.php\/wp-json\/wp\/v2\/users\/1"}],"replies":[{"embeddable":true,"href":"https:\/\/noticiasdestaque.com.br\/index.php\/wp-json\/wp\/v2\/comments?post=47604"}],"version-history":[{"count":0,"href":"https:\/\/noticiasdestaque.com.br\/index.php\/wp-json\/wp\/v2\/posts\/47604\/revisions"}],"wp:featuredmedia":[{"embeddable":true,"href":"https:\/\/noticiasdestaque.com.br\/index.php\/wp-json\/wp\/v2\/media\/47605"}],"wp:attachment":[{"href":"https:\/\/noticiasdestaque.com.br\/index.php\/wp-json\/wp\/v2\/media?parent=47604"}],"wp:term":[{"taxonomy":"category","embeddable":true,"href":"https:\/\/noticiasdestaque.com.br\/index.php\/wp-json\/wp\/v2\/categories?post=47604"},{"taxonomy":"post_tag","embeddable":true,"href":"https:\/\/noticiasdestaque.com.br\/index.php\/wp-json\/wp\/v2\/tags?post=47604"}],"curies":[{"name":"wp","href":"https:\/\/api.w.org\/{rel}","templated":true}]}}