{"id":47594,"date":"2025-11-15T04:55:00","date_gmt":"2025-11-15T07:55:00","guid":{"rendered":"https:\/\/noticiasdestaque.com.br\/index.php\/2025\/11\/15\/gasto-brasil-gastos-publicos-superam-r-45-trilhoes-em-2025-e-pressionam-debate-sobre-ajuste-fiscal\/"},"modified":"2025-11-17T22:07:17","modified_gmt":"2025-11-18T01:07:17","slug":"gasto-brasil-gastos-publicos-superam-r-45-trilhoes-em-2025-e-pressionam-debate-sobre-ajuste-fiscal","status":"publish","type":"post","link":"https:\/\/noticiasdestaque.com.br\/index.php\/2025\/11\/15\/gasto-brasil-gastos-publicos-superam-r-45-trilhoes-em-2025-e-pressionam-debate-sobre-ajuste-fiscal\/","title":{"rendered":"Gasto Brasil: Gastos p\u00fablicos superam R$ 4,5 trilh\u00f5es em 2025 e pressionam debate sobre ajuste fiscal"},"content":{"rendered":"<p>\t\t\t\t\t\t\t\t\t\t<audio controls class=\"b61_audio_player\" data-noticia=\"85865\" src=\"https:\/\/brasil61.com\/rails\/active_storage\/blobs\/eyJfcmFpbHMiOnsibWVzc2FnZSI6IkJBaHBBOHUvQXc9PSIsImV4cCI6bnVsbCwicHVyIjoiYmxvYl9pZCJ9fQ==--c9fa3543e921a28862a5f8f3c0bc11ac161e76b7\/CACB250084A\"><\/audio><\/p>\n<p>At\u00e9 agora, em 2025, <strong>o Brasil j\u00e1 gastou R$ 4,5 trilh\u00f5es em despesas prim\u00e1rias da Uni\u00e3o, estados, munic\u00edpios e DF.<\/strong> A escalada de gastos \u00e9 mostrada em tempo real pela plataforma <a href=\"https:\/\/gastobrasil.com.br\/\" target=\"_blank\">Gasto Brasil<\/a>, da <a href=\"https:\/\/cacb.org.br\/\" target=\"_blank\">Confedera\u00e7\u00e3o das Associa\u00e7\u00f5es Comerciais e Empresariais do Brasil (CACB)<\/a>, desenvolvida em parceria com a<a href=\"https:\/\/acsp.com.br\/\" target=\"_blank\"> Associa\u00e7\u00e3o Comercial e Empresarial de S\u00e3o Paulo (ACSP).\u00a0<\/a><\/p>\n<p>Com os gastos em alta e sem sinal de desacelera\u00e7\u00e3o, o diretor-executivo da <a href=\"https:\/\/www12.senado.leg.br\/ifi\/relatorio-de-acompanhamento-fiscal\" target=\"_blank\">Institui\u00e7\u00e3o Fiscal Independente (IFI) <\/a>do Senado Federal, Marcus Pestana, analisa que o panorama atual de desequil\u00edbrio fiscal \u00e9 \u201cinsustent\u00e1vel\u201d a m\u00e9dio e longo prazo. \u201cO grande desafio do Brasil \u00e9 no terreno fiscal. \u00c9 preciso que a sociedade, os tr\u00eas poderes, os munic\u00edpios, os estados e a Uni\u00e3o discutam um novo pacto fiscal, porque a trajet\u00f3ria atual \u00e9 insustent\u00e1vel.\u201d<\/p>\n<p>A plataforma Gasto Brasil aponta que a <strong>Previd\u00eancia Social sozinha j\u00e1 consumiu R$ 1,2 trilh\u00e3o neste ano.<\/strong> \u201cAs despesas obrigat\u00f3rias est\u00e3o crescendo num ritmo acelerado e autom\u00e1tico. Previd\u00eancia, benef\u00edcio de presta\u00e7\u00e3o continuada, aux\u00edlio-desemprego, abono salarial, como tamb\u00e9m as verbas vinculadas \u00e0 educa\u00e7\u00e3o e sa\u00fade \u2013 nem sempre respeitando o limite do crescimento da receita, ou seja, do dinheiro dispon\u00edvel\u201d, avalia Pestana.<\/p>\n<h2>Impactos: setor produtivo e gera\u00e7\u00e3o de empregos\u00a0<\/h2>\n<p>O vice-presidente Jur\u00eddico da CACB, Anderson Trautman, alerta que <strong>o aumento do gasto p\u00fablico e da carga tribut\u00e1ria pressiona o setor produtivo e afeta diretamente a gera\u00e7\u00e3o de empregos.<\/strong> \u201cInfelizmente, o \u00f4nus tribut\u00e1rio cresce \u00e0 medida que, obviamente, h\u00e1 um descontrole do gasto p\u00fablico. Se f\u00f4ssemos mais eficientes, precisar\u00edamos de um custo tribut\u00e1rio menor. Ocorre o inverso. Isso est\u00e1 trazendo para o setor produtivo um \u00f4nus que, em algum momento, se torna excessivo, inclusive, para a manuten\u00e7\u00e3o dos neg\u00f3cios no Brasil. Isso n\u00e3o est\u00e1 distante de ocorrer e v\u00e1rios setores t\u00eam sinalizado nesse sentido\u201d, salienta Trautman.<\/p>\n<p>Ele tamb\u00e9m destaca a crescente<strong> dificuldade das empresas em contratar m\u00e3o de obra qualificada<\/strong>. \u201c\u00c9 fundamental que tenhamos a melhor pol\u00edtica social que podemos ter no Brasil, a gera\u00e7\u00e3o de emprego. Infelizmente, estamos tendo cada vez mais dificuldade no setor produtivo de obten\u00e7\u00e3o de m\u00e3o de obra.\u201d<\/p>\n<p>J\u00e1 Marcus Pestana destaca que o <strong>cen\u00e1rio de despesas crescentes afeta a confian\u00e7a do mercado e o empresariado do pa\u00eds.<\/strong> \u201cO investidor quer seguran\u00e7a, regras claras, estabilidade institucional, olhar para o futuro do pa\u00eds e enxergar que o investimento dele vai ter um solo f\u00e9rtil para se multiplicar em resultados. Essa confian\u00e7a se esbo\u00e7a reagindo a um cen\u00e1rio fact\u00edvel, s\u00f3lido, com regras fiscais que deem seguran\u00e7a de que n\u00e3o vai se perder o fio da meada e que a coisa n\u00e3o vai degringolar\u201d, diz.<\/p>\n<h2>Reforma administrativa<\/h2>\n<p>Na avalia\u00e7\u00e3o de Pestana, o<strong> desempenho econ\u00f4mico do pa\u00eds n\u00e3o \u00e9 ruim em aspectos como n\u00edvel de desemprego, balan\u00e7a comercial e reservas internacionais. <\/strong>O problema est\u00e1 na falta de controle nos gastos p\u00fablicos. \u201cO governo tem que disciplinar seus gastos para n\u00e3o pressionar a taxa de juros, para n\u00e3o precisar se endividar tanto e permitir que a economia funcione bem e que os investidores confiem e venham para o Brasil.\u201d<\/p>\n<p>Para Pestana, a<strong> fragilidade fiscal do pa\u00eds precisa de uma reforma na \u00e1rea<\/strong>, al\u00e9m de unir uma s\u00e9rie de medidas que promovam o desenvolvimento do pa\u00eds.<\/p>\n<p><strong>Confira medidas que Marcus Pestana, da\u00a0IFI, considera fundamentais para reequilibrar as contas p\u00fablicas:<\/strong><\/p>\n<ul>\n<li>Diminuir incentivos e despesas tribut\u00e1rias;<\/li>\n<li>Revisitar aspectos da previd\u00eancia;<\/li>\n<li>Fazer uma reforma administrativa;<\/li>\n<li>Interromper as vincula\u00e7\u00f5es e as indexa\u00e7\u00f5es or\u00e7ament\u00e1rias.<\/li>\n<\/ul>\n<p>Anderson Trautman tamb\u00e9m destaca a<strong> necessidade de mudan\u00e7as administrativas para estimular o desenvolvimento do pa\u00eds<\/strong>, bem como a melhoria na gest\u00e3o das despesas.\u00a0<br \/>\n\u201cPrecisamos de uma reforma administrativa que traga o melhor equil\u00edbrio e uma maior efici\u00eancia para o gasto p\u00fablico. N\u00f3s estamos vendo uma s\u00e9rie de mudan\u00e7as tribut\u00e1rias e todas elas trazendo impactos significativos\u201d, lembra.<\/p>\n<p>Trautman aponta, ainda, que as<strong> mudan\u00e7as s\u00e3o urgentes para garantir a redu\u00e7\u00e3o da carga tribut\u00e1ria para o setor produtivo e resultados melhores no ano que vem.<\/strong><\/p>\n<p>\u201c\u00c9 urgente uma reforma administrativa que possibilite uma redu\u00e7\u00e3o do gasto p\u00fablico ou uma efici\u00eancia melhor no gasto p\u00fablico para que n\u00f3s tenhamos a possibilidade de um alento na carga tribut\u00e1ria. N\u00e3o estou falando nem de uma redu\u00e7\u00e3o imediata, mas de um alento nas medidas que s\u00e3o incessantes no sentido da eleva\u00e7\u00e3o da carga tribut\u00e1ria, como vimos ao longo de todo 2025. Termos isso de novo ao longo do ano de 2026, mais uma vez trar\u00e1, sem d\u00favida alguma, um impacto na nossa economia\u201d, observa.<\/p>\n<h2>Gasto Brasil: Mecanismo de transpar\u00eancia e cobran\u00e7a<\/h2>\n<p>O Gasto Brasil busca ampliar a transpar\u00eancia das contas p\u00fablicas. A disponibiliza\u00e7\u00e3o dos montantes em tempo real permite que qualquer cidad\u00e3o acompanhe os valores aplicados pelo poder p\u00fablico.\u00a0<\/p>\n<p><strong>Para Alfredo Cotait, presidente da CACB, o Gasto Brasil \u00e9 uma ferramenta de transpar\u00eancia e monitoramento para o cidad\u00e3o.<\/strong>\u201cH\u00e1 20 anos n\u00f3s criamos o Impost\u00f4metro, que \u00e9 na verdade uma forma de voc\u00ea mostrar para a sociedade quanto n\u00f3s estamos pagando de impostos. Ent\u00e3o n\u00f3s criamos o Gasto Brasil, que \u00e9 uma ferramenta para que a popula\u00e7\u00e3o tomasse conhecimento de onde e como estavam sendo gastos as despesas da Uni\u00e3o, estados e munic\u00edpios.\u201d<\/p>\n<p>A <strong>plataforma apresenta os os gastos p\u00fablicos prim\u00e1rios no pa\u00eds, que englobam o Governo Federal, os Governos Estaduais (incluindo o Distrito Federal) e os Governos Municipais. Al\u00e9m de informa\u00e7\u00f5es sobre as despesas com pessoal por poderes, Executivo, Legislativo, Judici\u00e1rio, Minist\u00e9rio P\u00fablico e Defensoria P\u00fablica.<\/strong><\/p>\n<p>Os dados do Governo Federal referem-se, na pr\u00e1tica, aos n\u00fameros do Governo Central, que incluem tamb\u00e9m as despesas da autarquia Banco Central, tornando-o tecnicamente mais completo. As despesas do Governo Federal s\u00e3o classificadas em mais de 60 itens, agrupados em 28 categorias. Dentre essas, 11 categorias representam aproximadamente 96% do total das despesas. As duas maiores destas \u2013 Previd\u00eancia e Despesas com Pessoal e Encargos Sociais \u2013 correspondem a cerca de 60% do total. A soma destas duas despesas com os gastos com investimentos e com invers\u00f5es financeiras leva a um resultado de aproximadamente 65% do total.<\/p>\n<p>\t\t\t\t\t\t\t\t\t<img loading=\"lazy\" decoding=\"async\" src=\"https:\/\/brasil61.com\/api\/v1\/serve_pixel\/17677\/85865\" alt=\"Pixel Brasil 61\" class=\"b61_pixel\" width=\"0\" height=\"0\"><\/p>\n<input type=\"hidden\" id=\"baseurl\" value=\"https:\/\/noticiasdestaque.com.br\"><input type=\"hidden\" id=\"audio_nonce\" value=\"6a24ca502e\">","protected":false},"excerpt":{"rendered":"<p>CACB defende reforma administrativa; IFI alerta que cen\u00e1rio atual \u00e9 insustent\u00e1vel a m\u00e9dio e longo prazo <\/p>\n","protected":false},"author":1,"featured_media":47669,"comment_status":"open","ping_status":"open","sticky":false,"template":"","format":"standard","meta":{"fifu_image_url":"","fifu_image_alt":"","footnotes":""},"categories":[59],"tags":[],"class_list":["post-47594","post","type-post","status-publish","format-standard","has-post-thumbnail","hentry","category-economia"],"distributor_meta":false,"distributor_terms":false,"distributor_media":false,"distributor_original_site_name":"Noticias em Destaque","distributor_original_site_url":"https:\/\/noticiasdestaque.com.br","push-errors":false,"_links":{"self":[{"href":"https:\/\/noticiasdestaque.com.br\/index.php\/wp-json\/wp\/v2\/posts\/47594","targetHints":{"allow":["GET"]}}],"collection":[{"href":"https:\/\/noticiasdestaque.com.br\/index.php\/wp-json\/wp\/v2\/posts"}],"about":[{"href":"https:\/\/noticiasdestaque.com.br\/index.php\/wp-json\/wp\/v2\/types\/post"}],"author":[{"embeddable":true,"href":"https:\/\/noticiasdestaque.com.br\/index.php\/wp-json\/wp\/v2\/users\/1"}],"replies":[{"embeddable":true,"href":"https:\/\/noticiasdestaque.com.br\/index.php\/wp-json\/wp\/v2\/comments?post=47594"}],"version-history":[{"count":1,"href":"https:\/\/noticiasdestaque.com.br\/index.php\/wp-json\/wp\/v2\/posts\/47594\/revisions"}],"predecessor-version":[{"id":47668,"href":"https:\/\/noticiasdestaque.com.br\/index.php\/wp-json\/wp\/v2\/posts\/47594\/revisions\/47668"}],"wp:featuredmedia":[{"embeddable":true,"href":"https:\/\/noticiasdestaque.com.br\/index.php\/wp-json\/wp\/v2\/media\/47669"}],"wp:attachment":[{"href":"https:\/\/noticiasdestaque.com.br\/index.php\/wp-json\/wp\/v2\/media?parent=47594"}],"wp:term":[{"taxonomy":"category","embeddable":true,"href":"https:\/\/noticiasdestaque.com.br\/index.php\/wp-json\/wp\/v2\/categories?post=47594"},{"taxonomy":"post_tag","embeddable":true,"href":"https:\/\/noticiasdestaque.com.br\/index.php\/wp-json\/wp\/v2\/tags?post=47594"}],"curies":[{"name":"wp","href":"https:\/\/api.w.org\/{rel}","templated":true}]}}