{"id":47572,"date":"2025-11-14T18:20:00","date_gmt":"2025-11-14T21:20:00","guid":{"rendered":"https:\/\/noticiasdestaque.com.br\/index.php\/2025\/11\/14\/previsao-do-tempo-segunda-feira-17-com-pancadas-de-chuva-e-trovoadas-no-sudeste\/"},"modified":"2025-11-14T18:20:00","modified_gmt":"2025-11-14T21:20:00","slug":"previsao-do-tempo-segunda-feira-17-com-pancadas-de-chuva-e-trovoadas-no-sudeste","status":"publish","type":"post","link":"https:\/\/noticiasdestaque.com.br\/index.php\/2025\/11\/14\/previsao-do-tempo-segunda-feira-17-com-pancadas-de-chuva-e-trovoadas-no-sudeste\/","title":{"rendered":"PREVIS\u00c3O DO TEMPO: segunda-feira (17) com pancadas de chuva e trovoadas no Sudeste"},"content":{"rendered":"<p>\t\t\t\t\t\t\t\t\t\t\t<audio controls class=\"b61_audio_player\" data-noticia=\"85841\" src=\"https:\/\/brasil61.com\/rails\/active_storage\/blobs\/eyJfcmFpbHMiOnsibWVzc2FnZSI6IkJBaHBBN1cvQXc9PSIsImV4cCI6bnVsbCwicHVyIjoiYmxvYl9pZCJ9fQ==--f36f00f296ff2c3af0799ca8300495f64b77e29d\/PTSD254252A\"><\/audio><\/p>\n<div class=\"notice-content__show js-notice-expand js-permit-copy auto-height\" id=\"js-text-clipboard\">\n<p>A <strong>previs\u00e3o do tempo para a regi\u00e3o Sudeste <\/strong>do pa\u00eds, nesta <strong>segunda-feira (17)<\/strong>, \u00e9 de c\u00e9u com muitas nuvens e pancadas de chuva com trovoadas ao longo do dia.<\/p>\n<p>O <strong>Instituto Nacional de Meteorologia (Inmet) emitiu o alerta de perigo de tempestade, no per\u00edodo da manh\u00e3<\/strong>, atingindo sudoeste do estado de S\u00e3o Paulo, de Tr\u00eas Fronteiras a Itanha\u00e9m.<\/p>\n<p>No norte de Minas, em Montes Claros, e do Esp\u00edrito Santo, em Mateus, a previs\u00e3o \u00e9 de possibilidade de chuvas isoladas. No restante da regi\u00e3o, dominam as pancadas de chuva com trovoadas, atingindo todas as capitais sudestinas.\u00a0<\/p>\n<p>A possibilidade de queda de granizo afeta o oeste de S\u00e3o Paulo, nas Regi\u00f5es de Ara\u00e7atuba, Presidente Prudente, Mar\u00edlia a Assis.\u00a0\u00a0<\/p>\n<p>Entre as capitais, a temperatura <strong>m\u00ednima prevista \u00e9 de 18\u00b0C em S\u00e3o Paulo, Belo Horizonte e no Rio de Janeiro<\/strong>. J\u00e1 a <strong>m\u00e1xima pode chegar at\u00e9 31\u00b0C, tamb\u00e9m no Rio de Janeiro<\/strong>. A umidade relativa do ar varia entre <strong>30% e 100%<\/strong>.<\/p>\n<h2>O que \u00e9 granizo?<\/h2>\n<p>Precipita\u00e7\u00e3o originada de nuvens convectivas, sobretudo <em>cumulonimbus<\/em>, que atinge o solo em forma de esferas ou fragmentos irregulares de gelo. Quando o di\u00e2metro das part\u00edculas \u00e9 \u2265 5 mm, classificam-se como granizo; part\u00edculas menores s\u00e3o classificadas como granizo mi\u00fado e\/ou neve granulada (graupel). Em boletins METAR, utiliza-se \u2018GR\u2019 para granizo e \u2018GS\u2019 para granizo mi\u00fado\/neve granulada. Unidades isoladas s\u00e3o chamadas de \u2018pedras de granizo\u2019.<\/p>\n<\/div>\n<h2>5 motivos para acompanhar as previs\u00f5es do tempo<\/h2>\n<ul>\n<li>Agricultura: garantia de uma boa colheita;<\/li>\n<li>Marinha: prote\u00e7\u00e3o de marinheiros, navios e passageiros;<\/li>\n<li>Aeron\u00e1utica: seguran\u00e7a de pilotos, aeronaves e passageiros;<\/li>\n<li>Pesca: condi\u00e7\u00f5es favor\u00e1veis e seguras para a atividade;<\/li>\n<li>Turismo: garantia de passeios e viagens tranquilas e agrad\u00e1veis.<\/li>\n<\/ul>\n<h2>Import\u00e2ncia das observa\u00e7\u00f5es meteorol\u00f3gicas no INMET<\/h2>\n<p>As observa\u00e7\u00f5es meteorol\u00f3gicas do INMET s\u00e3o essenciais para previs\u00f5es em tempo real, estat\u00edsticas clim\u00e1ticas e coopera\u00e7\u00e3o internacional. Esses dados precisos ajudam a estudar o clima passado e a produzir Normais Climatol\u00f3gicas conforme a Organiza\u00e7\u00e3o Meteorol\u00f3gica Mundial (<a href=\"https:\/\/worldweather.wmo.int\/pt\/home.html\">OMM<\/a>).<\/p>\n<p>As informa\u00e7\u00f5es s\u00e3o do Instituto Nacional de Meteorologia (<a href=\"https:\/\/portal.inmet.gov.br\/\">Inmet<\/a>).<\/p>\n<p>\t\t\t\t\t\t\t\t\t\t<img loading=\"lazy\" decoding=\"async\" src=\"https:\/\/brasil61.com\/api\/v1\/serve_pixel\/17677\/85841\" alt=\"Pixel Brasil 61\" class=\"b61_pixel\" width=\"0\" height=\"0\"><\/p>\n<input type=\"hidden\" id=\"baseurl\" value=\"https:\/\/noticiasdestaque.com.br\"><input type=\"hidden\" id=\"audio_nonce\" value=\"6a24ca502e\">","protected":false},"excerpt":{"rendered":"<p>Inmet alerta para perigo de tempestade em S\u00e3o Paulo; temperaturas variam entre 18\u00b0C e 31\u00b0C<\/p>\n","protected":false},"author":1,"featured_media":47573,"comment_status":"open","ping_status":"open","sticky":false,"template":"","format":"standard","meta":{"fifu_image_url":"","fifu_image_alt":"","footnotes":""},"categories":[58],"tags":[],"class_list":["post-47572","post","type-post","status-publish","format-standard","has-post-thumbnail","hentry","category-cotidiano"],"distributor_meta":false,"distributor_terms":false,"distributor_media":false,"distributor_original_site_name":"Noticias em Destaque","distributor_original_site_url":"https:\/\/noticiasdestaque.com.br","push-errors":false,"_links":{"self":[{"href":"https:\/\/noticiasdestaque.com.br\/index.php\/wp-json\/wp\/v2\/posts\/47572","targetHints":{"allow":["GET"]}}],"collection":[{"href":"https:\/\/noticiasdestaque.com.br\/index.php\/wp-json\/wp\/v2\/posts"}],"about":[{"href":"https:\/\/noticiasdestaque.com.br\/index.php\/wp-json\/wp\/v2\/types\/post"}],"author":[{"embeddable":true,"href":"https:\/\/noticiasdestaque.com.br\/index.php\/wp-json\/wp\/v2\/users\/1"}],"replies":[{"embeddable":true,"href":"https:\/\/noticiasdestaque.com.br\/index.php\/wp-json\/wp\/v2\/comments?post=47572"}],"version-history":[{"count":0,"href":"https:\/\/noticiasdestaque.com.br\/index.php\/wp-json\/wp\/v2\/posts\/47572\/revisions"}],"wp:featuredmedia":[{"embeddable":true,"href":"https:\/\/noticiasdestaque.com.br\/index.php\/wp-json\/wp\/v2\/media\/47573"}],"wp:attachment":[{"href":"https:\/\/noticiasdestaque.com.br\/index.php\/wp-json\/wp\/v2\/media?parent=47572"}],"wp:term":[{"taxonomy":"category","embeddable":true,"href":"https:\/\/noticiasdestaque.com.br\/index.php\/wp-json\/wp\/v2\/categories?post=47572"},{"taxonomy":"post_tag","embeddable":true,"href":"https:\/\/noticiasdestaque.com.br\/index.php\/wp-json\/wp\/v2\/tags?post=47572"}],"curies":[{"name":"wp","href":"https:\/\/api.w.org\/{rel}","templated":true}]}}