{"id":47542,"date":"2025-11-13T20:30:00","date_gmt":"2025-11-13T23:30:00","guid":{"rendered":"https:\/\/noticiasdestaque.com.br\/index.php\/2025\/11\/13\/previsao-do-tempo-muitas-nuvens-e-chance-de-chuva-na-regiao-sul-nesta-sexta-feira-14\/"},"modified":"2025-11-13T20:30:00","modified_gmt":"2025-11-13T23:30:00","slug":"previsao-do-tempo-muitas-nuvens-e-chance-de-chuva-na-regiao-sul-nesta-sexta-feira-14","status":"publish","type":"post","link":"https:\/\/noticiasdestaque.com.br\/index.php\/2025\/11\/13\/previsao-do-tempo-muitas-nuvens-e-chance-de-chuva-na-regiao-sul-nesta-sexta-feira-14\/","title":{"rendered":"PREVIS\u00c3O DO TEMPO: Muitas nuvens e chance de chuva na Regi\u00e3o Sul nesta sexta-feira (14)"},"content":{"rendered":"<p>\t\t\t\t\t\t\t\t\t\t\t<audio controls class=\"b61_audio_player\" data-noticia=\"85818\" src=\"https:\/\/brasil61.com\/rails\/active_storage\/blobs\/eyJfcmFpbHMiOnsibWVzc2FnZSI6IkJBaHBBeEsvQXc9PSIsImV4cCI6bnVsbCwicHVyIjoiYmxvYl9pZCJ9fQ==--5605c77494326ce2a90e458cf37e311ecf615ebc\/PTRS254131A\"><\/audio><\/p>\n<p>A <strong>previs\u00e3o do tempo<\/strong> para o <strong>Sul<\/strong> do pa\u00eds, nesta <strong>sexta-feira (14)<\/strong>, indica c\u00e9u de <strong>muitas nuvens<\/strong> para toda a regi\u00e3o, exceto ao Sul do Rio Grande do Sul, com <strong>pancadas de chuva<\/strong> e <strong>trovoadas<\/strong> concentradas no Paran\u00e1.<\/p>\n<p>Pela <strong>manh\u00e3<\/strong>, a previs\u00e3o \u00e9 de <strong>muitas<\/strong> <strong>nuvens<\/strong> para toda a regi\u00e3o, exceto para o centro-sul do Rio Grande do Sul, com <strong>pancadas<\/strong> <strong>de<\/strong> <strong>chuva<\/strong> <strong>isoladas<\/strong> para todo o estado do Paran\u00e1, oeste e norte de Santa Catarina e extremo-nordeste do Rio Grande do Sul. No centro-oeste paranaense e extremo-noroeste catarinense, as <strong>pancadas<\/strong> <strong>de<\/strong> <strong>chuva<\/strong> devem vir <strong>acompanhadas<\/strong> de <strong>trovoadas<\/strong> <strong>isoladas<\/strong>.<\/p>\n<p>\u00c0 <strong>tarde<\/strong>, as <strong>chuvas<\/strong> <strong>tomam<\/strong> o estado de Santa Catarina, mas <strong>com<\/strong> <strong>menor<\/strong> <strong>intensidade<\/strong>. As <strong>pancadas<\/strong> <strong>de<\/strong> <strong>chuva<\/strong> <strong>com<\/strong> <strong>trovoadas<\/strong> <strong>cobrem<\/strong> todo o estado do Paran\u00e1. Essas <strong>condi\u00e7\u00f5es<\/strong> <strong>se<\/strong> <strong>mant\u00eam<\/strong> at\u00e9 a noite.<\/p>\n<p>O <b>Instituto Nacional de Meteorologia<\/b> (<a href=\"https:\/\/portal.inmet.gov.br\/\">Inmet<\/a>) emitiu alertas de<strong> perigo de tempestades<\/strong> para o centro-nordeste do Paran\u00e1, e de <strong>perigo potencial de tempestades<\/strong> para todo o estado do Paran\u00e1 e de Santa Catarina e para o norte do Rio Grande do Sul.<\/p>\n<p>Entre as <strong>capitais<\/strong>, a <strong>temperatura m\u00ednima<\/strong> prevista \u00e9 de <strong>16\u00b0C<\/strong>, em <strong>Curitiba<\/strong>. J\u00e1 a <strong>m\u00e1xima<\/strong> pode chegar at\u00e9 <strong>29\u00b0C<\/strong>, em <strong>Porto Alegre<\/strong>. A <strong>umidade relativa do ar<\/strong> varia entre <strong>50%<\/strong> e <strong>100%<\/strong>.<\/p>\n<p>\u00a0<\/p>\n<h2>5 motivos para acompanhar as previs\u00f5es do tempo<\/h2>\n<p>\u00a0<\/p>\n<ul>\n<li>Agricultura: garantia de uma boa colheita;<\/li>\n<li>Marinha: prote\u00e7\u00e3o de marinheiros, navios e passageiros;<\/li>\n<li>Aeron\u00e1utica: seguran\u00e7a de pilotos, aeronaves e passageiros;<\/li>\n<li>Pesca: condi\u00e7\u00f5es favor\u00e1veis e seguras para a atividade;<\/li>\n<li>Turismo: garantia de passeios e viagens tranquilas e agrad\u00e1veis.<\/li>\n<\/ul>\n<p>\u00a0<\/p>\n<h2>Import\u00e2ncia das observa\u00e7\u00f5es meteorol\u00f3gicas no INMET<\/h2>\n<p>\u00a0<\/p>\n<p>As observa\u00e7\u00f5es meteorol\u00f3gicas do INMET s\u00e3o essenciais para previs\u00f5es em tempo real, estat\u00edsticas clim\u00e1ticas e coopera\u00e7\u00e3o internacional. Esses dados precisos ajudam a estudar o clima passado e a produzir Normais Climatol\u00f3gicas conforme a Organiza\u00e7\u00e3o Meteorol\u00f3gica Mundial (<a href=\"https:\/\/worldweather.wmo.int\/pt\/home.html\">OMM<\/a>).<\/p>\n<p>\u00a0<\/p>\n<p>As informa\u00e7\u00f5es s\u00e3o do Instituto Nacional de Meteorologia (<a href=\"https:\/\/portal.inmet.gov.br\">Inmet<\/a>).<\/p>\n<p>\t\t\t\t\t\t\t\t\t\t<img loading=\"lazy\" decoding=\"async\" src=\"https:\/\/brasil61.com\/api\/v1\/serve_pixel\/17677\/85818\" alt=\"Pixel Brasil 61\" class=\"b61_pixel\" width=\"0\" height=\"0\"><\/p>\n<input type=\"hidden\" id=\"baseurl\" value=\"https:\/\/noticiasdestaque.com.br\"><input type=\"hidden\" id=\"audio_nonce\" value=\"6a24ca502e\">","protected":false},"excerpt":{"rendered":"<p>Chances de fortes chuvas, sobretudo ao norte da regi\u00e3o; temperaturas variam entre 16\u00b0C e 29\u00b0C<\/p>\n","protected":false},"author":1,"featured_media":47543,"comment_status":"open","ping_status":"open","sticky":false,"template":"","format":"standard","meta":{"fifu_image_url":"","fifu_image_alt":"","footnotes":""},"categories":[58],"tags":[],"class_list":["post-47542","post","type-post","status-publish","format-standard","has-post-thumbnail","hentry","category-cotidiano"],"distributor_meta":false,"distributor_terms":false,"distributor_media":false,"distributor_original_site_name":"Noticias em Destaque","distributor_original_site_url":"https:\/\/noticiasdestaque.com.br","push-errors":false,"_links":{"self":[{"href":"https:\/\/noticiasdestaque.com.br\/index.php\/wp-json\/wp\/v2\/posts\/47542","targetHints":{"allow":["GET"]}}],"collection":[{"href":"https:\/\/noticiasdestaque.com.br\/index.php\/wp-json\/wp\/v2\/posts"}],"about":[{"href":"https:\/\/noticiasdestaque.com.br\/index.php\/wp-json\/wp\/v2\/types\/post"}],"author":[{"embeddable":true,"href":"https:\/\/noticiasdestaque.com.br\/index.php\/wp-json\/wp\/v2\/users\/1"}],"replies":[{"embeddable":true,"href":"https:\/\/noticiasdestaque.com.br\/index.php\/wp-json\/wp\/v2\/comments?post=47542"}],"version-history":[{"count":0,"href":"https:\/\/noticiasdestaque.com.br\/index.php\/wp-json\/wp\/v2\/posts\/47542\/revisions"}],"wp:featuredmedia":[{"embeddable":true,"href":"https:\/\/noticiasdestaque.com.br\/index.php\/wp-json\/wp\/v2\/media\/47543"}],"wp:attachment":[{"href":"https:\/\/noticiasdestaque.com.br\/index.php\/wp-json\/wp\/v2\/media?parent=47542"}],"wp:term":[{"taxonomy":"category","embeddable":true,"href":"https:\/\/noticiasdestaque.com.br\/index.php\/wp-json\/wp\/v2\/categories?post=47542"},{"taxonomy":"post_tag","embeddable":true,"href":"https:\/\/noticiasdestaque.com.br\/index.php\/wp-json\/wp\/v2\/tags?post=47542"}],"curies":[{"name":"wp","href":"https:\/\/api.w.org\/{rel}","templated":true}]}}