{"id":4754,"date":"2022-11-16T19:07:09","date_gmt":"2022-11-16T23:07:09","guid":{"rendered":"https:\/\/www.diariofama.com.br\/2022\/11\/16\/presidente-do-stf-condena-hostilidade-contra-ministros-da-corte\/"},"modified":"2022-11-16T19:07:09","modified_gmt":"2022-11-16T23:07:09","slug":"presidente-do-stf-condena-hostilidade-contra-ministros-da-corte","status":"publish","type":"post","link":"https:\/\/noticiasdestaque.com.br\/index.php\/2022\/11\/16\/presidente-do-stf-condena-hostilidade-contra-ministros-da-corte\/","title":{"rendered":"Presidente do STF condena hostilidade contra ministros da Corte"},"content":{"rendered":"<style> bloco.meta {font-style: italic; color: #666;font-weight: 600;font-size: .8em; \/* line-height: .3em; *\/}  text h2 { font-weight: 700 !important;  color: #062f46 !important;} text img { width: none; left: none;}<\/style>\n<\/p>\n<p>A presidente do Supremo Tribunal Federal (STF), ministra Rosa Weber, voltou a condenar os ataques verbais sofridos por ministros da Corte durante confer\u00eancia realizada no \u00faltimo fim de semana em Nova York, nos Estados Unidos. <\/p>\n<p>Durante a abertura da sess\u00e3o de julgamento desta quarta-feira (16), a presidente reiterou nota \u00e0 imprensa, divulgada na segunda-feira (14), na qual afirmou que atos de intoler\u00e2ncia e viol\u00eancia moral contra qualquer cidad\u00e3o s\u00e3o incompat\u00edveis com a democracia.<\/p>\n<p>Em seu discurso, Rosa Weber afirmou que agress\u00f5es n\u00e3o est\u00e3o acobertadas pela liberdade de express\u00e3o. &#8220;A liberdade de express\u00e3o, em absoluto, abriga agress\u00f5es e manifesta\u00e7\u00f5es que incitem \u00f3dio e viol\u00eancia, inclusive moral&#8221;, disse. <\/p>\n<p>A ministra lembrou ainda que o Dia Internacional da Toler\u00e2ncia, proclamado pela Unesco, \u00e9 celebrado hoje, e afirmou que a toler\u00e2ncia sustenta a democracia e o Estado democr\u00e1tico de direito. <\/p>\n<p>&#8220;Toler\u00e2ncia n\u00e3o \u00e9 concess\u00e3o, condescend\u00eancia ou indulg\u00eancia. Antes de tudo \u00e9 uma atitude ativa de reconhecimento dos direitos humanos universais e das liberdades fundamentais dos outros. Em nenhum caso pode ser usada para justificar viola\u00e7\u00f5es desses valores fundamentais&#8221;, afirmou. <\/p>\n<p>Durante o <a href=\"https:\/\/agenciabrasil.ebc.com.br\/justica\/noticia\/2022-11\/presidente-do-tse-defende-eleicoes-e-cobra-leis-contra-milicia-digital\" target=\"_blank\" rel=\"noopener\">per\u00edodo em que estiveram nos Estados Unidos<\/a>, os ministros Gilmar Mendes, Ricardo Lewandowski, Lu\u00eds Roberto Barroso e Alexandre de Moraes, que tamb\u00e9m \u00e9 presidente do Tribunal Superior Eleitoral (TSE), foram alvo de xingamentos por manifestantes brasileiros. <\/p>\n<p>Os ministros participaram do evento privado Lide Brazil Conference.<\/p>\n<p class=\"alt-font font-italic my-2 small text-info\">\n                                                Edi\u00e7\u00e3o:   Maria Claudia                    <\/p>\n<p>            <!-- blog End --><\/p>\n<p>            <!-- tag and share --><\/p>\n<p> Fonte: EBC <\/p>\n<input type=\"hidden\" id=\"baseurl\" value=\"https:\/\/noticiasdestaque.com.br\"><input type=\"hidden\" id=\"audio_nonce\" value=\"62ca87eee3\">","protected":false},"excerpt":{"rendered":"<p>Ministros foram alvo de xingamentos no \u00faltimo fim de semana em NY<\/p>\n","protected":false},"author":1,"featured_media":4755,"comment_status":"open","ping_status":"open","sticky":false,"template":"","format":"standard","meta":{"fifu_image_url":"","fifu_image_alt":"","footnotes":""},"categories":[48],"tags":[],"class_list":["post-4754","post","type-post","status-publish","format-standard","has-post-thumbnail","hentry","category-mundo"],"distributor_meta":false,"distributor_terms":false,"distributor_media":false,"distributor_original_site_name":"Portal de Recupera\u00e7\u00e3o","distributor_original_site_url":"https:\/\/portalderecuperacao.com","push-errors":false,"_links":{"self":[{"href":"https:\/\/noticiasdestaque.com.br\/index.php\/wp-json\/wp\/v2\/posts\/4754","targetHints":{"allow":["GET"]}}],"collection":[{"href":"https:\/\/noticiasdestaque.com.br\/index.php\/wp-json\/wp\/v2\/posts"}],"about":[{"href":"https:\/\/noticiasdestaque.com.br\/index.php\/wp-json\/wp\/v2\/types\/post"}],"author":[{"embeddable":true,"href":"https:\/\/noticiasdestaque.com.br\/index.php\/wp-json\/wp\/v2\/users\/1"}],"replies":[{"embeddable":true,"href":"https:\/\/noticiasdestaque.com.br\/index.php\/wp-json\/wp\/v2\/comments?post=4754"}],"version-history":[{"count":0,"href":"https:\/\/noticiasdestaque.com.br\/index.php\/wp-json\/wp\/v2\/posts\/4754\/revisions"}],"wp:featuredmedia":[{"embeddable":true,"href":"https:\/\/noticiasdestaque.com.br\/index.php\/wp-json\/wp\/v2\/media\/4755"}],"wp:attachment":[{"href":"https:\/\/noticiasdestaque.com.br\/index.php\/wp-json\/wp\/v2\/media?parent=4754"}],"wp:term":[{"taxonomy":"category","embeddable":true,"href":"https:\/\/noticiasdestaque.com.br\/index.php\/wp-json\/wp\/v2\/categories?post=4754"},{"taxonomy":"post_tag","embeddable":true,"href":"https:\/\/noticiasdestaque.com.br\/index.php\/wp-json\/wp\/v2\/tags?post=4754"}],"curies":[{"name":"wp","href":"https:\/\/api.w.org\/{rel}","templated":true}]}}