{"id":47538,"date":"2025-11-13T20:20:00","date_gmt":"2025-11-13T23:20:00","guid":{"rendered":"https:\/\/noticiasdestaque.com.br\/index.php\/2025\/11\/13\/previsao-do-tempo-sexta-feira-14-de-muitas-nuvens-e-chuva-no-sudeste\/"},"modified":"2025-11-13T20:20:00","modified_gmt":"2025-11-13T23:20:00","slug":"previsao-do-tempo-sexta-feira-14-de-muitas-nuvens-e-chuva-no-sudeste","status":"publish","type":"post","link":"https:\/\/noticiasdestaque.com.br\/index.php\/2025\/11\/13\/previsao-do-tempo-sexta-feira-14-de-muitas-nuvens-e-chuva-no-sudeste\/","title":{"rendered":"PREVIS\u00c3O DO TEMPO: sexta-feira (14) de muitas nuvens e chuva no Sudeste"},"content":{"rendered":"<p>\t\t\t\t\t\t\t\t\t\t\t<audio controls class=\"b61_audio_player\" data-noticia=\"85817\" src=\"https:\/\/brasil61.com\/rails\/active_storage\/blobs\/eyJfcmFpbHMiOnsibWVzc2FnZSI6IkJBaHBBeE8vQXc9PSIsImV4cCI6bnVsbCwicHVyIjoiYmxvYl9pZCJ9fQ==--ec0449408daf2dc4bbacec2f8df7a8d0898cd2bf\/PTSD254251A\"><\/audio><\/p>\n<p>A <strong>previs\u00e3o do tempo<\/strong> para a <strong>Regi\u00e3o Sudeste<\/strong> do pa\u00eds, nesta <strong>sexta-feira (14)<\/strong>, \u00e9 de c\u00e9u com <strong>muitas<\/strong> <strong>nuvens<\/strong> para a maior parte da regi\u00e3o, exceto no norte de Minas Gerais, com <strong>possibilidade<\/strong> de <strong>chuvas<\/strong> e <strong>trovoadas<\/strong>.<\/p>\n<p>Pela <strong>manh\u00e3<\/strong>, a previs\u00e3o \u00e9 de <strong>muitas<\/strong> <strong>nuvens<\/strong> para quase toda a regi\u00e3o, com exce\u00e7\u00e3o do centro-norte mineiro, incluindo Belo Horizonte. H\u00e1 <strong>possibilidade<\/strong> de <strong>chuvas<\/strong> no norte do Esp\u00edrito Santo e no nordeste de Minas, com <strong>maior intensidade<\/strong> nas fronteiras com a Bahia. No extremo-oeste mineiro e no centro-oeste de S\u00e3o Paulo, h\u00e1 <strong>previs\u00e3o<\/strong> <strong>de<\/strong> <strong>pancadas<\/strong> <strong>de<\/strong> <strong>chuva<\/strong>, com <strong>possibilidade<\/strong> <strong>de<\/strong> <strong>trovoadas<\/strong> no extremo-oeste paulista.<\/p>\n<p>\u00c0 <strong>tarde<\/strong>, as <strong>possibilidades<\/strong> <strong>de<\/strong> <strong>chuva<\/strong> <strong>tomam<\/strong> os estados do Esp\u00edrito Santo e do Rio de Janeiro, e <strong>avan\u00e7am<\/strong> sobre as <strong>fronteiras<\/strong> de Minas Gerais com S\u00e3o Paulo, Rio e Esp\u00edrito Santo. As <strong>pancadas<\/strong> de <strong>chuva<\/strong> com <strong>trovoadas<\/strong> isoladas <strong>cobrem<\/strong> todo o estado paulista, os extremos oeste e sul de Minas e o centro-oeste do Rio, incluindo a capital. Essas <strong>condi\u00e7\u00f5es<\/strong> se <strong>mant\u00eam<\/strong> at\u00e9 a <strong>noite<\/strong>.<\/p>\n<p>O <b>Instituto Nacional de Meteorologia<\/b> (<a href=\"https:\/\/portal.inmet.gov.br\/\">Inmet<\/a>) emitiu alertas de <strong>perigo de tempestades<\/strong> para o extremo-oeste de Minas Gerais e o centro-oeste de S\u00e3o Paulo, e de <strong>perigo potencial de tempestades<\/strong> para todo o estado de S\u00e3o Paulo, extremo-sul de Minas e extremo-oeste do Rio de Janeiro.<\/p>\n<p>Entre as <strong>capitais<\/strong>, a <strong>temperatura m\u00ednima<\/strong> prevista \u00e9 de <strong>15\u00b0C,<\/strong> em <strong>Belo Horizonte<\/strong>. J\u00e1 a <strong>m\u00e1xima<\/strong> pode chegar at\u00e9 <strong>32\u00b0C<\/strong>,\u00a0no<strong>\u00a0<\/strong><strong>Rio de Janeiro<\/strong>. A <strong>umidade relativa do ar<\/strong> varia entre <strong>25%<\/strong> e <strong>100%<\/strong>.<\/p>\n<p>\u00a0<\/p>\n<h2>5 motivos para acompanhar as previs\u00f5es do tempo<\/h2>\n<ul>\n<li>Agricultura: garantia de uma boa colheita;<\/li>\n<li>Marinha: prote\u00e7\u00e3o de marinheiros, navios e passageiros;<\/li>\n<li>Aeron\u00e1utica: seguran\u00e7a de pilotos, aeronaves e passageiros;<\/li>\n<li>Pesca: condi\u00e7\u00f5es favor\u00e1veis e seguras para a atividade;<\/li>\n<li>Turismo: garantia de passeios e viagens tranquilas e agrad\u00e1veis.<\/li>\n<\/ul>\n<p>\u00a0<\/p>\n<h2>Import\u00e2ncia das observa\u00e7\u00f5es meteorol\u00f3gicas no INMET<\/h2>\n<p>As observa\u00e7\u00f5es meteorol\u00f3gicas do INMET s\u00e3o essenciais para previs\u00f5es em tempo real, estat\u00edsticas clim\u00e1ticas e coopera\u00e7\u00e3o internacional. Esses dados precisos ajudam a estudar o clima passado e a produzir Normais Climatol\u00f3gicas conforme a Organiza\u00e7\u00e3o Meteorol\u00f3gica Mundial (<a href=\"https:\/\/worldweather.wmo.int\/pt\/home.html\">OMM<\/a>).<\/p>\n<p>As informa\u00e7\u00f5es s\u00e3o do Instituto Nacional de Meteorologia (<a href=\"https:\/\/portal.inmet.gov.br\">Inmet<\/a>).<\/p>\n<p>\t\t\t\t\t\t\t\t\t\t<img loading=\"lazy\" decoding=\"async\" src=\"https:\/\/brasil61.com\/api\/v1\/serve_pixel\/17677\/85817\" alt=\"Pixel Brasil 61\" class=\"b61_pixel\" width=\"0\" height=\"0\"><\/p>\n<input type=\"hidden\" id=\"baseurl\" value=\"https:\/\/noticiasdestaque.com.br\"><input type=\"hidden\" id=\"audio_nonce\" value=\"6f73a554f1\">","protected":false},"excerpt":{"rendered":"<p>Chuvas devem ser mais intensas ao sul da regi\u00e3o, com trovoadas isoladas; temperaturas variam entre 15\u00b0C e 32\u00b0C<\/p>\n","protected":false},"author":1,"featured_media":47539,"comment_status":"open","ping_status":"open","sticky":false,"template":"","format":"standard","meta":{"fifu_image_url":"","fifu_image_alt":"","footnotes":""},"categories":[58],"tags":[],"class_list":["post-47538","post","type-post","status-publish","format-standard","has-post-thumbnail","hentry","category-cotidiano"],"distributor_meta":false,"distributor_terms":false,"distributor_media":false,"distributor_original_site_name":"Noticias em Destaque","distributor_original_site_url":"https:\/\/noticiasdestaque.com.br","push-errors":false,"_links":{"self":[{"href":"https:\/\/noticiasdestaque.com.br\/index.php\/wp-json\/wp\/v2\/posts\/47538","targetHints":{"allow":["GET"]}}],"collection":[{"href":"https:\/\/noticiasdestaque.com.br\/index.php\/wp-json\/wp\/v2\/posts"}],"about":[{"href":"https:\/\/noticiasdestaque.com.br\/index.php\/wp-json\/wp\/v2\/types\/post"}],"author":[{"embeddable":true,"href":"https:\/\/noticiasdestaque.com.br\/index.php\/wp-json\/wp\/v2\/users\/1"}],"replies":[{"embeddable":true,"href":"https:\/\/noticiasdestaque.com.br\/index.php\/wp-json\/wp\/v2\/comments?post=47538"}],"version-history":[{"count":0,"href":"https:\/\/noticiasdestaque.com.br\/index.php\/wp-json\/wp\/v2\/posts\/47538\/revisions"}],"wp:featuredmedia":[{"embeddable":true,"href":"https:\/\/noticiasdestaque.com.br\/index.php\/wp-json\/wp\/v2\/media\/47539"}],"wp:attachment":[{"href":"https:\/\/noticiasdestaque.com.br\/index.php\/wp-json\/wp\/v2\/media?parent=47538"}],"wp:term":[{"taxonomy":"category","embeddable":true,"href":"https:\/\/noticiasdestaque.com.br\/index.php\/wp-json\/wp\/v2\/categories?post=47538"},{"taxonomy":"post_tag","embeddable":true,"href":"https:\/\/noticiasdestaque.com.br\/index.php\/wp-json\/wp\/v2\/tags?post=47538"}],"curies":[{"name":"wp","href":"https:\/\/api.w.org\/{rel}","templated":true}]}}