{"id":47510,"date":"2025-11-12T20:58:00","date_gmt":"2025-11-12T23:58:00","guid":{"rendered":"https:\/\/noticiasdestaque.com.br\/index.php\/2025\/11\/12\/brasil-celebra-50-anos-de-independencia-de-angola-e-reafirma-parceria-estrategica\/"},"modified":"2025-11-12T20:58:00","modified_gmt":"2025-11-12T23:58:00","slug":"brasil-celebra-50-anos-de-independencia-de-angola-e-reafirma-parceria-estrategica","status":"publish","type":"post","link":"https:\/\/noticiasdestaque.com.br\/index.php\/2025\/11\/12\/brasil-celebra-50-anos-de-independencia-de-angola-e-reafirma-parceria-estrategica\/","title":{"rendered":"Brasil celebra 50 anos de independ\u00eancia de Angola e reafirma parceria estrat\u00e9gica"},"content":{"rendered":"<p>\t\t\t\t\t\t\t\t\t\t<audio controls class=\"b61_audio_player\" data-noticia=\"85798\" src=\"https:\/\/brasil61.com\/rails\/active_storage\/blobs\/eyJfcmFpbHMiOnsibWVzc2FnZSI6IkJBaHBBeEsrQXc9PSIsImV4cCI6bnVsbCwicHVyIjoiYmxvYl9pZCJ9fQ==--1019ef3d85ae65426684785976b1a1ff9512c29b\/MAPA250019A\"><\/audio><\/p>\n<p>O <strong>ministro da <a href=\"https:\/\/www.gov.br\/agricultura\/pt-br\">Agricultura e Pecu\u00e1ria<\/a><\/strong>, Carlos F\u00e1varo, <strong>representou o Governo do Brasil na cerim\u00f4nia que celebrou os 50 anos de independ\u00eancia de Angola<\/strong>, realizada na ter\u00e7a-feira (11), em Bras\u00edlia (<a href=\"https:\/\/www.df.gov.br\/\">DF<\/a>).\u00a0<\/p>\n<p>Organizado pela <a href=\"https:\/\/brasil.mirex.gov.ao\/\">Embaixada de Angola<\/a>, sob o lema \u201cPreservar e valorizar as conquistas alcan\u00e7adas, construindo um futuro melhor\u201d, o evento reuniu autoridades, diplomatas e membros da comunidade angolana no Brasil.<\/p>\n<p>Durante a solenidade, <strong>F\u00e1varo destacou os la\u00e7os hist\u00f3ricos entre os dois pa\u00edses<\/strong> e reafirmou o compromisso com uma <strong>coopera\u00e7\u00e3o voltada para o desenvolvimento sustent\u00e1vel<\/strong>.<\/p>\n<p>\u201cCelebrar este jubileu \u00e9 tamb\u00e9m reafirmar o compromisso com um futuro de prosperidade conjunta. O Brasil tem muito a contribuir com sua experi\u00eancia em pesquisa agropecu\u00e1ria, em tecnologias de baixo carbono e em pol\u00edticas de apoio \u00e0 agricultura familiar. \u00c9 uma parceria que beneficia ambos os pa\u00edses, promovendo inova\u00e7\u00e3o e oportunidades para os nossos produtores\u201d, afirmou o ministro.<\/p>\n<p>O <strong>embaixador<\/strong> extraordin\u00e1rio e plenipotenci\u00e1rio da Rep\u00fablica de Angola no Brasil, Manuel Eduardo Bravo, <strong>lembrou o papel pioneiro do Brasil no reconhecimento da independ\u00eancia angolana<\/strong>, em 1975, e celebrou cinco d\u00e9cadas de coopera\u00e7\u00e3o bilateral. \u201cO Brasil tornou-se o primeiro pa\u00eds do planeta a reconhecer o Estado angolano\u201d, enfatizou Bravo.<\/p>\n<p>\u201cCelebramos, portanto, n\u00e3o apenas os nossos 50 anos de independ\u00eancia, mas tamb\u00e9m <strong>cinco d\u00e9cadas de rela\u00e7\u00f5es diplom\u00e1ticas e de coopera\u00e7\u00e3o bilateral mutuamente vantajosa<\/strong>, que t\u00eam privilegiado setores-chave da vida nacional de cada um dos nossos pa\u00edses, como a agricultura, a sa\u00fade, a defesa, a educa\u00e7\u00e3o e a ci\u00eancia e tecnologia\u201d, completou.<\/p>\n<h2>Fluxo comercial<\/h2>\n<p>Segundo o ministro Carlos F\u00e1varo, em 2024 <strong>o fluxo comercial entre Brasil e Angola alcan\u00e7ou US$ 1,6 bilh\u00e3o<\/strong>. Esse valor representa um crescimento de 40% em rela\u00e7\u00e3o ao ano anterior, impulsionado por iniciativas conjuntas dos presidentes Lula e Jo\u00e3o Louren\u00e7o.<\/p>\n<p><strong>VEJA MAIS:<\/strong><\/p>\n<ul>\n<li><a href=\"https:\/\/brasil61.com\/n\/mapa-lidera-agenda-do-agro-sustentavel-na-cop-30-mapa250016\">Mapa lidera agenda do agro sustent\u00e1vel na COP 30<\/a><\/li>\n<li><a href=\"https:\/\/brasil61.com\/n\/brasil-assume-presidencia-da-junta-interamericana-de-agricultura-mapa250013\">Brasil assume presid\u00eancia da Junta Interamericana de Agricultura<\/a><\/li>\n<\/ul>\n<p>\t\t\t\t\t\t\t\t\t<img loading=\"lazy\" decoding=\"async\" src=\"https:\/\/brasil61.com\/api\/v1\/serve_pixel\/17677\/85798\" alt=\"Pixel Brasil 61\" class=\"b61_pixel\" width=\"0\" height=\"0\"><\/p>\n<input type=\"hidden\" id=\"baseurl\" value=\"https:\/\/noticiasdestaque.com.br\"><input type=\"hidden\" id=\"audio_nonce\" value=\"6a24ca502e\">","protected":false},"excerpt":{"rendered":"<p>Ministro Carlos F\u00e1varo representou o Governo do Brasil na solenidade que destacou a coopera\u00e7\u00e3o bilateral, o crescimento comercial e o compromisso com o desenvolvimento sustent\u00e1vel<\/p>\n","protected":false},"author":1,"featured_media":47511,"comment_status":"open","ping_status":"open","sticky":false,"template":"","format":"standard","meta":{"fifu_image_url":"","fifu_image_alt":"","footnotes":""},"categories":[50],"tags":[],"class_list":["post-47510","post","type-post","status-publish","format-standard","has-post-thumbnail","hentry","category-politica"],"distributor_meta":false,"distributor_terms":false,"distributor_media":false,"distributor_original_site_name":"Noticias em Destaque","distributor_original_site_url":"https:\/\/noticiasdestaque.com.br","push-errors":false,"_links":{"self":[{"href":"https:\/\/noticiasdestaque.com.br\/index.php\/wp-json\/wp\/v2\/posts\/47510","targetHints":{"allow":["GET"]}}],"collection":[{"href":"https:\/\/noticiasdestaque.com.br\/index.php\/wp-json\/wp\/v2\/posts"}],"about":[{"href":"https:\/\/noticiasdestaque.com.br\/index.php\/wp-json\/wp\/v2\/types\/post"}],"author":[{"embeddable":true,"href":"https:\/\/noticiasdestaque.com.br\/index.php\/wp-json\/wp\/v2\/users\/1"}],"replies":[{"embeddable":true,"href":"https:\/\/noticiasdestaque.com.br\/index.php\/wp-json\/wp\/v2\/comments?post=47510"}],"version-history":[{"count":0,"href":"https:\/\/noticiasdestaque.com.br\/index.php\/wp-json\/wp\/v2\/posts\/47510\/revisions"}],"wp:featuredmedia":[{"embeddable":true,"href":"https:\/\/noticiasdestaque.com.br\/index.php\/wp-json\/wp\/v2\/media\/47511"}],"wp:attachment":[{"href":"https:\/\/noticiasdestaque.com.br\/index.php\/wp-json\/wp\/v2\/media?parent=47510"}],"wp:term":[{"taxonomy":"category","embeddable":true,"href":"https:\/\/noticiasdestaque.com.br\/index.php\/wp-json\/wp\/v2\/categories?post=47510"},{"taxonomy":"post_tag","embeddable":true,"href":"https:\/\/noticiasdestaque.com.br\/index.php\/wp-json\/wp\/v2\/tags?post=47510"}],"curies":[{"name":"wp","href":"https:\/\/api.w.org\/{rel}","templated":true}]}}