{"id":47504,"date":"2025-11-12T19:20:00","date_gmt":"2025-11-12T22:20:00","guid":{"rendered":"https:\/\/noticiasdestaque.com.br\/index.php\/2025\/11\/12\/governo-federal-estuda-novo-modelo-para-o-seguro-rural\/"},"modified":"2025-11-12T19:20:00","modified_gmt":"2025-11-12T22:20:00","slug":"governo-federal-estuda-novo-modelo-para-o-seguro-rural","status":"publish","type":"post","link":"https:\/\/noticiasdestaque.com.br\/index.php\/2025\/11\/12\/governo-federal-estuda-novo-modelo-para-o-seguro-rural\/","title":{"rendered":"Governo Federal estuda novo modelo para o Seguro Rural"},"content":{"rendered":"<p>O ministro da <a href=\"https:\/\/www.gov.br\/agricultura\/pt-br\">Agricultura e Pecu\u00e1ria<\/a>, Carlos F\u00e1varo, reuniu-se com o ministro da <a href=\"https:\/\/www.gov.br\/fazenda\/pt-br\">Fazenda<\/a>, Fernando Haddad, na ter\u00e7a-feira (11), em Bras\u00edlia, para <strong>discutir mudan\u00e7as no <a href=\"https:\/\/www.gov.br\/agricultura\/pt-br\/assuntos\/riscos-seguro\/seguro-rural\">Programa de Seguro Rural<\/a><\/strong>. A <strong>proposta<\/strong> apresentada <strong>busca ampliar o acesso dos produtores e tornar o sistema mais eficiente diante dos efeitos das mudan\u00e7as clim\u00e1ticas<\/strong>.<\/p>\n<p>Segundo F\u00e1varo, o atual sistema est\u00e1 defasado. \u201cO seguro rural \u00e9 uma ferramenta muito importante, mas que n\u00e3o cumpre mais a sua finalidade no Brasil. As ap\u00f3lices est\u00e3o cada vez mais caras e as mudan\u00e7as clim\u00e1ticas s\u00e3o uma realidade que n\u00e3o d\u00e1 para contestar\u201d, afirmou.<\/p>\n<p><strong>Principais pontos discutidos:<\/strong><\/p>\n<ul>\n<li>Implementa\u00e7\u00e3o do <strong>seguro param\u00e9trico<\/strong>, baseado em indicadores clim\u00e1ticos;<\/li>\n<li>Cria\u00e7\u00e3o de mecanismos para garantir <strong>cobertura universal<\/strong> aos agricultores.<\/li>\n<\/ul>\n<p>A expectativa \u00e9 <strong>reduzir os preju\u00edzos causados por eventos extremos<\/strong> e <strong>minimizar a necessidade de renegocia\u00e7\u00e3o de d\u00edvidas<\/strong> no setor.\u00a0<\/p>\n<p>O novo modelo ser\u00e1 encaminhado para avalia\u00e7\u00e3o em outras inst\u00e2ncias do governo, com o objetivo de estabelecer uma nova pol\u00edtica de seguro agr\u00edcola no pa\u00eds.<\/p>\n<p><strong>VEJA MAIS:<\/strong><\/p>\n<ul>\n<li><a href=\"https:\/\/brasil61.com\/n\/mapa-lidera-agenda-do-agro-sustentavel-na-cop-30-mapa250016\">Mapa lidera agenda do agro sustent\u00e1vel na COP 30<\/a><\/li>\n<li><a href=\"https:\/\/brasil61.com\/n\/brasil-e-argentina-fortalecem-cooperacao-sanitaria-para-o-comercio-avicola-mapa250015\">Brasil e Argentina fortalecem coopera\u00e7\u00e3o sanit\u00e1ria para o com\u00e9rcio av\u00edcola<\/a><\/li>\n<\/ul>\n<p>\t\t\t\t\t\t\t\t\t<img loading=\"lazy\" decoding=\"async\" src=\"https:\/\/brasil61.com\/api\/v1\/serve_pixel\/17677\/85795\" alt=\"Pixel Brasil 61\" class=\"b61_pixel\" width=\"0\" height=\"0\"><\/p>\n<input type=\"hidden\" id=\"baseurl\" value=\"https:\/\/noticiasdestaque.com.br\"><input type=\"hidden\" id=\"audio_nonce\" value=\"6a24ca502e\">","protected":false},"excerpt":{"rendered":"<p>Proposta apresentada pelo Mapa inclui seguro param\u00e9trico e cobertura universal para enfrentar impactos das mudan\u00e7as clim\u00e1ticas no campo<\/p>\n","protected":false},"author":1,"featured_media":47505,"comment_status":"open","ping_status":"open","sticky":false,"template":"","format":"standard","meta":{"fifu_image_url":"","fifu_image_alt":"","footnotes":""},"categories":[59],"tags":[],"class_list":["post-47504","post","type-post","status-publish","format-standard","has-post-thumbnail","hentry","category-economia"],"distributor_meta":false,"distributor_terms":false,"distributor_media":false,"distributor_original_site_name":"Noticias em Destaque","distributor_original_site_url":"https:\/\/noticiasdestaque.com.br","push-errors":false,"_links":{"self":[{"href":"https:\/\/noticiasdestaque.com.br\/index.php\/wp-json\/wp\/v2\/posts\/47504","targetHints":{"allow":["GET"]}}],"collection":[{"href":"https:\/\/noticiasdestaque.com.br\/index.php\/wp-json\/wp\/v2\/posts"}],"about":[{"href":"https:\/\/noticiasdestaque.com.br\/index.php\/wp-json\/wp\/v2\/types\/post"}],"author":[{"embeddable":true,"href":"https:\/\/noticiasdestaque.com.br\/index.php\/wp-json\/wp\/v2\/users\/1"}],"replies":[{"embeddable":true,"href":"https:\/\/noticiasdestaque.com.br\/index.php\/wp-json\/wp\/v2\/comments?post=47504"}],"version-history":[{"count":0,"href":"https:\/\/noticiasdestaque.com.br\/index.php\/wp-json\/wp\/v2\/posts\/47504\/revisions"}],"wp:featuredmedia":[{"embeddable":true,"href":"https:\/\/noticiasdestaque.com.br\/index.php\/wp-json\/wp\/v2\/media\/47505"}],"wp:attachment":[{"href":"https:\/\/noticiasdestaque.com.br\/index.php\/wp-json\/wp\/v2\/media?parent=47504"}],"wp:term":[{"taxonomy":"category","embeddable":true,"href":"https:\/\/noticiasdestaque.com.br\/index.php\/wp-json\/wp\/v2\/categories?post=47504"},{"taxonomy":"post_tag","embeddable":true,"href":"https:\/\/noticiasdestaque.com.br\/index.php\/wp-json\/wp\/v2\/tags?post=47504"}],"curies":[{"name":"wp","href":"https:\/\/api.w.org\/{rel}","templated":true}]}}