{"id":4749,"date":"2022-11-16T07:45:34","date_gmt":"2022-11-16T11:45:34","guid":{"rendered":"https:\/\/www.diariofama.com.br\/2022\/11\/16\/danilo-nao-se-ve-ameacado-por-dani-alves-na-lateral-direita-da-selecao\/"},"modified":"2022-11-16T07:45:34","modified_gmt":"2022-11-16T11:45:34","slug":"danilo-nao-se-ve-ameacado-por-dani-alves-na-lateral-direita-da-selecao","status":"publish","type":"post","link":"https:\/\/noticiasdestaque.com.br\/index.php\/2022\/11\/16\/danilo-nao-se-ve-ameacado-por-dani-alves-na-lateral-direita-da-selecao\/","title":{"rendered":"Danilo n\u00e3o se v\u00ea amea\u00e7ado por Dani Alves na lateral-direita da sele\u00e7\u00e3o"},"content":{"rendered":"<p>Com 46 partidas e um gol com a amarelinha, Danilo \u00e9 o titular de Tite para a lateral direita. O mineiro de Bicas disse n\u00e3o se sentir amea\u00e7ado por Daniel Alves e elogiou o veterano de 39 anos<\/p>\n<blockquote><p>\u201cEle mostrou na carreira um poder de dar a volta por cima incr\u00edvel.&nbsp;Ele pode dar muito para a equipe, inclusive caracter\u00edsticas que n\u00e3o tenho condi\u00e7\u00f5es de dar. Mostrou uma qualidade de passe, descobrir espa\u00e7os, que poucos jogadores, at\u00e9 de outras posi\u00e7\u00f5es, t\u00eam\u201d, afirmou o jogador durante coletiva em Turim (It\u00e1lia), onde a sele\u00e7\u00e3o faz os \u00faltimos preparativos antes da estreia no pr\u00f3ximo dia 24, na Copa do Catar.<\/p><\/blockquote>\n<p><iframe id=\"instagram-embed-0\" class=\"instagram-media instagram-media-rendered\" src=\"https:\/\/www.instagram.com\/p\/Ck_n9T6qm4Z\/embed\/captioned\/?cr=1&amp;v=14&amp;wp=432&amp;rd=https%3A%2F%2Fschwery.com.br&amp;rp=%2Fgetplus%2Fpainel.php#%7B%22ci%22%3A0%2C%22os%22%3A631639%2C%22ls%22%3A630939.7999999821%2C%22le%22%3A631634.099999994%7D\" height=\"800\" frameborder=\"0\" scrolling=\"no\" allowfullscreen=\"allowfullscreen\" data-instgrm-payload-id=\"instagram-media-payload-0\" data-mce-fragment=\"1\"><\/iframe><\/p>\n<p>Jogador do Juventus, Danilo falou ainda sobre o fato do Brasil&nbsp;<span id=\"OBJ_PREFIX_DWT112_com_zimbra_date\" role=\"link\"><span id=\"OBJ_PREFIX_DWT118_com_zimbra_date\" role=\"link\">ter<\/span><\/span>&nbsp;enfrentado apenas uma sele\u00e7\u00e3o europeia durante esse ciclo preparat\u00f3rio para a Copa do Catar<\/p>\n<blockquote><p>\u201cN\u00e3o temos a op\u00e7\u00e3o de participar das Eliminat\u00f3rias Europeias e jogar contra os times europeus, que \u00e9 o que todo mundo vem cobrando. Como a maioria dos jogadores v\u00eam da Europa, j\u00e1 est\u00e3o acostumados com a ideia, com o tipo de futebol. A necessidade de se jogar contra um time europeu na prepara\u00e7\u00e3o n\u00e3o \u00e9 t\u00e3o importante. Vai da necessidade de jogar contra outros tipos de escola\u201d.<\/p><\/blockquote>\n<p>O lateral de 31 anos tamb\u00e9m analisou a convoca\u00e7\u00e3o de nove atacantes pela comiss\u00e3o t\u00e9cnica brasileira.<\/p>\n<blockquote><p>\u201cEles defendem muito, cortam linha de passe, perdem e pressionam no mesmo momento. Isto deixa o Tite e a comiss\u00e3o \u00e0 vontade,<\/p><\/blockquote>\n<p>O Brasil estreia na Copa do Catar contra a S\u00e9rvia, pelo Grupo G, no dia 24 (quinta-feira), \u00e0s 16h (hor\u00e1rio de Bras\u00edlia), no Est\u00e1dio Lusail. Quatro dias depois (uma segunda-feira) enfrenta a Su\u00ed\u00e7a, \u00e0s 13h. Depois, no dia 2 de dezembro (sexta-feira), o pa\u00eds mede for\u00e7as com Camar\u00f5es, \u00e0s 16h,&nbsp; no \u00faltimo confronto da primeira fase do Mundial.<\/p>\n<input type=\"hidden\" id=\"baseurl\" value=\"https:\/\/noticiasdestaque.com.br\"><input type=\"hidden\" id=\"audio_nonce\" value=\"62ca87eee3\">","protected":false},"excerpt":{"rendered":"<p>Jogador da Juventus, de 31 anos, \u00e9 o titular de Tite para a posi\u00e7\u00e3o<\/p>\n","protected":false},"author":1,"featured_media":4753,"comment_status":"open","ping_status":"open","sticky":false,"template":"","format":"standard","meta":{"fifu_image_url":"","fifu_image_alt":"","footnotes":""},"categories":[47],"tags":[],"class_list":["post-4749","post","type-post","status-publish","format-standard","has-post-thumbnail","hentry","category-esportes"],"distributor_meta":false,"distributor_terms":false,"distributor_media":false,"distributor_original_site_name":"Portal de Recupera\u00e7\u00e3o","distributor_original_site_url":"https:\/\/portalderecuperacao.com","push-errors":false,"_links":{"self":[{"href":"https:\/\/noticiasdestaque.com.br\/index.php\/wp-json\/wp\/v2\/posts\/4749","targetHints":{"allow":["GET"]}}],"collection":[{"href":"https:\/\/noticiasdestaque.com.br\/index.php\/wp-json\/wp\/v2\/posts"}],"about":[{"href":"https:\/\/noticiasdestaque.com.br\/index.php\/wp-json\/wp\/v2\/types\/post"}],"author":[{"embeddable":true,"href":"https:\/\/noticiasdestaque.com.br\/index.php\/wp-json\/wp\/v2\/users\/1"}],"replies":[{"embeddable":true,"href":"https:\/\/noticiasdestaque.com.br\/index.php\/wp-json\/wp\/v2\/comments?post=4749"}],"version-history":[{"count":0,"href":"https:\/\/noticiasdestaque.com.br\/index.php\/wp-json\/wp\/v2\/posts\/4749\/revisions"}],"wp:featuredmedia":[{"embeddable":true,"href":"https:\/\/noticiasdestaque.com.br\/index.php\/wp-json\/wp\/v2\/media\/4753"}],"wp:attachment":[{"href":"https:\/\/noticiasdestaque.com.br\/index.php\/wp-json\/wp\/v2\/media?parent=4749"}],"wp:term":[{"taxonomy":"category","embeddable":true,"href":"https:\/\/noticiasdestaque.com.br\/index.php\/wp-json\/wp\/v2\/categories?post=4749"},{"taxonomy":"post_tag","embeddable":true,"href":"https:\/\/noticiasdestaque.com.br\/index.php\/wp-json\/wp\/v2\/tags?post=4749"}],"curies":[{"name":"wp","href":"https:\/\/api.w.org\/{rel}","templated":true}]}}