{"id":47484,"date":"2025-11-12T16:05:00","date_gmt":"2025-11-12T19:05:00","guid":{"rendered":"https:\/\/noticiasdestaque.com.br\/index.php\/2025\/11\/12\/previsao-do-tempo-o-tempo-fica-aberto-na-maior-parte-dos-estados-no-sudeste-13\/"},"modified":"2025-11-12T16:05:00","modified_gmt":"2025-11-12T19:05:00","slug":"previsao-do-tempo-o-tempo-fica-aberto-na-maior-parte-dos-estados-no-sudeste-13","status":"publish","type":"post","link":"https:\/\/noticiasdestaque.com.br\/index.php\/2025\/11\/12\/previsao-do-tempo-o-tempo-fica-aberto-na-maior-parte-dos-estados-no-sudeste-13\/","title":{"rendered":"PREVIS\u00c3O DO TEMPO: o tempo fica aberto na maior parte dos estados no Sudeste (13)"},"content":{"rendered":"<p>\u00a0<\/p>\n<\/p>\n<p>O Instituto Nacional de Meteorologia (Inmet) emitiu alerta de perigo para chuvas intensas para S\u00e3o Paulo nesta quinta-feira (13).<\/p>\n<p>Em S\u00e3o Paulo, as chuvas atingem desde a Regi\u00e3o de Pirituba at\u00e9 o extremo Sul, com destaque para os de Lav\u00ednia, Osvaldo Cruz e Tup\u00e3.\u00a0<\/p>\n<p>Em Esp\u00edrito Santo, Rio de Janeiro e Minas Gerais a expectativa \u00e9 de tempo claro com varia\u00e7\u00e3o de nuvens entre os tr\u00eas estados.<\/p>\n<p>Entre as capitais, a temperatura m\u00ednima prevista \u00e9 de 15\u00b0C, em S\u00e3o Paulo. J\u00e1 a m\u00e1xima pode chegar at\u00e9 32\u00b0C, em S\u00e3o Paulo. A \u00a0umidade relativa do ar varia entre \u00a050% e 100%.<\/p>\n<h2>5 motivos para acompanhar as previs\u00f5es do tempo<\/h2>\n<ul>\n<li>Agricultura: garantia de uma boa colheita;<\/li>\n<li>Marinha: prote\u00e7\u00e3o de marinheiros, navios e passageiros;<\/li>\n<li>Aeron\u00e1utica: seguran\u00e7a de pilotos, aeronaves e passageiros;<\/li>\n<li>Pesca: condi\u00e7\u00f5es favor\u00e1veis e seguras para a atividade;<\/li>\n<li>Turismo: garantia de passeios e viagens tranquilas e agrad\u00e1veis.<\/li>\n<\/ul>\n<h2>Import\u00e2ncia das observa\u00e7\u00f5es meteorol\u00f3gicas no INMET<\/h2>\n<p>As observa\u00e7\u00f5es meteorol\u00f3gicas do INMET s\u00e3o essenciais para previs\u00f5es em tempo real, estat\u00edsticas clim\u00e1ticas e coopera\u00e7\u00e3o internacional. Esses dados precisos ajudam a estudar o clima passado e a produzir Normais Climatol\u00f3gicas conforme a Organiza\u00e7\u00e3o Meteorol\u00f3gica Mundial (<a href=\"https:\/\/worldweather.wmo.int\/pt\/home.html\" target=\"_blank\">OMM<\/a>).<\/p>\n<p>As informa\u00e7\u00f5es s\u00e3o do Instituto Nacional de Meteorologia (<a href=\"https:\/\/portal.inmet.gov.br\/\">Inmet<\/a>).<br \/>\n\u00a0<\/p>\n<p>\t\t\t\t\t\t\t\t\t<img loading=\"lazy\" decoding=\"async\" src=\"https:\/\/brasil61.com\/api\/v1\/serve_pixel\/17677\/85780\" alt=\"Pixel Brasil 61\" class=\"b61_pixel\" width=\"0\" height=\"0\"><\/p>\n<input type=\"hidden\" id=\"baseurl\" value=\"https:\/\/noticiasdestaque.com.br\"><input type=\"hidden\" id=\"audio_nonce\" value=\"eb7638fb71\">","protected":false},"excerpt":{"rendered":"<p>Em Esp\u00edrito Santo, Rio de Janeiro e Minas Gerais a expectativa \u00e9 de tempo claro com varia\u00e7\u00e3o de nuvens entre os tr\u00eas estados<\/p>\n","protected":false},"author":1,"featured_media":47485,"comment_status":"open","ping_status":"open","sticky":false,"template":"","format":"standard","meta":{"fifu_image_url":"","fifu_image_alt":"","footnotes":""},"categories":[58],"tags":[],"class_list":["post-47484","post","type-post","status-publish","format-standard","has-post-thumbnail","hentry","category-cotidiano"],"distributor_meta":false,"distributor_terms":false,"distributor_media":false,"distributor_original_site_name":"Noticias em Destaque","distributor_original_site_url":"https:\/\/noticiasdestaque.com.br","push-errors":false,"_links":{"self":[{"href":"https:\/\/noticiasdestaque.com.br\/index.php\/wp-json\/wp\/v2\/posts\/47484","targetHints":{"allow":["GET"]}}],"collection":[{"href":"https:\/\/noticiasdestaque.com.br\/index.php\/wp-json\/wp\/v2\/posts"}],"about":[{"href":"https:\/\/noticiasdestaque.com.br\/index.php\/wp-json\/wp\/v2\/types\/post"}],"author":[{"embeddable":true,"href":"https:\/\/noticiasdestaque.com.br\/index.php\/wp-json\/wp\/v2\/users\/1"}],"replies":[{"embeddable":true,"href":"https:\/\/noticiasdestaque.com.br\/index.php\/wp-json\/wp\/v2\/comments?post=47484"}],"version-history":[{"count":0,"href":"https:\/\/noticiasdestaque.com.br\/index.php\/wp-json\/wp\/v2\/posts\/47484\/revisions"}],"wp:featuredmedia":[{"embeddable":true,"href":"https:\/\/noticiasdestaque.com.br\/index.php\/wp-json\/wp\/v2\/media\/47485"}],"wp:attachment":[{"href":"https:\/\/noticiasdestaque.com.br\/index.php\/wp-json\/wp\/v2\/media?parent=47484"}],"wp:term":[{"taxonomy":"category","embeddable":true,"href":"https:\/\/noticiasdestaque.com.br\/index.php\/wp-json\/wp\/v2\/categories?post=47484"},{"taxonomy":"post_tag","embeddable":true,"href":"https:\/\/noticiasdestaque.com.br\/index.php\/wp-json\/wp\/v2\/tags?post=47484"}],"curies":[{"name":"wp","href":"https:\/\/api.w.org\/{rel}","templated":true}]}}