{"id":47430,"date":"2025-11-10T04:55:00","date_gmt":"2025-11-10T07:55:00","guid":{"rendered":"https:\/\/noticiasdestaque.com.br\/index.php\/2025\/11\/10\/cop30-empresarios-lancam-agenda-nacional-por-desenvolvimento-economico-sustentavel\/"},"modified":"2025-11-10T04:55:00","modified_gmt":"2025-11-10T07:55:00","slug":"cop30-empresarios-lancam-agenda-nacional-por-desenvolvimento-economico-sustentavel","status":"publish","type":"post","link":"https:\/\/noticiasdestaque.com.br\/index.php\/2025\/11\/10\/cop30-empresarios-lancam-agenda-nacional-por-desenvolvimento-economico-sustentavel\/","title":{"rendered":"COP30: Empres\u00e1rios lan\u00e7am agenda nacional por desenvolvimento econ\u00f4mico sustent\u00e1vel"},"content":{"rendered":"<p>\t\t\t\t\t\t\t\t\t\t<audio controls class=\"b61_audio_player\" data-noticia=\"85716\" src=\"https:\/\/brasil61.com\/rails\/active_storage\/blobs\/eyJfcmFpbHMiOnsibWVzc2FnZSI6IkJBaHBBOCs3QXc9PSIsImV4cCI6bnVsbCwicHVyIjoiYmxvYl9pZCJ9fQ==--8825eaee48ef2bb1b1e93e87c66451bd330a7076\/CACB250080A\"><\/audio><\/p>\n<p>Empres\u00e1rios de todo o pa\u00eds v\u00e3o lan\u00e7ar, em Bel\u00e9m (PA), uma a\u00e7\u00e3o in\u00e9dita voltada \u00e0 sustentablilidade. Batizada de <strong>Agenda Empresarial de Desenvolvimento Econ\u00f4mico Sustent\u00e1vel 2030, o documento re\u00fane propostas para estimular pol\u00edticas verdes, promover a inclus\u00e3o social e estabelecer metas a serem cumpridas at\u00e9 o fim da d\u00e9cada. <\/strong>O lan\u00e7amento est\u00e1 marcado para o dia 19 de novembro, na <strong><a href=\"https:\/\/acp.com.br\/\">Associa\u00e7\u00e3o Comercial do Par\u00e1 (ACP)<\/a><\/strong>, durante a programa\u00e7\u00e3o oficial da COP30.<\/p>\n<p>A Agenda <strong>consolida o compromisso das associa\u00e7\u00f5es comerciais com a transi\u00e7\u00e3o para uma economia mais sustent\u00e1vel e prop\u00f5e medidas como a cria\u00e7\u00e3o de incentivos fiscais, entre eles o IPTU Verde e o ICMS Ecol\u00f3gico, com o objetivo de beneficiar empresas que adotam pr\u00e1ticas ambientalmente respons\u00e1veis<\/strong>.<\/p>\n<p>Entre as a\u00e7\u00f5es previstas, tamb\u00e9m est\u00e1 o programa <strong>CEP Para Todos Amaz\u00f4nia<\/strong>, <strong>voltado \u00e0 regulariza\u00e7\u00e3o de endere\u00e7os e \u00e0 inclus\u00e3o documental de comunidades ribeirinhas e rurais na Regi\u00e3o Amaz\u00f4nica \u2013 um passo importante para garantir cidadania e acesso a pol\u00edticas p\u00fablicas nessas \u00e1reas.<\/strong><\/p>\n<p>A iniciativa \u00e9 coordenada pelo <strong>Conselho Empresarial da Amaz\u00f4nia Legal<\/strong>, vinculado \u00e0 <strong><a href=\"https:\/\/cacb.org.br\/\">Confedera\u00e7\u00e3o das Associa\u00e7\u00f5es Comerciais e Empresariais do Brasil (CACB)<\/a><\/strong>, que representa mais de 2,3 mil associa\u00e7\u00f5es comerciais em todo o pa\u00eds.<\/p>\n<p>O coordenador do Conselho Empresarial da Amaz\u00f4nia Legal da CACB, Marco C\u00e9sar Kobayashi, refor\u00e7a o potencial da agenda para a sociedade civil:<\/p>\n<p>\u201cA nossa expectativa \u00e9 que a agenda possa balizar as a\u00e7\u00f5es das associa\u00e7\u00f5es comerciais e federa\u00e7\u00f5es de todo o pa\u00eds, no prop\u00f3sito de alcan\u00e7ar o avan\u00e7o do desenvolvimento econ\u00f4mico e social de forma sustent\u00e1vel, justa e respons\u00e1vel\u201d, ressalta.<\/p>\n<h2>O que prev\u00ea a Agenda de Desenvolvimento Econ\u00f4mico Sustent\u00e1vel 2030 da CACB<\/h2>\n<p>A proposta tem sete objetivos e marca o in\u00edcio de uma articula\u00e7\u00e3o nacional que pretende levar a agenda sustent\u00e1vel para al\u00e9m da Amaz\u00f4nia e envolver empresas de todos os setores at\u00e9 2030.<\/p>\n<p><strong>Veja os sete objetivos:<\/strong><\/p>\n<p>\u25cf\u00a0\u00a0 \u00a0Regulamentar o sistema de gases de efeito estufa; \u00a0<br \/>\n\u25cf\u00a0\u00a0 \u00a0Provocar incentivos junto ao governo federal;<br \/>\n\u25cf\u00a0\u00a0 \u00a0Fomentar a log\u00edstica reversa;<br \/>\n\u25cf\u00a0\u00a0 \u00a0Promover educa\u00e7\u00e3o ambiental nas empresas;<br \/>\n\u25cf\u00a0\u00a0 \u00a0Apoiar a transi\u00e7\u00e3o energ\u00e9tica do setor produtivo;<br \/>\n\u25cf\u00a0\u00a0 \u00a0Valorizar a bioeconomia;<br \/>\n\u25cf\u00a0\u00a0 \u00a0Viabilizar o programa CEP Para Todos Amaz\u00f4nia, em parceria com Instituto Liberal de S\u00e3o Paulo.<\/p>\n<p>A CACB ser\u00e1 respons\u00e1vel por executar a agenda por meio da mobiliza\u00e7\u00e3o das federa\u00e7\u00f5es estaduais e das associa\u00e7\u00f5es municipais.<\/p>\n<p>\t\t\t\t\t\t\t\t\t<img loading=\"lazy\" decoding=\"async\" src=\"https:\/\/brasil61.com\/api\/v1\/serve_pixel\/17677\/85716\" alt=\"Pixel Brasil 61\" class=\"b61_pixel\" width=\"0\" height=\"0\"><\/p>\n<input type=\"hidden\" id=\"baseurl\" value=\"https:\/\/noticiasdestaque.com.br\"><input type=\"hidden\" id=\"audio_nonce\" value=\"6f73a554f1\">","protected":false},"excerpt":{"rendered":"<p>Proposta ser\u00e1 apresentada em Bel\u00e9m, durante a confer\u00eancia, e prop\u00f5e medidas como incentivos fiscais verdes e inclus\u00e3o social na Amaz\u00f4nia Legal<\/p>\n","protected":false},"author":1,"featured_media":47431,"comment_status":"open","ping_status":"open","sticky":false,"template":"","format":"standard","meta":{"fifu_image_url":"","fifu_image_alt":"","footnotes":""},"categories":[59],"tags":[],"class_list":["post-47430","post","type-post","status-publish","format-standard","has-post-thumbnail","hentry","category-economia"],"distributor_meta":false,"distributor_terms":false,"distributor_media":false,"distributor_original_site_name":"Noticias em Destaque","distributor_original_site_url":"https:\/\/noticiasdestaque.com.br","push-errors":false,"_links":{"self":[{"href":"https:\/\/noticiasdestaque.com.br\/index.php\/wp-json\/wp\/v2\/posts\/47430","targetHints":{"allow":["GET"]}}],"collection":[{"href":"https:\/\/noticiasdestaque.com.br\/index.php\/wp-json\/wp\/v2\/posts"}],"about":[{"href":"https:\/\/noticiasdestaque.com.br\/index.php\/wp-json\/wp\/v2\/types\/post"}],"author":[{"embeddable":true,"href":"https:\/\/noticiasdestaque.com.br\/index.php\/wp-json\/wp\/v2\/users\/1"}],"replies":[{"embeddable":true,"href":"https:\/\/noticiasdestaque.com.br\/index.php\/wp-json\/wp\/v2\/comments?post=47430"}],"version-history":[{"count":0,"href":"https:\/\/noticiasdestaque.com.br\/index.php\/wp-json\/wp\/v2\/posts\/47430\/revisions"}],"wp:featuredmedia":[{"embeddable":true,"href":"https:\/\/noticiasdestaque.com.br\/index.php\/wp-json\/wp\/v2\/media\/47431"}],"wp:attachment":[{"href":"https:\/\/noticiasdestaque.com.br\/index.php\/wp-json\/wp\/v2\/media?parent=47430"}],"wp:term":[{"taxonomy":"category","embeddable":true,"href":"https:\/\/noticiasdestaque.com.br\/index.php\/wp-json\/wp\/v2\/categories?post=47430"},{"taxonomy":"post_tag","embeddable":true,"href":"https:\/\/noticiasdestaque.com.br\/index.php\/wp-json\/wp\/v2\/tags?post=47430"}],"curies":[{"name":"wp","href":"https:\/\/api.w.org\/{rel}","templated":true}]}}