{"id":47414,"date":"2025-11-07T20:51:00","date_gmt":"2025-11-07T23:51:00","guid":{"rendered":"https:\/\/noticiasdestaque.com.br\/index.php\/2025\/11\/07\/exporta-mais-brasil-cafe-amazonico-ganha-destaque-internacional-em-acao-da-apexbrasil\/"},"modified":"2025-11-07T20:51:00","modified_gmt":"2025-11-07T23:51:00","slug":"exporta-mais-brasil-cafe-amazonico-ganha-destaque-internacional-em-acao-da-apexbrasil","status":"publish","type":"post","link":"https:\/\/noticiasdestaque.com.br\/index.php\/2025\/11\/07\/exporta-mais-brasil-cafe-amazonico-ganha-destaque-internacional-em-acao-da-apexbrasil\/","title":{"rendered":"Exporta Mais Brasil: caf\u00e9 amaz\u00f4nico ganha destaque internacional em a\u00e7\u00e3o da ApexBrasil"},"content":{"rendered":"<p>\t\t\t\t\t\t\t\t\t\t<audio controls class=\"b61_audio_player\" data-noticia=\"85720\" src=\"https:\/\/brasil61.com\/rails\/active_storage\/blobs\/eyJfcmFpbHMiOnsibWVzc2FnZSI6IkJBaHBBOW03QXc9PSIsImV4cCI6bnVsbCwicHVyIjoiYmxvYl9pZCJ9fQ==--047429d52e6c9c5d43dba8e626874df4c6dfa9a9\/APEX250081A\"><\/audio><\/p>\n<p>A primeira etapa da edi\u00e7\u00e3o <strong>Caf\u00e9s Especiais do programa Exporta Mais Brasil<\/strong>, promovido pela Ag\u00eancia Brasileira de Promo\u00e7\u00e3o de Exporta\u00e7\u00f5es e Investimentos (<a href=\"https:\/\/apexbrasil.com.br\/\">ApexBrasil<\/a>), <strong>reuniu 9 compradores<\/strong> da Am\u00e9rica, Europa, \u00c1sia e Oriente M\u00e9dio em Rio Branco (<a href=\"https:\/\/www.ac.gov.br\/\">AC<\/a>) <strong>para ter contato direto com a cafeicultura amaz\u00f4nica<\/strong>.<\/p>\n<p>Nos dias 2 e 3 de novembro, os participantes realizaram visitas t\u00e9cnicas a fazendas e cooperativas produtoras de caf\u00e9 robusta amaz\u00f4nico, atividades de cupping e encontros de neg\u00f3cios com produtores do <strong>Acre <\/strong>e de <a href=\"https:\/\/rondonia.ro.gov.br\/portal\/\"><strong>Rond\u00f4nia<\/strong><\/a>.<\/p>\n<p>A iniciativa busca <strong>expandir a presen\u00e7a dos caf\u00e9s brasileiros de alta qualidade no mercado global<\/strong>, al\u00e9m de <strong>refor\u00e7ar o protagonismo da agricultura familiar e dos povos ind\u00edgenas na produ\u00e7\u00e3o do caf\u00e9<\/strong> robusta amaz\u00f4nico, variedade que se destaca pelo reconhecimento nacional e internacional.<\/p>\n<p>Segundo o presidente da ApexBrasil, Jorge Viana,<strong> iniciar a agenda pelo estado demonstra a for\u00e7a da regi\u00e3o na produ\u00e7\u00e3o de caf\u00e9s diferenciados e sustent\u00e1veis<\/strong>: \u201cA Amaz\u00f4nia tem mostrado ao Brasil e ao mundo seu potencial para produzir caf\u00e9s especiais, combinando tradi\u00e7\u00e3o, tecnologia e sustentabilidade\u201d.<\/p>\n<p>Pedro Netto, representante regional da ApexBrasil na Regi\u00e3o Norte, destaca que \u201ca expectativa \u00e9 gerar muito neg\u00f3cio, renda e trabalho para quem vive no Acre, em Rond\u00f4nia, no Amazonas e em toda a Regi\u00e3o Norte do Brasil.\u201d<\/p>\n<h2>Produtividade e impacto social<\/h2>\n<p>De acordo com o Instituto Brasileiro de Geografia e Estat\u00edstica (<a href=\"https:\/\/www.ibge.gov.br\/\">IBGE<\/a>), <strong>a produ\u00e7\u00e3o de caf\u00e9 robusta na Amaz\u00f4nia tem crescido 4,6% ao ano desde 2019<\/strong>, quase tr\u00eas vezes acima da m\u00e9dia nacional. Os dados tamb\u00e9m revelam avan\u00e7o significativo na performance produtiva: <strong>Rond\u00f4nia <\/strong>e <strong>Acre <\/strong>registraram <strong>aumentos anuais de 9,7% e 9,1%<\/strong>, respectivamente.<\/p>\n<p>Al\u00e9m dos resultados econ\u00f4micos, a cafeicultura amaz\u00f4nica tem promovido benef\u00edcios sociais e ambientais, como o reconhecimento da produ\u00e7\u00e3o ind\u00edgena e a recupera\u00e7\u00e3o de \u00e1reas degradadas. Segundo a Companhia Nacional de Abastecimento (<a href=\"https:\/\/www.gov.br\/conab\/pt-br\">Conab<\/a>), a <strong>Regi\u00e3o Norte j\u00e1 \u00e9 a mais produtiva do pa\u00eds em sacas por hectare (54,8)<\/strong> e ocupa o terceiro lugar em volume total de produ\u00e7\u00e3o.<\/p>\n<h2>Avan\u00e7os e an\u00fancios estrat\u00e9gicos<\/h2>\n<p>Durante o encontro, a <strong>ApexBrasil anunciou duas a\u00e7\u00f5es<\/strong> que representam um avan\u00e7o estrat\u00e9gico para o caf\u00e9 amaz\u00f4nico. A primeira foi o <strong>lan\u00e7amento do <em>The Best of Canephora<\/em><\/strong>, o primeiro concurso internacional dedicado aos canephoras robustas amaz\u00f4nicos, que promete dar visibilidade global \u00e0 qualidade da variedade.\u00a0<\/p>\n<p>O <strong>segundo an\u00fancio<\/strong> foi a <strong>cria\u00e7\u00e3o de um curso para forma\u00e7\u00e3o de provadores profissionais de caf\u00e9 na Regi\u00e3o Norte<\/strong>, com previs\u00e3o para fevereiro de 2026. O foco ser\u00e1 a capacita\u00e7\u00e3o t\u00e9cnica e o fortalecimento da cadeia produtiva local.<\/p>\n<p>Essas medidas somam-se aos <strong>esfor\u00e7os do Governo Federal para apoiar o setor cafeeiro<\/strong>, com destaque para a abertura de cerca de 500 novos mercados internacionais em parceria com a ApexBrasil e o Itamaraty.\u00a0<\/p>\n<p>A estrat\u00e9gia, alinhada aos compromissos ambientais da <a href=\"https:\/\/cop30.br\/pt-br\">COP30<\/a>, integra as a\u00e7\u00f5es para diversificar mercados e apoiar exportadores brasileiros impactados pelas tarifas dos Estados Unidos.<\/p>\n<h2>Pr\u00f3ximas etapas<\/h2>\n<p>Ap\u00f3s a etapa no Acre, a edi\u00e7\u00e3o Caf\u00e9s Especiais do Exporta Mais Brasil seguiu para Minas Gerais e Esp\u00edrito Santo. Entre os dias 4 e 6 de novembro, os compradores participaram da Semana Internacional do Caf\u00e9 (<a href=\"https:\/\/semanainternacionaldocafe.com.br\/\">SIC<\/a>), em Belo Horizonte, e depois visitaram as regi\u00f5es de Matas de Minas e Capara\u00f3, conhecidas pela produ\u00e7\u00e3o de caf\u00e9s especiais.<\/p>\n<p>Com apoio do Servi\u00e7o Brasileiro de Apoio \u00e0s Micro e Pequenas Empresas (<a href=\"https:\/\/sebrae.com.br\/sites\/PortalSebrae\/\">Sebrae Nacional<\/a>), da Associa\u00e7\u00e3o Brasileira de Caf\u00e9s Especiais (<a href=\"https:\/\/www.bsca.com.br\/\">BSCA<\/a>) e de associa\u00e7\u00f5es regionais de produtores, <strong>o programa realizou 28 edi\u00e7\u00f5es entre 2023 e 2024<\/strong>, conectou 875 empresas brasileiras a 305 compradores internacionais de 65 pa\u00edses e <strong>resultou em R$ 553 milh\u00f5es em neg\u00f3cios<\/strong>.<\/p>\n<h2>Exporta\u00e7\u00f5es\u00a0<\/h2>\n<p><strong>A ApexBrasil tem<\/strong> <strong>desempenhado papel decisivo na internacionaliza\u00e7\u00e3o do caf\u00e9 robusta amaz\u00f4nico<\/strong>. Em agosto de 2023, a ag\u00eancia levou 20 compradores de 11 pa\u00edses a Cacoal (RO), o que resultou em R$ 8 milh\u00f5es em neg\u00f3cios.\u00a0<\/p>\n<p>J\u00e1 a parceria com a rede chinesa Luckin Coffee resultou em acordos bilion\u00e1rios: US$ 500 milh\u00f5es em 2024 e US$ 2,5 bilh\u00f5es entre 2025 e 2029, para fornecimento de at\u00e9 360 mil toneladas de caf\u00e9 brasileiro.<\/p>\n<p>\u201cIniciativas como essa t\u00eam impulsionado significativamente o crescimento das exporta\u00e7\u00f5es nacionais, que incluem n\u00e3o apenas o robusta amaz\u00f4nico, mas tamb\u00e9m outros tipos de caf\u00e9, como o ar\u00e1bica\u201d, ressalta Jorge Viana.<\/p>\n<p>Por meio das a\u00e7\u00f5es, <strong>as exporta\u00e7\u00f5es da Regi\u00e3o Norte saltaram<\/strong> de US$ 287 mil em 2022 para US$ 131 milh\u00f5es em 2024, um crescimento de 456 vezes em dois anos.<\/p>\n<p><b>VEJA MAIS:<\/b><\/p>\n<ul>\n<li><a href=\"https:\/\/brasil61.com\/n\/apexbrasil-lanca-novo-nucleo-do-peiex-no-abc-paulista-e-baixada-santista-apex250080\">ApexBrasil lan\u00e7a novo n\u00facleo do PEIEX no ABC Paulista e Baixada Santista<\/a><\/li>\n<li><a href=\"https:\/\/brasil61.com\/n\/apexbrasil-defende-avanco-do-acordo-mercosul-uniao-europeia-em-evento-sobre-parceria-estrategica-dos-blocos-na-belgica-apex250079\">ApexBrasil defende avan\u00e7o do Acordo Mercosul-Uni\u00e3o Europeia em evento sobre parceria estrat\u00e9gica dos blocos, na B\u00e9lgica<\/a><\/li>\n<\/ul>\n<p>\t\t\t\t\t\t\t\t\t<img loading=\"lazy\" decoding=\"async\" src=\"https:\/\/brasil61.com\/api\/v1\/serve_pixel\/17677\/85720\" alt=\"Pixel Brasil 61\" class=\"b61_pixel\" width=\"0\" height=\"0\"><\/p>\n<input type=\"hidden\" id=\"baseurl\" value=\"https:\/\/noticiasdestaque.com.br\"><input type=\"hidden\" id=\"audio_nonce\" value=\"6a24ca502e\">","protected":false},"excerpt":{"rendered":"<p>Primeira etapa da edi\u00e7\u00e3o Caf\u00e9s Especiais do programa Exporta Mais Brasil re\u00fane compradores em Rio Branco (AC) para contato direto com a cafeicultura da Amaz\u00f4nia<\/p>\n","protected":false},"author":1,"featured_media":47415,"comment_status":"open","ping_status":"open","sticky":false,"template":"","format":"standard","meta":{"fifu_image_url":"","fifu_image_alt":"","footnotes":""},"categories":[48],"tags":[],"class_list":["post-47414","post","type-post","status-publish","format-standard","has-post-thumbnail","hentry","category-mundo"],"distributor_meta":false,"distributor_terms":false,"distributor_media":false,"distributor_original_site_name":"Noticias em Destaque","distributor_original_site_url":"https:\/\/noticiasdestaque.com.br","push-errors":false,"_links":{"self":[{"href":"https:\/\/noticiasdestaque.com.br\/index.php\/wp-json\/wp\/v2\/posts\/47414","targetHints":{"allow":["GET"]}}],"collection":[{"href":"https:\/\/noticiasdestaque.com.br\/index.php\/wp-json\/wp\/v2\/posts"}],"about":[{"href":"https:\/\/noticiasdestaque.com.br\/index.php\/wp-json\/wp\/v2\/types\/post"}],"author":[{"embeddable":true,"href":"https:\/\/noticiasdestaque.com.br\/index.php\/wp-json\/wp\/v2\/users\/1"}],"replies":[{"embeddable":true,"href":"https:\/\/noticiasdestaque.com.br\/index.php\/wp-json\/wp\/v2\/comments?post=47414"}],"version-history":[{"count":0,"href":"https:\/\/noticiasdestaque.com.br\/index.php\/wp-json\/wp\/v2\/posts\/47414\/revisions"}],"wp:featuredmedia":[{"embeddable":true,"href":"https:\/\/noticiasdestaque.com.br\/index.php\/wp-json\/wp\/v2\/media\/47415"}],"wp:attachment":[{"href":"https:\/\/noticiasdestaque.com.br\/index.php\/wp-json\/wp\/v2\/media?parent=47414"}],"wp:term":[{"taxonomy":"category","embeddable":true,"href":"https:\/\/noticiasdestaque.com.br\/index.php\/wp-json\/wp\/v2\/categories?post=47414"},{"taxonomy":"post_tag","embeddable":true,"href":"https:\/\/noticiasdestaque.com.br\/index.php\/wp-json\/wp\/v2\/tags?post=47414"}],"curies":[{"name":"wp","href":"https:\/\/api.w.org\/{rel}","templated":true}]}}