{"id":47388,"date":"2025-11-07T16:52:00","date_gmt":"2025-11-07T19:52:00","guid":{"rendered":"https:\/\/noticiasdestaque.com.br\/index.php\/2025\/11\/07\/faturamento-da-industria-recua-13-em-setembro-revela-estudo-da-cni\/"},"modified":"2025-11-07T16:52:00","modified_gmt":"2025-11-07T19:52:00","slug":"faturamento-da-industria-recua-13-em-setembro-revela-estudo-da-cni","status":"publish","type":"post","link":"https:\/\/noticiasdestaque.com.br\/index.php\/2025\/11\/07\/faturamento-da-industria-recua-13-em-setembro-revela-estudo-da-cni\/","title":{"rendered":"Faturamento da ind\u00fastria recua 1,3% em setembro, revela estudo da CNI"},"content":{"rendered":"<p>Ap\u00f3s a queda de 1,3% registrada em setembro, o faturamento da ind\u00fastria brasileira voltou a recuar, aprofundando a retra\u00e7\u00e3o do setor. No m\u00eas anterior, o indicador j\u00e1 havia apresentado uma baixa de 5,2%. Os dados fazem parte dos Indicadores Industriais divulgados nesta sexta-feira (7) pela Confedera\u00e7\u00e3o Nacional da Ind\u00fastria <a href=\"https:\/\/cni.portaldaindustria.com.br\/pt\/\" target=\"_blank\">(CNI)<\/a>.<\/p>\n<p>Apesar da sequ\u00eancia negativa nos \u00faltimos meses, o desempenho acumulado de janeiro a setembro de 2025 ainda mostra alta de 2,1% em rela\u00e7\u00e3o ao mesmo per\u00edodo de 2024.<\/p>\n<p><a href=\"https:\/\/static.portaldaindustria.com.br\/portaldaindustria\/noticias\/media\/filer_public\/79\/1a\/791a9fd6-1e2a-4147-89f7-e4c55efef050\/indicadores_industriais_-_setembro_-_2025.pdf\" target=\"_blank\">Clique aqui para ter acesso ao estudo na \u00edntegra<\/a><\/p>\n<p>Na avalia\u00e7\u00e3o da especialista em Pol\u00edticas e Ind\u00fastria, Larissa Nocko, parte dessa essa instabilidade \u00e9 reflexo do cen\u00e1rio relacionado aos juros no Brasil. Segundo ela, esse efeito compromete a oferta de cr\u00e9dito e, consequentemente, desfavorece a movimenta\u00e7\u00e3o no setor.<\/p>\n<p>\u201cIsso se deve tanto em parte por conta dos efeitos dos juros sobre o mercado de cr\u00e9dito. Os consumidores acabam tendo acesso a um cr\u00e9dito mais caro e a menos cr\u00e9dito, como tamb\u00e9m \u00e0 penetra\u00e7\u00e3o de produtos importados no mercado dom\u00e9stico, que acabam capturando uma parte relevante desse mercado das ind\u00fastrias nacionais\u201d, destaca.<\/p>\n<h2>Redu\u00e7\u00e3o do emprego e da massa salarial<\/h2>\n<p>O levantamento da CNI tamb\u00e9m mostra que, em setembro, houve uma queda de 0,2% na empregabilidade. O resultado interrompeu uma sequ\u00eancia de estabilidade entre os meses de maio e agosto. At\u00e9 abril de 2025, o indicador acumulava 18 meses seguidos sem redu\u00e7\u00e3o.<\/p>\n<p>Apesar desse quadro, houve um aumento de 2% ao se levar em conta os nove primeiros meses deste ano, na compara\u00e7\u00e3o com o mesmo per\u00edodo do ano passado.<\/p>\n<p><a href=\"https:\/\/brasil61.com\/n\/cni-selic-em-15-impede-crescimento-da-economia-e-deixa-brasil-isolado-no-contexto-internacional-de-juros-reais-pind254671\" target=\"_blank\">CNI: Selic em 15% impede crescimento da economia e deixa Brasil isolado no contexto internacional de juros reais<\/a><\/p>\n<p><a href=\"https:\/\/brasil61.com\/n\/cni-mantem-projecao-do-pib-em-2-3-mas-reduz-previsao-de-alta-da-industria-para-1-6-pind254655\" target=\"_blank\">CNI mant\u00e9m proje\u00e7\u00e3o do PIB em 2,3%, mas reduz previs\u00e3o de alta da ind\u00fastria para 1,6%<\/a><\/p>\n<p>Quanto \u00e0 massa salarial, foi registrada uma redu\u00e7\u00e3o de 0,5% na passagem de agosto para setembro. Entre janeiro e setembro, foi verificado uma retra\u00e7\u00e3o de 2,4%, frente ao mesmo per\u00edodo de 2024.<\/p>\n<p>Setembro tamb\u00e9m foi negativo em rela\u00e7\u00e3o \u00e0 Utiliza\u00e7\u00e3o da Capacidade Instalada (UCI) do setor. Naquele m\u00eas, o indicador caiu para 77,9%. Em agosto, a taxa foi de 78,3%. Atualmente, o patamar da UCI est\u00e1 2,1 pontos percentuais abaixo do resultado de setembro de 2025.<\/p>\n<p>Para o professor de Economia da Universidade de Bras\u00edlia, Victor Gomes, no momento atual, \u00e9 importante que o pa\u00eds consiga estreitar rela\u00e7\u00f5es com mercados estabilizados, como \u00e9 o caso dos Estados Unidos. Dessa forma, ele acredita que pode haver um aquecimento da ind\u00fastria brasileira.<\/p>\n<p>\u201cNaturalmente, o setor industrial \u00e9 muito importante para a economia brasileira. O setor industrial \u00e9 que causa um dinamismo na economia. Nossa produ\u00e7\u00e3o industrial depende muito de parceiros estrat\u00e9gicos. A gente contribui muito com um produto semi-acabado, com um produto intermedi\u00e1rio. Ent\u00e3o, se o Brasil conseguir fechar algum acordo na contram\u00e3o de que outros mercados n\u00e3o est\u00e3o conseguindo fechar, como os Estados Unidos, vai ser um ponto positivo\u201d, pontua.<\/p>\n<h2>Estabilidade nas horas trabalhadas, produ\u00e7\u00e3o e rendimento<\/h2>\n<p>Ainda de acordo com a CNI, a quantidade de horas trabalhadas permaneceu est\u00e1vel, depois de uma ligeira eleva\u00e7\u00e3o de 0,1% entre agosto e setembro. J\u00e1 nos nove primeiros meses do ano, o indicador acumula um salto de 1,3%.<\/p>\n<p>\u201cIsso vem em linha com o desempenho est\u00e1vel tamb\u00e9m da produ\u00e7\u00e3o industrial, da ind\u00fastria de transforma\u00e7\u00e3o que \u00e9 monitorada pelo IBGE, e que tamb\u00e9m mostrou estabilidade nessa passagem de agosto para setembro. Outros indicadores, como o pr\u00f3prio emprego, o n\u00edvel de utiliza\u00e7\u00e3o da capacidade instalada, a massa salarial e o rendimento m\u00e9dio dos trabalhadores, tamb\u00e9m confirmam essa perda de dinamismo da ind\u00fastria de transforma\u00e7\u00e3o\u201d, pontua Larissa Nocko.<\/p>\n<p>O rendimento m\u00e9dio real dos trabalhadores tamb\u00e9m continuou o mesmo. Por\u00e9m, houve uma queda no \u00edndice de 4,4%, entre janeiro e setembro de 2025, em rela\u00e7\u00e3o ao mesmo recorte do ano passado.<br \/>\n\u00a0<\/p>\n<p>\t\t\t\t\t\t\t\t\t<img loading=\"lazy\" decoding=\"async\" src=\"https:\/\/brasil61.com\/api\/v1\/serve_pixel\/17677\/85711\" alt=\"Pixel Brasil 61\" class=\"b61_pixel\" width=\"0\" height=\"0\"><\/p>\n<input type=\"hidden\" id=\"baseurl\" value=\"https:\/\/noticiasdestaque.com.br\"><input type=\"hidden\" id=\"audio_nonce\" value=\"6a24ca502e\">","protected":false},"excerpt":{"rendered":"<p>Apesar da queda, indicador acumula alta de 2,1% nos nove primeiros meses de 2025, em rela\u00e7\u00e3o ao mesmo per\u00edodo do ano passado<\/p>\n","protected":false},"author":1,"featured_media":47389,"comment_status":"open","ping_status":"open","sticky":false,"template":"","format":"standard","meta":{"fifu_image_url":"","fifu_image_alt":"","footnotes":""},"categories":[59],"tags":[],"class_list":["post-47388","post","type-post","status-publish","format-standard","has-post-thumbnail","hentry","category-economia"],"distributor_meta":false,"distributor_terms":false,"distributor_media":false,"distributor_original_site_name":"Noticias em Destaque","distributor_original_site_url":"https:\/\/noticiasdestaque.com.br","push-errors":false,"_links":{"self":[{"href":"https:\/\/noticiasdestaque.com.br\/index.php\/wp-json\/wp\/v2\/posts\/47388","targetHints":{"allow":["GET"]}}],"collection":[{"href":"https:\/\/noticiasdestaque.com.br\/index.php\/wp-json\/wp\/v2\/posts"}],"about":[{"href":"https:\/\/noticiasdestaque.com.br\/index.php\/wp-json\/wp\/v2\/types\/post"}],"author":[{"embeddable":true,"href":"https:\/\/noticiasdestaque.com.br\/index.php\/wp-json\/wp\/v2\/users\/1"}],"replies":[{"embeddable":true,"href":"https:\/\/noticiasdestaque.com.br\/index.php\/wp-json\/wp\/v2\/comments?post=47388"}],"version-history":[{"count":0,"href":"https:\/\/noticiasdestaque.com.br\/index.php\/wp-json\/wp\/v2\/posts\/47388\/revisions"}],"wp:featuredmedia":[{"embeddable":true,"href":"https:\/\/noticiasdestaque.com.br\/index.php\/wp-json\/wp\/v2\/media\/47389"}],"wp:attachment":[{"href":"https:\/\/noticiasdestaque.com.br\/index.php\/wp-json\/wp\/v2\/media?parent=47388"}],"wp:term":[{"taxonomy":"category","embeddable":true,"href":"https:\/\/noticiasdestaque.com.br\/index.php\/wp-json\/wp\/v2\/categories?post=47388"},{"taxonomy":"post_tag","embeddable":true,"href":"https:\/\/noticiasdestaque.com.br\/index.php\/wp-json\/wp\/v2\/tags?post=47388"}],"curies":[{"name":"wp","href":"https:\/\/api.w.org\/{rel}","templated":true}]}}