{"id":47344,"date":"2025-11-06T04:50:00","date_gmt":"2025-11-06T07:50:00","guid":{"rendered":"https:\/\/noticiasdestaque.com.br\/index.php\/2025\/11\/06\/senado-aprova-projeto-que-valida-o-registro-de-terras-publicas-em-faixas-de-fronteiras\/"},"modified":"2025-11-06T04:50:00","modified_gmt":"2025-11-06T07:50:00","slug":"senado-aprova-projeto-que-valida-o-registro-de-terras-publicas-em-faixas-de-fronteiras","status":"publish","type":"post","link":"https:\/\/noticiasdestaque.com.br\/index.php\/2025\/11\/06\/senado-aprova-projeto-que-valida-o-registro-de-terras-publicas-em-faixas-de-fronteiras\/","title":{"rendered":"Senado aprova projeto que valida o registro de terras p\u00fablicas em faixas de fronteiras"},"content":{"rendered":"<p>\t\t\t\t\t\t\t\t\t\t<audio controls class=\"b61_audio_player\" data-noticia=\"85660\" src=\"https:\/\/brasil61.com\/rails\/active_storage\/blobs\/eyJfcmFpbHMiOnsibWVzc2FnZSI6IkJBaHBBNUM2QXc9PSIsImV4cCI6bnVsbCwicHVyIjoiYmxvYl9pZCJ9fQ==--d84bfba5635cde0353254ecceda2c1a42e5d824f\/BRAS2515088A\"><\/audio><\/p>\n<p>O Senado <strong>aprovou o projeto de lei que ratifica os registros imobili\u00e1rios de terras da Uni\u00e3o<\/strong> <strong>concedidas ou alienadas pelos estados<\/strong> <strong>em faixas de fronteira<\/strong>. O <a href=\"https:\/\/www25.senado.leg.br\/web\/atividade\/materias\/-\/materia\/169087\" target=\"_blank\">PL 4497\/2024<\/a>, de <strong>autoria do deputado Ti\u00e3o Medeiros (PP\/PR)<\/strong> e com <strong>altera\u00e7\u00f5es feitas pela senadora Tereza Cristina (PP-MS)<\/strong>, foi aprovado em vota\u00e7\u00e3o simb\u00f3lica e segue para an\u00e1lise da C\u00e2mara dos Deputados.\u00a0<\/p>\n<p>O texto, que <strong>altera as leis de Registros P\u00fablicos<\/strong>\u00a0(<a href=\"https:\/\/normas.leg.br\/?urn=urn:lex:br:federal:lei:1973-12-31;6015\" target=\"_blank\">6015\/1973<\/a>) e de <strong>Regulariza\u00e7\u00e3o Fundi\u00e1ria na Faixa de Fronteira<\/strong>\u00a0(<a href=\"https:\/\/normas.leg.br\/?urn=urn:lex:br:federal:lei:2015-10-22;13178\" target=\"_blank\">Lei 13.178\/2015<\/a>), padroniza os procedimentos para valida\u00e7\u00e3o de registros e <strong>refor\u00e7a a participa\u00e7\u00e3o da Uni\u00e3o e do Incra no processo<\/strong>. O \u00f3rg\u00e3o ter\u00e1 cinco anos para verificar se os propriet\u00e1rios cumprem<strong> a fun\u00e7\u00e3o social da terra, conforme previsto na Constitui\u00e7\u00e3o<\/strong>.<\/p>\n<p>Segundo Tereza Cristina, a proposta corrige um impasse, substituindo exig\u00eancias desnecess\u00e1rias e impratic\u00e1veis e garantindo mais seguran\u00e7a jur\u00eddica ao produtor rural. A relatora destacou que a falta de um procedimento nacional unificado gerou diferentes regras entre os estados, dificultando a regulariza\u00e7\u00e3o das propriedades.\u00a0<strong>L\u00edder do governo, o senador Jaques Wagner (PT-BA)<\/strong> retirou destaque apresentado ao texto e apontou controv\u00e9rsias em rela\u00e7\u00e3o a mat\u00e9ria.\u00a0<\/p>\n<h2>Pontos principais do projeto:<\/h2>\n<ul>\n<li>Uniformiza o processo de valida\u00e7\u00e3o dos registros de terras em faixas de fronteira;<\/li>\n<li>Define responsabilidade dos cart\u00f3rios e do Incra pela certifica\u00e7\u00e3o;<\/li>\n<li>Exige aprova\u00e7\u00e3o do Congresso para propriedades acima de 2.500 hectares;<\/li>\n<li>Afeta 11 estados e cerca de 140 milh\u00f5es de hectares em \u00e1reas de fronteira, segundo o Senado.<\/li>\n<\/ul>\n<p>As informa\u00e7\u00f5es s\u00e3o da <a href=\"https:\/\/www12.senado.leg.br\/noticias\" target=\"_blank\">Ag\u00eancia Senado<\/a>.<\/p>\n<p>\t\t\t\t\t\t\t\t\t<img loading=\"lazy\" decoding=\"async\" src=\"https:\/\/brasil61.com\/api\/v1\/serve_pixel\/17677\/85660\" alt=\"Pixel Brasil 61\" class=\"b61_pixel\" width=\"0\" height=\"0\"><\/p>\n<input type=\"hidden\" id=\"baseurl\" value=\"https:\/\/noticiasdestaque.com.br\"><input type=\"hidden\" id=\"audio_nonce\" value=\"6a24ca502e\">","protected":false},"excerpt":{"rendered":"<p>O projeto de lei apresentado pela senadora Tereza Cristina (PP-MS) retorna \u00e0 C\u00e2mara dos Deputados para an\u00e1lise<\/p>\n","protected":false},"author":1,"featured_media":47345,"comment_status":"open","ping_status":"open","sticky":false,"template":"","format":"standard","meta":{"fifu_image_url":"","fifu_image_alt":"","footnotes":""},"categories":[50],"tags":[],"class_list":["post-47344","post","type-post","status-publish","format-standard","has-post-thumbnail","hentry","category-politica"],"distributor_meta":false,"distributor_terms":false,"distributor_media":false,"distributor_original_site_name":"Noticias em Destaque","distributor_original_site_url":"https:\/\/noticiasdestaque.com.br","push-errors":false,"_links":{"self":[{"href":"https:\/\/noticiasdestaque.com.br\/index.php\/wp-json\/wp\/v2\/posts\/47344","targetHints":{"allow":["GET"]}}],"collection":[{"href":"https:\/\/noticiasdestaque.com.br\/index.php\/wp-json\/wp\/v2\/posts"}],"about":[{"href":"https:\/\/noticiasdestaque.com.br\/index.php\/wp-json\/wp\/v2\/types\/post"}],"author":[{"embeddable":true,"href":"https:\/\/noticiasdestaque.com.br\/index.php\/wp-json\/wp\/v2\/users\/1"}],"replies":[{"embeddable":true,"href":"https:\/\/noticiasdestaque.com.br\/index.php\/wp-json\/wp\/v2\/comments?post=47344"}],"version-history":[{"count":0,"href":"https:\/\/noticiasdestaque.com.br\/index.php\/wp-json\/wp\/v2\/posts\/47344\/revisions"}],"wp:featuredmedia":[{"embeddable":true,"href":"https:\/\/noticiasdestaque.com.br\/index.php\/wp-json\/wp\/v2\/media\/47345"}],"wp:attachment":[{"href":"https:\/\/noticiasdestaque.com.br\/index.php\/wp-json\/wp\/v2\/media?parent=47344"}],"wp:term":[{"taxonomy":"category","embeddable":true,"href":"https:\/\/noticiasdestaque.com.br\/index.php\/wp-json\/wp\/v2\/categories?post=47344"},{"taxonomy":"post_tag","embeddable":true,"href":"https:\/\/noticiasdestaque.com.br\/index.php\/wp-json\/wp\/v2\/tags?post=47344"}],"curies":[{"name":"wp","href":"https:\/\/api.w.org\/{rel}","templated":true}]}}