{"id":47238,"date":"2025-11-01T04:55:00","date_gmt":"2025-11-01T07:55:00","guid":{"rendered":"https:\/\/noticiasdestaque.com.br\/index.php\/2025\/11\/01\/camara-aprova-pl-que-cria-politica-nacional-de-economia-circular\/"},"modified":"2025-11-01T04:55:00","modified_gmt":"2025-11-01T07:55:00","slug":"camara-aprova-pl-que-cria-politica-nacional-de-economia-circular","status":"publish","type":"post","link":"https:\/\/noticiasdestaque.com.br\/index.php\/2025\/11\/01\/camara-aprova-pl-que-cria-politica-nacional-de-economia-circular\/","title":{"rendered":"C\u00e2mara aprova PL que cria pol\u00edtica nacional de Economia Circular"},"content":{"rendered":"<p>A <strong>C\u00e2mara dos Deputados<\/strong> aprovou projeto de lei que institui a <strong>Pol\u00edtica Nacional de Economia Circular (PNEC) <\/strong>para promover a transi\u00e7\u00e3o para um modelo econ\u00f4mico sustent\u00e1vel, regenerativo e inclusivo. A proposta \u00e9 de autoria da deputada <strong>Jandira Feghali (PCdoB-RJ)<\/strong> e ser\u00e1 encaminhada ao Senado. O Projeto de <strong>Lei 3899\/12<\/strong> foi aprovado com substitutivo do deputado <strong>Luciano Vieira (Republicanos-RJ)<\/strong>. O texto define a economia circular como o sistema econ\u00f4mico que mant\u00e9m o fluxo circular de recursos finitos por meio da redu\u00e7\u00e3o de res\u00edduos, circula\u00e7\u00e3o de produtos e materiais e da regenera\u00e7\u00e3o.<\/p>\n<p>Al\u00e9m de instituir a <strong>PNEC<\/strong>, o projeto tamb\u00e9m cria o <strong>F\u00f3rum Nacional de Economia Circular<\/strong>, composto por ministros de Estado, representantes da sociedade civil e dos setores industrial, comercial, agropecu\u00e1rio e de servi\u00e7os. Esse f\u00f3rum estimular\u00e1 a cria\u00e7\u00e3o de outros nos \u00e2mbitos estaduais e municipais para incentivar a elabora\u00e7\u00e3o de planos de a\u00e7\u00e3o sobre o tema e a transi\u00e7\u00e3o justa. Os planos dever\u00e3o prever metas quantitativas e qualitativas de redu\u00e7\u00e3o, reaproveitamento, reciclagem e circularidade de res\u00edduos. Ter\u00e3o ainda de descrever as medidas t\u00e9cnicas e operacionais de elimina\u00e7\u00e3o de rejeitos e promo\u00e7\u00e3o do re\u00faso de materiais ao longo do ciclo produtivo.<\/p>\n<p>O projeto prev\u00ea que o <strong>poder p\u00fablico incentive a pesquisa, o desenvolvimento e a inova\u00e7\u00e3o de tecnologias, processos, novos modelos de neg\u00f3cios e forma\u00e7\u00e3o de profissionais especializados na economia da circularidade<\/strong>. Esse apoio poder\u00e1 ser, por exemplo, com pesquisa, desenvolvimento e inova\u00e7\u00e3o nos processos produtivos, nos modelos de neg\u00f3cios ou pelo desenvolvimento de sistemas de informa\u00e7\u00e3o que ajudem no registro, no mapeamento e no monitoramento inteligente de estoques e fluxos de recursos. Outra forma de participa\u00e7\u00e3o direta da administra\u00e7\u00e3o \u00e9 a determina\u00e7\u00e3o de seguir o princ\u00edpio da circularidade em procedimentos de contrata\u00e7\u00e3o.<\/p>\n<p>Quanto ao mecanismo de transi\u00e7\u00e3o justa, o texto lista alguns objetivos, como apoiar a transi\u00e7\u00e3o para atividades de baixo carbono e resilientes ao clima; estimular a cria\u00e7\u00e3o de novos empregos na economia circular; e promover o acesso ao financiamento para as autoridades p\u00fablicas locais. Caber\u00e1 a esse mecanismo fornecer apoio direcionado \u00e0s regi\u00f5es e aos setores mais afetados pela transi\u00e7\u00e3o para a economia circular. Para setores e ind\u00fastrias com alta emiss\u00e3o de carbono, o mecanismo deve apoiar a transi\u00e7\u00e3o para o uso de tecnologias de baixo carbono e a diversifica\u00e7\u00e3o econ\u00f4mica baseada em investimentos e na gera\u00e7\u00e3o de empregos resilientes ao clima.<\/p>\n<p>&#8220;Essa abordagem integrada e orientada \u00e0 execu\u00e7\u00e3o visa garantir que os princ\u00edpios da circularidade se materializem em pol\u00edticas p\u00fablicas mensur\u00e1veis, metas audit\u00e1veis e transforma\u00e7\u00f5es estruturais&#8221;, afirmou o relator do projeto, deputado Luciano Vieira. Segundo o deputado, as diretrizes de pouco valer\u00e3o se n\u00e3o estiverem associadas a mecanismos eficazes de responsabiliza\u00e7\u00e3o e repara\u00e7\u00e3o de danos. &#8220;A experi\u00eancia brasileira recente demonstra, de forma dolorosa, que os instrumentos tradicionais de comando-e-controle ambiental e a responsabiliza\u00e7\u00e3o penal\/administrativa j\u00e1 existentes t\u00eam sido insuficientes para prevenir trag\u00e9dias socioambientais de grande magnitude&#8221;, disse Vieira, ao citar o rompimento das barragens de rejeitos de minera\u00e7\u00e3o em <strong>Brumadinho (MG) <\/strong>e <strong>Mariana (MG)<\/strong>.<\/p>\n<p>Com regras de responsabiliza\u00e7\u00e3o mais eficientes no Brasil, os administradores e controladores das empresas evitariam atitudes mais arriscadas socioambientalmente e seriam mais diligentes na disponibiliza\u00e7\u00e3o de informa\u00e7\u00f5es aos interessados, na opini\u00e3o de Vieira.<\/p>\n<p>A autora do projeto, deputada Jandira Feghali, afirmou que economia circular garante reciclagem de materiais, reaproveitamento, transi\u00e7\u00e3o energ\u00e9tica, sustentabilidade e contamina menos o meio ambiente.<\/p>\n<p>J\u00e1 o deputado <strong>Rodrigo da Zaeli (PL-MT)<\/strong> alertou sobre impacto da proposta nas pequenas e m\u00e9dias empresas. &#8220;Toda vez que a gente quer agradar um p\u00fablico de minorias, acontece que a maioria paga a conta&#8221;, disse. O processo de discuss\u00e3o e vota\u00e7\u00e3o do projeto demorou mais de tr\u00eas horas. Alguns dos parlamentares, como o deputado <strong>Rodrigo Rollemberg (PSB-DF)<\/strong>, defenderam a vota\u00e7\u00e3o de um texto vindo do Senado. Essa vers\u00e3o, entre outros pontos, previa a participa\u00e7\u00e3o do agroneg\u00f3cio na economia circular.<\/p>\n<p>Os deputados retiraram a obriga\u00e7\u00e3o de embarca\u00e7\u00f5es instalarem cercos preventivos durante opera\u00e7\u00f5es de abastecimento, limpeza de tanques, retirada de res\u00edduos e outras atividades com risco de derramamento. &#8220;Esse \u00e9 o famigerado destaque que a Marinha do Brasil nos pede para votarmos &#8216;n\u00e3o&#8217;. O <strong>PSD <\/strong>acompanha a Marinha para n\u00e3o prejudicar essa importante institui\u00e7\u00e3o&#8221;, disse a deputada <strong>Laura Carneiro (PSD-RJ)<\/strong>. Para o deputado <strong>Pompeo de Mattos (PDT-RS)<\/strong>, os custos de coloca\u00e7\u00e3o do aparato de prote\u00e7\u00e3o e de fiscaliza\u00e7\u00e3o gerariam uma burocracia desnecess\u00e1ria. &#8220;Temos de valorizar quem tem o barco, proteger quem tem o barco, mas n\u00e3o burocratizar e fazer exig\u00eancias esdr\u00faxulas&#8221;, disse.<\/p>\n<p>Para o deputado <strong>Gilson Marques (Novo-SC)<\/strong>, o texto cria exig\u00eancias enormes e inviabiliza atividades de embarca\u00e7\u00f5es estrangeiras no Brasil. &#8220;Prestem aten\u00e7\u00e3o na absurda exig\u00eancia e lista enorme que o Brasil est\u00e1 exigindo para que uma opera\u00e7\u00e3o, que deveria ser livre, n\u00e3o aconte\u00e7a.&#8221; O relator do projeto, Luciano Vieira, aceitou mudan\u00e7a sugerida pela federa\u00e7\u00e3o <strong>Psol-Rede<\/strong> para evitar brechas para as ind\u00fastrias de incinera\u00e7\u00e3o se beneficiarem da proposta. Segundo o deputado <strong>T\u00falio Gad\u00ealha (Rede-PE)<\/strong>, a incinera\u00e7\u00e3o n\u00e3o est\u00e1 dentro do contexto da economia circular, e uma m\u00e1 interpreta\u00e7\u00e3o poderia prejudicar cooperativas de catadores.<\/p>\n<p>Fonte: Ag\u00eancia C\u00e2mara de Not\u00edcias<\/p>\n<p>\t\t\t\t\t\t\t\t\t<img loading=\"lazy\" decoding=\"async\" src=\"https:\/\/brasil61.com\/api\/v1\/serve_pixel\/17677\/85601\" alt=\"Pixel Brasil 61\" class=\"b61_pixel\" width=\"0\" height=\"0\"><\/p>\n<input type=\"hidden\" id=\"baseurl\" value=\"https:\/\/noticiasdestaque.com.br\"><input type=\"hidden\" id=\"audio_nonce\" value=\"6a24ca502e\">","protected":false},"excerpt":{"rendered":"<p>O texto define a economia circular como o sistema econ\u00f4mico que mant\u00e9m o fluxo circular de recursos finitos por meio da redu\u00e7\u00e3o de res\u00edduos, circula\u00e7\u00e3o de produtos e materiais e da regenera\u00e7\u00e3o<\/p>\n","protected":false},"author":1,"featured_media":47239,"comment_status":"open","ping_status":"open","sticky":false,"template":"","format":"standard","meta":{"fifu_image_url":"","fifu_image_alt":"","footnotes":""},"categories":[59],"tags":[],"class_list":["post-47238","post","type-post","status-publish","format-standard","has-post-thumbnail","hentry","category-economia"],"distributor_meta":false,"distributor_terms":false,"distributor_media":false,"distributor_original_site_name":"Noticias em Destaque","distributor_original_site_url":"https:\/\/noticiasdestaque.com.br","push-errors":false,"_links":{"self":[{"href":"https:\/\/noticiasdestaque.com.br\/index.php\/wp-json\/wp\/v2\/posts\/47238","targetHints":{"allow":["GET"]}}],"collection":[{"href":"https:\/\/noticiasdestaque.com.br\/index.php\/wp-json\/wp\/v2\/posts"}],"about":[{"href":"https:\/\/noticiasdestaque.com.br\/index.php\/wp-json\/wp\/v2\/types\/post"}],"author":[{"embeddable":true,"href":"https:\/\/noticiasdestaque.com.br\/index.php\/wp-json\/wp\/v2\/users\/1"}],"replies":[{"embeddable":true,"href":"https:\/\/noticiasdestaque.com.br\/index.php\/wp-json\/wp\/v2\/comments?post=47238"}],"version-history":[{"count":0,"href":"https:\/\/noticiasdestaque.com.br\/index.php\/wp-json\/wp\/v2\/posts\/47238\/revisions"}],"wp:featuredmedia":[{"embeddable":true,"href":"https:\/\/noticiasdestaque.com.br\/index.php\/wp-json\/wp\/v2\/media\/47239"}],"wp:attachment":[{"href":"https:\/\/noticiasdestaque.com.br\/index.php\/wp-json\/wp\/v2\/media?parent=47238"}],"wp:term":[{"taxonomy":"category","embeddable":true,"href":"https:\/\/noticiasdestaque.com.br\/index.php\/wp-json\/wp\/v2\/categories?post=47238"},{"taxonomy":"post_tag","embeddable":true,"href":"https:\/\/noticiasdestaque.com.br\/index.php\/wp-json\/wp\/v2\/tags?post=47238"}],"curies":[{"name":"wp","href":"https:\/\/api.w.org\/{rel}","templated":true}]}}