{"id":47230,"date":"2025-10-31T19:06:00","date_gmt":"2025-10-31T22:06:00","guid":{"rendered":"https:\/\/noticiasdestaque.com.br\/index.php\/2025\/10\/31\/reajuste-do-simples-nacional-pode-impulsionar-pequenos-negocios-e-gerar-870-mil-empregos\/"},"modified":"2025-10-31T19:06:00","modified_gmt":"2025-10-31T22:06:00","slug":"reajuste-do-simples-nacional-pode-impulsionar-pequenos-negocios-e-gerar-870-mil-empregos","status":"publish","type":"post","link":"https:\/\/noticiasdestaque.com.br\/index.php\/2025\/10\/31\/reajuste-do-simples-nacional-pode-impulsionar-pequenos-negocios-e-gerar-870-mil-empregos\/","title":{"rendered":"Reajuste do Simples Nacional pode impulsionar pequenos neg\u00f3cios e gerar 870 mil empregos"},"content":{"rendered":"<p>\t\t\t\t\t\t\t\t\t\t<audio controls class=\"b61_audio_player\" data-noticia=\"85587\" src=\"https:\/\/brasil61.com\/rails\/active_storage\/blobs\/eyJfcmFpbHMiOnsibWVzc2FnZSI6IkJBaHBBMHEzQXc9PSIsImV4cCI6bnVsbCwicHVyIjoiYmxvYl9pZCJ9fQ==--2f7ebca76f779c71b5593381c9624e98f01603bf\/CACB250078A\"><\/audio><\/p>\n<p>H\u00e1 mais de dois anos, a microempreendedora Fernanda Godoy trabalha com prepara\u00e7\u00e3o de documentos e servi\u00e7os administrativos em Bras\u00edlia (DF). Mesmo atuando dentro das regras do MEI, ela vive a <strong>preocupa\u00e7\u00e3o constante de n\u00e3o ultrapassar o limite de faturamento, o que pode limitar o crescimento do neg\u00f3cio.<\/strong><br \/>\n\u00a0<br \/>\nIntegrante do <a href=\"https:\/\/www.cmecmulher.com.br\/\" target=\"_blank\">Conselho Nacional da Mulher Empreendedora e da Cultura (CEMC)<\/a>, Godoy defende a necessidade de reajuste na tabela do Simples como forma de assegurar estabilidade e seguran\u00e7a aos pequenos neg\u00f3cios.<\/p>\n<p>Segundo ela,<strong> ampliar o limite de faturamento para perman\u00eancia no regime \u00e9 fundamental para incentivar a formaliza\u00e7\u00e3o e permitir que empreendedores continuem investindo em suas atividades.<\/strong><\/p>\n<p>\u201cO reajuste do limite do MEI \u00e9 super importante para que a gente possa continuar crescendo dentro da legalidade sem precisar sair do regime por causa do faturamento. Isso d\u00e1 mais seguran\u00e7a para planejar e investir no nosso neg\u00f3cio e tamb\u00e9m \u00e9 uma forma de incentivar a formalidade. Quando o limite n\u00e3o acompanha a realidade, muita gente acaba trabalhando de forma informal. Ent\u00e3o, esse reajuste ajuda a manter os empreendedores formalizados e contribuindo direitinho\u201d, avalia Fernanda Godoy.<\/p>\n<h2>Urg\u00eancia<\/h2>\n<p>O<strong> tema \u00e9 discutido no Congresso Nacional por meio do projeto de lei complementar <a href=\"https:\/\/www.camara.leg.br\/proposicoesWeb\/fichadetramitacao?idProposicao=2295251\" target=\"_blank\">(PLP) n\u00ba 108\/2021<\/a><\/strong>, que atualiza o estatuto da micro e pequena empresa, reajusta a tabela do Simples Nacional e institui corre\u00e7\u00e3o autom\u00e1tica pela infla\u00e7\u00e3o. \u00a0<\/p>\n<p>A proposta tem gerado mobiliza\u00e7\u00e3o no Legislativo, inclusive com a assinatura de manifesto por seis frentes parlamentares em outubro. As frentes s\u00e3o de diferentes espectros pol\u00edticos e solicitaram a vota\u00e7\u00e3o urgente do texto.<strong> A proposta tem o potencial de beneficiar cerca de 23 milh\u00f5es de empreendimentos em todo o Brasil.<\/strong><\/p>\n<p>O documento menciona que os<strong> valores foram corro\u00eddos em mais de 40% pela infla\u00e7\u00e3o<\/strong>. Al\u00e9m disso, ressalta que a <strong>atualiza\u00e7\u00e3o pode gerar at\u00e9 870 mil novos empregos e devolver aos cofres p\u00fablicos, por meio de impostos, entre R$ 18 bilh\u00f5es e R$ 22 bilh\u00f5es em at\u00e9 tr\u00eas anos e meio.<\/strong><\/p>\n<p>O vice-presidente jur\u00eddico da <a href=\"https:\/\/cacb.org.br\/\" target=\"_blank\">Confedera\u00e7\u00e3o das Associa\u00e7\u00f5es Comerciais e Empresariais do Brasil (CACB)<\/a>, <strong>Anderson Trautman, refor\u00e7a que a CACB tem apoiado o movimento em prol da aprova\u00e7\u00e3o do projeto \u2013 considerando que os limites para enquadramento no Simples Nacional n\u00e3o s\u00e3o corrigidos desde 2018.<\/strong><\/p>\n<p>\u201cCom esta corre\u00e7\u00e3o pela infla\u00e7\u00e3o deste per\u00edodo, n\u00f3s esperamos a gera\u00e7\u00e3o de mais de 800 mil novos postos de trabalho no Brasil. Ser\u00e3o mais de 80 bilh\u00f5es de reais circulando nos setores produtivos contemplados pelo Simples Nacional e mais de 29 bilh\u00f5es de reais por ano de reinvestimento dessas empresas na economia brasileira. \u00c9 um movimento extremamente representativo que muito contribuir\u00e1 para o crescimento da economia no Brasil. Mais formaliza\u00e7\u00e3o, mais competitividade, e que resultar\u00e1, inclusive, em mais arrecada\u00e7\u00e3o, sem impacto negativo para as contas p\u00fablicas\u201d, salienta Trautman.<\/p>\n<p>J\u00e1 a administradora e microempreendedora individual Vanessa Valadares, tamb\u00e9m da capital federal, atua na \u00e1rea da constru\u00e7\u00e3o civil e refor\u00e7a a import\u00e2ncia da atualiza\u00e7\u00e3o das tabelas do Simples Nacional. Na avalia\u00e7\u00e3o dela, a <strong>aus\u00eancia de reajuste desestimula os pequenos empres\u00e1rios.<\/strong><\/p>\n<p>\u201cEsse reajuste do limite do MEI \u00e9 extremamente importante. Estamos h\u00e1 sete anos sem atualiza\u00e7\u00e3o, muita gente acaba sendo desenquadrada por uma diferen\u00e7a m\u00ednima de faturamento e com isso passa a pagar muito mais imposto. O efeito disso, na pr\u00e1tica, desestimula o pequeno empreendedor, e empurra muita gente para a informalidade. Ent\u00e3o, um reajuste justo e atualizado iria permitir que esses profissionais continuassem contribuindo e crescendo dentro da legalidade\u201d, aponta Valadares.<\/p>\n<h2>O que diz o PLP 108\/2021?<\/h2>\n<p>Pela proposta, o<strong> teto do MEI deve passar de R$ 81 mil para R$ 144,9 mil ao ano<\/strong>; o de microempresa, de R$ 360 mil para R$ 869,4 mil; e o de empresa de pequeno porte, de R$ 4,8 milh\u00f5es para R$ 8,69 milh\u00f5es.\u00a0<\/p>\n<p><strong>Estimativas da CACB apontam que a medida pode gerar 869 mil empregos e movimentar cerca de R$ 81,2 bilh\u00f5es na economia do pa\u00eds.<\/strong><\/p>\n<h2>CMEC<\/h2>\n<p>O CMEC \u00e9 vinculado \u00e0 Confedera\u00e7\u00e3o das Associa\u00e7\u00f5es Comerciais e Empresariais do Brasil (CACB) e atua como um conselho deliberativo dentro da entidade. A Confedera\u00e7\u00e3o oferta estrutura e o suporte para o funcionamento do CMEC Nacional, que \u00e9 <strong>dedicado a fortalecer e incentivar o empreendedorismo feminino em todo o territ\u00f3rio nacional<\/strong>, por meio da rede das Associa\u00e7\u00f5es Comerciais.\u00a0<br \/>\n\u00a0<\/p>\n<p>\t\t\t\t\t\t\t\t\t<img loading=\"lazy\" decoding=\"async\" src=\"https:\/\/brasil61.com\/api\/v1\/serve_pixel\/17677\/85587\" alt=\"Pixel Brasil 61\" class=\"b61_pixel\" width=\"0\" height=\"0\"><\/p>\n<input type=\"hidden\" id=\"baseurl\" value=\"https:\/\/noticiasdestaque.com.br\"><input type=\"hidden\" id=\"audio_nonce\" value=\"6f73a554f1\">","protected":false},"excerpt":{"rendered":"<p>Empres\u00e1rios e entidades defendem atualiza\u00e7\u00e3o dos limites de faturamento, congelados desde 2018, para estimular a formaliza\u00e7\u00e3o e fortalecer a economia brasileira<\/p>\n","protected":false},"author":1,"featured_media":47231,"comment_status":"open","ping_status":"open","sticky":false,"template":"","format":"standard","meta":{"fifu_image_url":"","fifu_image_alt":"","footnotes":""},"categories":[59],"tags":[],"class_list":["post-47230","post","type-post","status-publish","format-standard","has-post-thumbnail","hentry","category-economia"],"distributor_meta":false,"distributor_terms":false,"distributor_media":false,"distributor_original_site_name":"Noticias em Destaque","distributor_original_site_url":"https:\/\/noticiasdestaque.com.br","push-errors":false,"_links":{"self":[{"href":"https:\/\/noticiasdestaque.com.br\/index.php\/wp-json\/wp\/v2\/posts\/47230","targetHints":{"allow":["GET"]}}],"collection":[{"href":"https:\/\/noticiasdestaque.com.br\/index.php\/wp-json\/wp\/v2\/posts"}],"about":[{"href":"https:\/\/noticiasdestaque.com.br\/index.php\/wp-json\/wp\/v2\/types\/post"}],"author":[{"embeddable":true,"href":"https:\/\/noticiasdestaque.com.br\/index.php\/wp-json\/wp\/v2\/users\/1"}],"replies":[{"embeddable":true,"href":"https:\/\/noticiasdestaque.com.br\/index.php\/wp-json\/wp\/v2\/comments?post=47230"}],"version-history":[{"count":0,"href":"https:\/\/noticiasdestaque.com.br\/index.php\/wp-json\/wp\/v2\/posts\/47230\/revisions"}],"wp:featuredmedia":[{"embeddable":true,"href":"https:\/\/noticiasdestaque.com.br\/index.php\/wp-json\/wp\/v2\/media\/47231"}],"wp:attachment":[{"href":"https:\/\/noticiasdestaque.com.br\/index.php\/wp-json\/wp\/v2\/media?parent=47230"}],"wp:term":[{"taxonomy":"category","embeddable":true,"href":"https:\/\/noticiasdestaque.com.br\/index.php\/wp-json\/wp\/v2\/categories?post=47230"},{"taxonomy":"post_tag","embeddable":true,"href":"https:\/\/noticiasdestaque.com.br\/index.php\/wp-json\/wp\/v2\/tags?post=47230"}],"curies":[{"name":"wp","href":"https:\/\/api.w.org\/{rel}","templated":true}]}}