{"id":47218,"date":"2025-10-31T20:35:00","date_gmt":"2025-10-31T23:35:00","guid":{"rendered":"https:\/\/noticiasdestaque.com.br\/index.php\/2025\/10\/31\/previsao-do-tempo-sabado-1-com-pancadas-de-chuva-no-sudeste\/"},"modified":"2025-10-31T20:35:00","modified_gmt":"2025-10-31T23:35:00","slug":"previsao-do-tempo-sabado-1-com-pancadas-de-chuva-no-sudeste","status":"publish","type":"post","link":"https:\/\/noticiasdestaque.com.br\/index.php\/2025\/10\/31\/previsao-do-tempo-sabado-1-com-pancadas-de-chuva-no-sudeste\/","title":{"rendered":"PREVIS\u00c3O DO TEMPO: s\u00e1bado (1\u00b0) com pancadas de chuva no Sudeste"},"content":{"rendered":"<p>\t\t\t\t\t\t\t\t\t\t<audio controls class=\"b61_audio_player\" data-noticia=\"85560\" src=\"https:\/\/brasil61.com\/rails\/active_storage\/blobs\/eyJfcmFpbHMiOnsibWVzc2FnZSI6IkJBaHBBMHkzQXc9PSIsImV4cCI6bnVsbCwicHVyIjoiYmxvYl9pZCJ9fQ==--969c63490628479afc8dc2394b6535486b14fbf5\/PTSD254238A\"><\/audio><\/p>\n<p>A <strong>previs\u00e3o do tempo para a regi\u00e3o Sudeste<\/strong> do pa\u00eds, neste <strong>s\u00e1bado (1\u00b0)<\/strong>, \u00e9 de c\u00e9u com muitas nuvens e pancadas de chuva com trovoadas.<\/p>\n<p>O <strong>Instituto Nacional de Meteorologia (Inmet) alerta sobre perigo potencial de chuvas intensas<\/strong> no Rio de Janeiro, no Esp\u00edrito Santo, em quase todo estado de Minas Gerais, exceto em Mata Verde e Carneirinho. O mesmo alerta atinge o Vale do Para\u00edba Paulista, em S\u00e3o Paulo, como tamb\u00e9m a capital. <strong>O Inmet adverte do perigo de acumulado de chuva<\/strong>, que deve atingir os munic\u00edpios de Te\u00f3filo Otoni, Juiz de Fora a Tr\u00eas Marias, em Minas, quase todo Esp\u00edrito Santo e o norte do Rio de Janeiro, em Campos dos Goytacazes. Tamb\u00e9m no territ\u00f3rio mineiro, no extremo norte, <strong>h\u00e1 perigo potencial de baixa umidade<\/strong>, como em Espinosa.<\/p>\n<p>A manh\u00e3 \u00e9 de muitas nuvens em todos os quatro estados. O dia come\u00e7a com pancadas de chuva isoladas em quase toda regi\u00e3o, exceto em Presidente Prudente, S\u00e3o Paulo. Pancadas com trovoadas isoladas atingem o centro-leste de Minas, como tamb\u00e9m a capital, Belo Horizonte. A mesma condi\u00e7\u00e3o afeta as divisas de Minas com o Rio de Janeiro, Esp\u00edrito Santo e S\u00e3o Paulo, nos munic\u00edpios de Valen\u00e7a, Pinheiros\u00a0e Cruzeiro, respectivamente.<\/p>\n<p>\u00c0 tarde, as pancadas se fortalecem e s\u00e3o acompanhadas de trovoadas, atingindo toda regi\u00e3o, assim como no per\u00edodo da noite.\u00a0<\/p>\n<p>Entre as capitais, a temperatura <strong>m\u00ednima prevista \u00e9 de 14\u00b0C em S\u00e3o Paulo<\/strong>. J\u00e1 a <strong>m\u00e1xima pode chegar at\u00e9 26\u00b0C, em Vit\u00f3ria<\/strong>. A umidade relativa do ar varia entre <strong>50% e 100%<\/strong>.<\/p>\n<h2>5 motivos para acompanhar as previs\u00f5es do tempo<\/h2>\n<ul>\n<li>Agricultura: garantia de uma boa colheita;<\/li>\n<li>Marinha: prote\u00e7\u00e3o de marinheiros, navios e passageiros;<\/li>\n<li>Aeron\u00e1utica: seguran\u00e7a de pilotos, aeronaves e passageiros;<\/li>\n<li>Pesca: condi\u00e7\u00f5es favor\u00e1veis e seguras para a atividade;<\/li>\n<li>Turismo: garantia de passeios e viagens tranquilas e agrad\u00e1veis.<\/li>\n<\/ul>\n<h2>Import\u00e2ncia das observa\u00e7\u00f5es meteorol\u00f3gicas no INMET<\/h2>\n<p>As observa\u00e7\u00f5es meteorol\u00f3gicas do INMET s\u00e3o essenciais para previs\u00f5es em tempo real, estat\u00edsticas clim\u00e1ticas e coopera\u00e7\u00e3o internacional. Esses dados precisos ajudam a estudar o clima passado e a produzir Normais Climatol\u00f3gicas conforme a Organiza\u00e7\u00e3o Meteorol\u00f3gica Mundial (<a href=\"https:\/\/worldweather.wmo.int\/pt\/home.html\">OMM<\/a>).<\/p>\n<p>As informa\u00e7\u00f5es s\u00e3o do Instituto Nacional de Meteorologia (<a href=\"https:\/\/portal.inmet.gov.br\">Inmet<\/a>).<\/p>\n<p>\u00a0<\/p>\n<p>\t\t\t\t\t\t\t\t\t<img loading=\"lazy\" decoding=\"async\" src=\"https:\/\/brasil61.com\/api\/v1\/serve_pixel\/17677\/85560\" alt=\"Pixel Brasil 61\" class=\"b61_pixel\" width=\"0\" height=\"0\"><\/p>\n<input type=\"hidden\" id=\"baseurl\" value=\"https:\/\/noticiasdestaque.com.br\"><input type=\"hidden\" id=\"audio_nonce\" value=\"6f73a554f1\">","protected":false},"excerpt":{"rendered":"<p>Inmet alerta para perigo potencial de chuvas intensas em SP, MG, RJ e ES; temperaturas variam entre 16\u00b0C e 31\u00b0C<\/p>\n","protected":false},"author":1,"featured_media":47219,"comment_status":"open","ping_status":"open","sticky":false,"template":"","format":"standard","meta":{"fifu_image_url":"","fifu_image_alt":"","footnotes":""},"categories":[58],"tags":[],"class_list":["post-47218","post","type-post","status-publish","format-standard","has-post-thumbnail","hentry","category-cotidiano"],"distributor_meta":false,"distributor_terms":false,"distributor_media":false,"distributor_original_site_name":"Noticias em Destaque","distributor_original_site_url":"https:\/\/noticiasdestaque.com.br","push-errors":false,"_links":{"self":[{"href":"https:\/\/noticiasdestaque.com.br\/index.php\/wp-json\/wp\/v2\/posts\/47218","targetHints":{"allow":["GET"]}}],"collection":[{"href":"https:\/\/noticiasdestaque.com.br\/index.php\/wp-json\/wp\/v2\/posts"}],"about":[{"href":"https:\/\/noticiasdestaque.com.br\/index.php\/wp-json\/wp\/v2\/types\/post"}],"author":[{"embeddable":true,"href":"https:\/\/noticiasdestaque.com.br\/index.php\/wp-json\/wp\/v2\/users\/1"}],"replies":[{"embeddable":true,"href":"https:\/\/noticiasdestaque.com.br\/index.php\/wp-json\/wp\/v2\/comments?post=47218"}],"version-history":[{"count":0,"href":"https:\/\/noticiasdestaque.com.br\/index.php\/wp-json\/wp\/v2\/posts\/47218\/revisions"}],"wp:featuredmedia":[{"embeddable":true,"href":"https:\/\/noticiasdestaque.com.br\/index.php\/wp-json\/wp\/v2\/media\/47219"}],"wp:attachment":[{"href":"https:\/\/noticiasdestaque.com.br\/index.php\/wp-json\/wp\/v2\/media?parent=47218"}],"wp:term":[{"taxonomy":"category","embeddable":true,"href":"https:\/\/noticiasdestaque.com.br\/index.php\/wp-json\/wp\/v2\/categories?post=47218"},{"taxonomy":"post_tag","embeddable":true,"href":"https:\/\/noticiasdestaque.com.br\/index.php\/wp-json\/wp\/v2\/tags?post=47218"}],"curies":[{"name":"wp","href":"https:\/\/api.w.org\/{rel}","templated":true}]}}