{"id":47188,"date":"2025-10-22T18:45:00","date_gmt":"2025-10-22T21:45:00","guid":{"rendered":"https:\/\/noticiasdestaque.com.br\/index.php\/2025\/10\/22\/paralisacao-da-anm-pode-cortar-quase-r-1-bilhao-da-mineracao-e-aumentar-riscos-ambientais\/"},"modified":"2025-10-22T18:45:00","modified_gmt":"2025-10-22T21:45:00","slug":"paralisacao-da-anm-pode-cortar-quase-r-1-bilhao-da-mineracao-e-aumentar-riscos-ambientais","status":"publish","type":"post","link":"https:\/\/noticiasdestaque.com.br\/index.php\/2025\/10\/22\/paralisacao-da-anm-pode-cortar-quase-r-1-bilhao-da-mineracao-e-aumentar-riscos-ambientais\/","title":{"rendered":"Paralisa\u00e7\u00e3o da ANM pode cortar quase R$ 1 bilh\u00e3o da minera\u00e7\u00e3o e aumentar riscos ambientais"},"content":{"rendered":"<p>\t\t\t\t\t\t\t\t\t\t<audio controls class=\"b61_audio_player\" data-noticia=\"85399\" src=\"https:\/\/brasil61.com\/rails\/active_storage\/blobs\/eyJfcmFpbHMiOnsibWVzc2FnZSI6IkJBaHBBNUd4QXc9PSIsImV4cCI6bnVsbCwicHVyIjoiYmxvYl9pZCJ9fQ==--f866a4b971a1a6bbbe52cd5d205ec5d92fd25b2c\/BRAS2514988A\"><\/audio><\/p>\n<p>A Confedera\u00e7\u00e3o Nacional de Munic\u00edpios (<a href=\"https:\/\/cnm.org.br\/\">CNM<\/a>) manifestou preocupa\u00e7\u00e3o diante da possibilidade de paralisa\u00e7\u00e3o total ou parcial da Ag\u00eancia Nacional de Minera\u00e7\u00e3o (<a href=\"https:\/\/www.gov.br\/anm\/pt-br\">ANM<\/a>).<\/p>\n<p>O presidente da CNM, Paulo Ziulkoski, enviou of\u00edcio ao Minist\u00e9rio de Minas e Energia (MME), \u00f3rg\u00e3o ao qual a autarquia \u00e9 vinculada, solicitando a ado\u00e7\u00e3o de medidas emergenciais e definitivas que garantam a suplementa\u00e7\u00e3o or\u00e7ament\u00e1ria necess\u00e1ria ao funcionamento da institui\u00e7\u00e3o e evitem impactos graves \u00e0s finan\u00e7as municipais e \u00e0 presta\u00e7\u00e3o de servi\u00e7os p\u00fablicos.<\/p>\n<p>Segundo comunica\u00e7\u00e3o oficial da ANM, a autarquia informa que a partir de outubro de 2025 pode n\u00e3o dispor de recursos suficientes para manter suas atividades fundamentais, como fiscaliza\u00e7\u00e3o, gest\u00e3o regulat\u00f3ria e arrecada\u00e7\u00e3o da Compensa\u00e7\u00e3o Financeira pela Explora\u00e7\u00e3o de Recursos Minerais (CFEM).<\/p>\n<p>O documento cita o bloqueio de R$ 5,9 milh\u00f5es em seu or\u00e7amento e d\u00e9ficit adicional de R$ 3,2 milh\u00f5es em despesas a reconhecer.\u00a0Como consequ\u00eancia, a ANM alerta para a suspens\u00e3o de fiscaliza\u00e7\u00f5es em barragens, pilhas de rejeitos e empreendimentos de minera\u00e7\u00e3o, paralisa\u00e7\u00e3o de a\u00e7\u00f5es contra garimpos ilegais e redu\u00e7\u00e3o estimada de at\u00e9 18% na arrecada\u00e7\u00e3o da CFEM, o que representaria cerca de R$ 900 milh\u00f5es a menos para Uni\u00e3o, estados e munic\u00edpios.<\/p>\n<h2>Para a CNM, os munic\u00edpios podem ser duplamente penalizados:<\/h2>\n<ul>\n<li>Pela menor arrecada\u00e7\u00e3o da CFEM, que repassa parcelas aos entes municipais impactados pela atividade miner\u00e1ria;<\/li>\n<li>\u00a0Pela fragiliza\u00e7\u00e3o da regula\u00e7\u00e3o e fiscaliza\u00e7\u00e3o do setor de minera\u00e7\u00e3o, o que pode aumentar riscos ambientais, operacionais e de responsabilidade para munic\u00edpios que convivem com atividades e infraestruturas miner\u00e1rias.<\/li>\n<\/ul>\n<p>A entidade municipalista pede que o MME e o governo federal adotem de imediato a suplementa\u00e7\u00e3o or\u00e7ament\u00e1ria da <a href=\"https:\/\/www.gov.br\/anm\/pt-br\">ANM<\/a>, o desbloqueio dos valores contingenciados e garantam que a autarquia possa prosseguir com suas atividades sem interrup\u00e7\u00e3o. A paralisa\u00e7\u00e3o da regula\u00e7\u00e3o e fiscaliza\u00e7\u00e3o da minera\u00e7\u00e3o, alerta a <a href=\"https:\/\/cnm.org.br\/\">CNM<\/a>, pode trazer impactos graves aos munic\u00edpios, tanto no campo fiscal quanto no operacional.<\/p>\n<p>As informa\u00e7\u00f5es s\u00e3o da Confedera\u00e7\u00e3o Nacional de Minera\u00e7\u00e3o<\/p>\n<p>\t\t\t\t\t\t\t\t\t<img loading=\"lazy\" decoding=\"async\" src=\"https:\/\/brasil61.com\/api\/v1\/serve_pixel\/17677\/85399\" alt=\"Pixel Brasil 61\" class=\"b61_pixel\" width=\"0\" height=\"0\"><\/p>\n<input type=\"hidden\" id=\"baseurl\" value=\"https:\/\/noticiasdestaque.com.br\"><input type=\"hidden\" id=\"audio_nonce\" value=\"6f73a554f1\">","protected":false},"excerpt":{"rendered":"<p>Confedera\u00e7\u00e3o Nacional de Munic\u00edpios pede socorro or\u00e7ament\u00e1rio imediato ao governo para evitar preju\u00edzos \u00e0 fiscaliza\u00e7\u00e3o e \u00e0 arrecada\u00e7\u00e3o de royalties minerais<\/p>\n","protected":false},"author":1,"featured_media":47189,"comment_status":"open","ping_status":"open","sticky":false,"template":"","format":"standard","meta":{"fifu_image_url":"","fifu_image_alt":"","footnotes":""},"categories":[59],"tags":[],"class_list":["post-47188","post","type-post","status-publish","format-standard","has-post-thumbnail","hentry","category-economia"],"distributor_meta":false,"distributor_terms":false,"distributor_media":false,"distributor_original_site_name":"Noticias em Destaque","distributor_original_site_url":"https:\/\/noticiasdestaque.com.br","push-errors":false,"_links":{"self":[{"href":"https:\/\/noticiasdestaque.com.br\/index.php\/wp-json\/wp\/v2\/posts\/47188","targetHints":{"allow":["GET"]}}],"collection":[{"href":"https:\/\/noticiasdestaque.com.br\/index.php\/wp-json\/wp\/v2\/posts"}],"about":[{"href":"https:\/\/noticiasdestaque.com.br\/index.php\/wp-json\/wp\/v2\/types\/post"}],"author":[{"embeddable":true,"href":"https:\/\/noticiasdestaque.com.br\/index.php\/wp-json\/wp\/v2\/users\/1"}],"replies":[{"embeddable":true,"href":"https:\/\/noticiasdestaque.com.br\/index.php\/wp-json\/wp\/v2\/comments?post=47188"}],"version-history":[{"count":0,"href":"https:\/\/noticiasdestaque.com.br\/index.php\/wp-json\/wp\/v2\/posts\/47188\/revisions"}],"wp:featuredmedia":[{"embeddable":true,"href":"https:\/\/noticiasdestaque.com.br\/index.php\/wp-json\/wp\/v2\/media\/47189"}],"wp:attachment":[{"href":"https:\/\/noticiasdestaque.com.br\/index.php\/wp-json\/wp\/v2\/media?parent=47188"}],"wp:term":[{"taxonomy":"category","embeddable":true,"href":"https:\/\/noticiasdestaque.com.br\/index.php\/wp-json\/wp\/v2\/categories?post=47188"},{"taxonomy":"post_tag","embeddable":true,"href":"https:\/\/noticiasdestaque.com.br\/index.php\/wp-json\/wp\/v2\/tags?post=47188"}],"curies":[{"name":"wp","href":"https:\/\/api.w.org\/{rel}","templated":true}]}}