{"id":47186,"date":"2025-10-31T11:42:00","date_gmt":"2025-10-31T14:42:00","guid":{"rendered":"https:\/\/noticiasdestaque.com.br\/index.php\/2025\/10\/31\/apexbrasil-defende-avanco-do-acordo-mercosul-uniao-europeia-em-evento-sobre-parceria-estrategica-dos-blocos-na-belgica\/"},"modified":"2025-10-31T11:42:00","modified_gmt":"2025-10-31T14:42:00","slug":"apexbrasil-defende-avanco-do-acordo-mercosul-uniao-europeia-em-evento-sobre-parceria-estrategica-dos-blocos-na-belgica","status":"publish","type":"post","link":"https:\/\/noticiasdestaque.com.br\/index.php\/2025\/10\/31\/apexbrasil-defende-avanco-do-acordo-mercosul-uniao-europeia-em-evento-sobre-parceria-estrategica-dos-blocos-na-belgica\/","title":{"rendered":"ApexBrasil defende avan\u00e7o do Acordo Mercosul-Uni\u00e3o Europeia em evento sobre parceria estrat\u00e9gica dos blocos, na B\u00e9lgica"},"content":{"rendered":"<p>\t\t\t\t\t\t\t\t\t\t<audio controls class=\"b61_audio_player\" data-noticia=\"85558\" src=\"https:\/\/brasil61.com\/rails\/active_storage\/blobs\/eyJfcmFpbHMiOnsibWVzc2FnZSI6IkJBaHBBeWkzQXc9PSIsImV4cCI6bnVsbCwicHVyIjoiYmxvYl9pZCJ9fQ==--fe967512fa99cbe8e6c5e0c1fd4d4a5ade04551d\/APEX250079B\"><\/audio><\/p>\n<p>No contexto dasnegocia\u00e7\u00f5es do Acordo de Parceria entre o Mercosul e a Uni\u00e3o Europeia, a Ag\u00eancia Brasileira de Promo\u00e7\u00e3o de Exporta\u00e7\u00f5es e Investimentos <a href=\"https:\/\/apexbrasil.com.br\/solucoes?utm_source=google&amp;utm_medium=social&amp;utm_campaign=aon&amp;utm_term=search_institucional_solucoes_outubro_cpc&amp;utm_content=naugm-aon0513NSB2025010193190094&amp;gad_source=1&amp;gad_campaignid=23075192337&amp;gbraid=0AAAAA_Ng8IO_DucIbt4kUyTupqsFMgpeb&amp;gclid=Cj0KCQjwvJHIBhCgARIsAEQnWlBkOjcFKx_seJMftcDQtr5tJ_9_J207I7-D0snhkrSrE2xVu1ZJtiMaApN1EALw_wcB\" target=\"_blank\">(ApexBrasil)<\/a> participou do evento \u201cBrasil e a Uni\u00e3o Europeia: desafios e perspectivas comuns\u201d, realizado no Parlamento Europeu, em 16 de outubro.<\/p>\n<p>No evento, o chefe de Assuntos Estrat\u00e9gicos da ApexBrasil na Europa, Aloysio Nunes, ressaltou o papel estrat\u00e9gico da ag\u00eancia na prepara\u00e7\u00e3o de empresas brasileiras para atender \u00e0s exig\u00eancias do mercado europeu. Segundo ele, as exporta\u00e7\u00f5es do pa\u00eds j\u00e1 seguem padr\u00f5es elevados, demonstrando o compromisso do Brasil com a sustentabilidade e a qualidade.<\/p>\n<p><a href=\"https:\/\/brasil61.com\/n\/brasil-fecha-novos-acordos-com-indonesia-e-malasia-e-reforca-dialogo-com-asean-apex250078\" target=\"_blank\">Brasil fecha novos acordos com Indon\u00e9sia e Mal\u00e1sia e refor\u00e7a di\u00e1logo com ASEAN<\/a><\/p>\n<p><a href=\"https:\/\/brasil61.com\/n\/brasil-sera-pais-parceiro-da-hannover-messe-2026-maior-feira-industrial-do-mundo-apex250077\" target=\"_blank\">Brasil ser\u00e1 pa\u00eds-parceiro da Hannover Messe 2026, maior feira industrial do mundo<\/a><\/p>\n<p>Nunes tamb\u00e9m destacou a relev\u00e2ncia da parceria comercial entre Brasil e Uni\u00e3o Europeia. O bloco \u00e9 respons\u00e1vel pelo segundo maior estoque de investimento direto no pa\u00eds e representa o segundo maior fluxo comercial brasileiro. Para ele, a assinatura do acordo de livre com\u00e9rcio com a Uni\u00e3o Europeia aprofundaria ainda mais essa coopera\u00e7\u00e3o.<\/p>\n<p>\u201cCom esse acordo, essa rela\u00e7\u00e3o vai ficar mais forte ainda, porque as nossas exporta\u00e7\u00f5es ter\u00e3o acesso a um mercado de 450 milh\u00f5es de pessoas, pessoas com poder aquisitivo alto, e as nossas exporta\u00e7\u00f5es v\u00e3o entrar no mercado europeu pagando muito menos tarifa do que pagam hoje. Mais de 90% das nossas exporta\u00e7\u00f5es entrar\u00e3o na Europa ou com tarifa zero, ou com tarifa reduzida em rela\u00e7\u00e3o \u00e0 tarifa atual\u201d, afirmou.<\/p>\n<p>\u201cEste acordo n\u00e3o se resume apenas \u00e0 prosperidade comercial ou econ\u00f4mica. Ele tamb\u00e9m refor\u00e7a valores e princ\u00edpios que compartilhamos: democracia, direitos humanos, liberdades fundamentais, inclus\u00e3o social e desenvolvimento sustent\u00e1vel\u201d, complementou.\u00a0<\/p>\n<h2>Sobre o Acordo de Parceria Mercosul-Uni\u00e3o Europeia<\/h2>\n<p>Em dezembro de 2024, l\u00edderes do MERCOSUL e da Uni\u00e3o Europeia anunciaram a conclus\u00e3o das negocia\u00e7\u00f5es do Acordo de Parceria entre os dois blocos de pa\u00edses. O an\u00fancio, feito Montevid\u00e9u, permite a prepara\u00e7\u00e3o dos textos do acordo para as fases de assinatura e ratifica\u00e7\u00e3o.<\/p>\n<p><a href=\"https:\/\/www.gov.br\/mre\/pt-br\/centrais-de-conteudo\/publicacoes\/declaracoes\/factsheet-acordo-de-parceria-mercosul-uniao-europeia\" target=\"_blank\">Dados divulgados pelo Minist\u00e9rio das Rela\u00e7\u00f5es Exteriores<\/a> revelam que, juntos, MERCOSUL e UE re\u00fanem aproximadamente 718 milh\u00f5es de pessoas e um Produto Interno Bruto (PIB) de cerca de US$ 22 trilh\u00f5es.<\/p>\n<p>Considerado um dos maiores acordos bilaterais de livre com\u00e9rcio do mundo, a iniciativa refor\u00e7ar\u00e1 a diversifica\u00e7\u00e3o das parcerias comerciais do Brasil, ativo de natureza estrat\u00e9gica para o pa\u00eds, al\u00e9m de fomentar a moderniza\u00e7\u00e3o do parque industrial brasileiro, integrando-o \u00e0s cadeias produtivas da Uni\u00e3o Europeia.<\/p>\n<p>O acordo tamb\u00e9m permite a cria\u00e7\u00e3o de mecanismo de reequil\u00edbrio de concess\u00f5es. Com isso, a rela\u00e7\u00e3o entre ambos os blocos econ\u00f4micos d\u00e1 mais garantia e seguran\u00e7a aos exportadores, caso medidas internas da Uni\u00e3o Europeia comprometam o uso efetivo de vantagens obtidas no acordo.<\/p>\n<p>O minist\u00e9rio tamb\u00e9m ressaltou que o acordo traz compromissos inovadores, equilibrados e alinhados aos desafios do cen\u00e1rio econ\u00f4mico internacional. Confira alguns deles:<\/p>\n<ul>\n<li>O acordo reflete um quadro internacional em que ganha centralidade o papel do Estado como indutor do crescimento e promotor da resili\u00eancia das economias nacionais, sobretudo ap\u00f3s a pandemia do COVID-19. O MERCOSUL e a Uni\u00e3o Europeia abrem importantes oportunidades para o aumento do com\u00e9rcio e de investimentos bilaterais, sem deixar de preservar o espa\u00e7o para a implementa\u00e7\u00e3o de pol\u00edticas p\u00fablicas em \u00e1reas como sa\u00fade, empregos, meio ambiente, inova\u00e7\u00e3o e agricultura familiar.<\/li>\n<li>O MERCOSUL e a Uni\u00e3o Europeia reconhecem que os desafios do desenvolvimento sustent\u00e1vel devem ser enfrentados por todos, tendo presentes as responsabilidades comuns, por\u00e9m diferenciadas dos pa\u00edses. O acordo contempla, de forma colaborativa e equilibrada, diferentes compromissos que visam conciliar o com\u00e9rcio com o desenvolvimento sustent\u00e1vel de maneira efetiva. Valendo-se das s\u00f3lidas credenciais de sustentabilidade do Brasil, o acordo fomenta a integra\u00e7\u00e3o de cadeias produtivas para avan\u00e7ar rumo \u00e0 descarboniza\u00e7\u00e3o da economia, al\u00e9m de estimular a concess\u00e3o de tratamento favorecido para o com\u00e9rcio exterior de produtos sustent\u00e1veis. A UE tamb\u00e9m se compromete a oferecer um pacote in\u00e9dito de coopera\u00e7\u00e3o para apoiar a implementa\u00e7\u00e3o do acordo.<\/li>\n<li>A fim de preservar os ganhos de acesso ao mercado europeu negociados pelo MERCOSUL, o acordo inova ao estabelecer mecanismo de reequil\u00edbrio de concess\u00f5es. Com isso, o acordo oferece satisfa\u00e7\u00e3o a nossos exportadores caso medidas internas da UE comprometam o uso efetivo de vantagens obtidas no acordo.<\/li>\n<li>O Brasil fez quest\u00e3o de incluir no acordo compromissos que garantem a transpar\u00eancia e a inclusividade. Entidades da sociedade civil, sindicatos, organiza\u00e7\u00f5es n\u00e3o governamentais, al\u00e9m do setor privado e representantes de diversos segmentos sociais, ganham canais para expressar sua voz e monitorar os impactos do acordo, que poder\u00e1 ser revisado periodicamente para melhor atender aos interesses da sociedade. Al\u00e9m disso, h\u00e1 compromissos para fazer com que agricultores familiares, comunidades locais e mulheres tenham acesso efetivo aos benef\u00edcios que o acordo pode gerar.<br \/>\n\t\u00a0<\/li>\n<\/ul>\n<p>\t\t\t\t\t\t\t\t\t<img loading=\"lazy\" decoding=\"async\" src=\"https:\/\/brasil61.com\/api\/v1\/serve_pixel\/17677\/85558\" alt=\"Pixel Brasil 61\" class=\"b61_pixel\" width=\"0\" height=\"0\"><\/p>\n<input type=\"hidden\" id=\"baseurl\" value=\"https:\/\/noticiasdestaque.com.br\"><input type=\"hidden\" id=\"audio_nonce\" value=\"6f73a554f1\">","protected":false},"excerpt":{"rendered":"<p>Dados divulgados pelo Minist\u00e9rio das Rela\u00e7\u00f5es Exteriores revelam que, juntos, Mercosul e Uni\u00e3o Europeia () re\u00fanem aproximadamente 718 milh\u00f5es de pessoas e PIB de cerca de US$ 22 trilh\u00f5es<\/p>\n","protected":false},"author":1,"featured_media":47187,"comment_status":"open","ping_status":"open","sticky":false,"template":"","format":"standard","meta":{"fifu_image_url":"","fifu_image_alt":"","footnotes":""},"categories":[48],"tags":[],"class_list":["post-47186","post","type-post","status-publish","format-standard","has-post-thumbnail","hentry","category-mundo"],"distributor_meta":false,"distributor_terms":false,"distributor_media":false,"distributor_original_site_name":"Noticias em Destaque","distributor_original_site_url":"https:\/\/noticiasdestaque.com.br","push-errors":false,"_links":{"self":[{"href":"https:\/\/noticiasdestaque.com.br\/index.php\/wp-json\/wp\/v2\/posts\/47186","targetHints":{"allow":["GET"]}}],"collection":[{"href":"https:\/\/noticiasdestaque.com.br\/index.php\/wp-json\/wp\/v2\/posts"}],"about":[{"href":"https:\/\/noticiasdestaque.com.br\/index.php\/wp-json\/wp\/v2\/types\/post"}],"author":[{"embeddable":true,"href":"https:\/\/noticiasdestaque.com.br\/index.php\/wp-json\/wp\/v2\/users\/1"}],"replies":[{"embeddable":true,"href":"https:\/\/noticiasdestaque.com.br\/index.php\/wp-json\/wp\/v2\/comments?post=47186"}],"version-history":[{"count":0,"href":"https:\/\/noticiasdestaque.com.br\/index.php\/wp-json\/wp\/v2\/posts\/47186\/revisions"}],"wp:featuredmedia":[{"embeddable":true,"href":"https:\/\/noticiasdestaque.com.br\/index.php\/wp-json\/wp\/v2\/media\/47187"}],"wp:attachment":[{"href":"https:\/\/noticiasdestaque.com.br\/index.php\/wp-json\/wp\/v2\/media?parent=47186"}],"wp:term":[{"taxonomy":"category","embeddable":true,"href":"https:\/\/noticiasdestaque.com.br\/index.php\/wp-json\/wp\/v2\/categories?post=47186"},{"taxonomy":"post_tag","embeddable":true,"href":"https:\/\/noticiasdestaque.com.br\/index.php\/wp-json\/wp\/v2\/tags?post=47186"}],"curies":[{"name":"wp","href":"https:\/\/api.w.org\/{rel}","templated":true}]}}