{"id":47176,"date":"2025-10-31T04:15:00","date_gmt":"2025-10-31T07:15:00","guid":{"rendered":"https:\/\/noticiasdestaque.com.br\/index.php\/2025\/10\/31\/mobilidade-urbana-187-projetos-devem-ampliar-e-modernizar-o-transporte-ate-2054\/"},"modified":"2025-10-31T04:15:00","modified_gmt":"2025-10-31T07:15:00","slug":"mobilidade-urbana-187-projetos-devem-ampliar-e-modernizar-o-transporte-ate-2054","status":"publish","type":"post","link":"https:\/\/noticiasdestaque.com.br\/index.php\/2025\/10\/31\/mobilidade-urbana-187-projetos-devem-ampliar-e-modernizar-o-transporte-ate-2054\/","title":{"rendered":"Mobilidade urbana: 187 projetos devem ampliar e modernizar o transporte at\u00e9 2054"},"content":{"rendered":"<p>\t\t\t\t\t\t\t\t\t\t<audio controls class=\"b61_audio_player\" data-noticia=\"85543\" src=\"https:\/\/brasil61.com\/rails\/active_storage\/blobs\/eyJfcmFpbHMiOnsibWVzc2FnZSI6IkJBaHBBenEyQXc9PSIsImV4cCI6bnVsbCwicHVyIjoiYmxvYl9pZCJ9fQ==--3b81ed29bfef9ddb32925370d10c9bd44e8588d8\/BRAS2515041A\"><\/audio><\/p>\n<p>O <a href=\"https:\/\/www.bndes.gov.br\/wps\/wcm\/connect\/site\/44703ff5-7588-4087-a7b7-d1cbd907ef01\/ENMU+Boletim+Informativo+5+vf.pdf?MOD=AJPERES&amp;CVID=pEIn1ov\" target=\"_blank\">5\u00ba Boletim Informativo do Estudo Nacional de Mobilidade Urbana (ENMU)<\/a>,\u00a0realizado pelo Minist\u00e9rio das Cidades em parceria com o Banco Nacional de Desenvolvimento Econ\u00f4mico e Social (BNDES), <strong>define 187 projetos voltados \u00e0 expans\u00e3o e moderniza\u00e7\u00e3o do transporte p\u00fablico coletivo no pa\u00eds at\u00e9 2054<\/strong>. As iniciativas devem\u00a0<strong>ampliar e modernizar o transporte p\u00fablico nacional e impactar as 21 maiores regi\u00f5es metropolitanas do Brasil.<\/strong><\/p>\n<p>&#8220;At\u00e9 2054, o Brasil priorizar\u00e1 os meios de transporte n\u00e3o motorizados e coletivos, construindo uma mobilidade urbana eficiente, ambientalmente sustent\u00e1vel, segura, acess\u00edvel e de qualidade para todas as pessoas\u201d, diz um trecho do ENMU.<\/p>\n<p>As proje\u00e7\u00f5es do estudo apontam que os novos projetos de mobilidade urbana devem <strong>evitar a emiss\u00e3o de 3,1 milh\u00f5es de toneladas de g\u00e1s carb\u00f4nico por ano em 2054<\/strong>. Em sobreposi\u00e7\u00e3o ao impacto ambiental, o levantamento tamb\u00e9m estima que, com as propostas, a <strong>quantidade de \u00f3bitos em acidentes de tr\u00e2nsito ser\u00e1 reduzida a 8 mil (aproximadamente 250 por ano) at\u00e9 2054.\u00a0<\/strong><\/p>\n<p>Al\u00e9m disso, a publica\u00e7\u00e3o tamb\u00e9m mapeou que o<strong> acesso a empregos e servi\u00e7os essenciais deve ser fortalecido<\/strong> e, ainda, que pode haver a<strong> redu\u00e7\u00e3o de cerca de 10% no custo da mobilidade urbana.\u00a0<\/strong><\/p>\n<p>\u201cOs projetos selecionados mostram que o Brasil est\u00e1 buscando se adaptar \u00e0s mudan\u00e7as do clima, com a\u00e7\u00f5es que unem sustentabilidade, mobilidade e inclus\u00e3o social\u201d, afirmou o ministro das Cidades, Jader Filho, em nota oficial publicada pela pasta.<\/p>\n<p><strong>As 21 regi\u00f5es metropolitanas inclu\u00eddas no estudo s\u00e3o\u00a0<\/strong>Bel\u00e9m, Belo Horizonte, Campinas, Curitiba, Distrito Federal, Florian\u00f3polis, Fortaleza, Goi\u00e2nia, Jo\u00e3o Pessoa, Macei\u00f3, Manaus, Natal, Porto Alegre, Recife, Rio de Janeiro, Salvador, Santos, S\u00e3o Lu\u00eds, S\u00e3o Paulo, Teresina e Vit\u00f3ria.<\/p>\n<h2>Estimativa\u00a0de investimentos<\/h2>\n<p>O valor estimado para implantar as propostas \u00e9 de cerca de<strong> R$ 434 bilh\u00f5es <\/strong>e considera o primeiro ciclo de investimentos de cada projeto.\u00a0O montante corresponde, ainda, \u00e0 soma dos investimentos de todos os projetos de transporte p\u00fablico de m\u00e9dia ou alta capacidade considerados necess\u00e1rios, conforme as proje\u00e7\u00f5es de demanda at\u00e9 2054.<\/p>\n<p>O Minist\u00e9rio das Cidades informou que, pelo estudo, as obras e interven\u00e7\u00f5es mapeadas totalizam investimentos na ordem de <strong>R$ 230 bilh\u00f5es em metr\u00f4s, R$ 31 bilh\u00f5es em trens, at\u00e9 R$ 105 bilh\u00f5es em ve\u00edculos leves sobre trilhos (VLTs), at\u00e9 R$ 80 bilh\u00f5es em bus rapid transit (BRTs) e R$ 3,4 bilh\u00f5es em corredores exclusivos de \u00f4nibus.\u00a0<\/strong><\/p>\n<p>Conforme a pasta, o desenvolvimento dos projetos depender\u00e1 do modelo de financiamento \u2013 com \u00eanfase para concess\u00f5es e parcerias p\u00fablico-privadas.<\/p>\n<p>Em nota da pasta, o presidente do BNDES, Aloizio Mercadante, avalia que a partir do estudo o BNDES contribui com a \u201cprodu\u00e7\u00e3o de uma pol\u00edtica p\u00fablica para a formula\u00e7\u00e3o de uma estrat\u00e9gia nacional de mobilidade urbana, de longo prazo e sustent\u00e1vel, unindo esfor\u00e7os da Uni\u00e3o, dos estados, dos munic\u00edpios e do Distrito Federal\u201d.<\/p>\n<p>Para ele, o objetivo \u00e9 propiciar melhor qualidade de vida aos brasileiros, a partir de um transporte mais eficaz, seguro e sustent\u00e1vel.<br \/>\n\u00a0<\/p>\n<p>\t\t\t\t\t\t\t\t\t<img loading=\"lazy\" decoding=\"async\" src=\"https:\/\/brasil61.com\/api\/v1\/serve_pixel\/17677\/85543\" alt=\"Pixel Brasil 61\" class=\"b61_pixel\" width=\"0\" height=\"0\"><\/p>\n<input type=\"hidden\" id=\"baseurl\" value=\"https:\/\/noticiasdestaque.com.br\"><input type=\"hidden\" id=\"audio_nonce\" value=\"6f73a554f1\">","protected":false},"excerpt":{"rendered":"<p>Estudo foi apresentado pelo Minist\u00e9rio das Cidades e pelo BNDES; melhorias podem impactar 21 regi\u00f5es metropolitanas do pa\u00eds e evitar a emiss\u00e3o de 3,1 milh\u00f5es de toneladas de g\u00e1s carb\u00f4nico <\/p>\n","protected":false},"author":1,"featured_media":47177,"comment_status":"open","ping_status":"open","sticky":false,"template":"","format":"standard","meta":{"fifu_image_url":"","fifu_image_alt":"","footnotes":""},"categories":[48],"tags":[],"class_list":["post-47176","post","type-post","status-publish","format-standard","has-post-thumbnail","hentry","category-mundo"],"distributor_meta":false,"distributor_terms":false,"distributor_media":false,"distributor_original_site_name":"Noticias em Destaque","distributor_original_site_url":"https:\/\/noticiasdestaque.com.br","push-errors":false,"_links":{"self":[{"href":"https:\/\/noticiasdestaque.com.br\/index.php\/wp-json\/wp\/v2\/posts\/47176","targetHints":{"allow":["GET"]}}],"collection":[{"href":"https:\/\/noticiasdestaque.com.br\/index.php\/wp-json\/wp\/v2\/posts"}],"about":[{"href":"https:\/\/noticiasdestaque.com.br\/index.php\/wp-json\/wp\/v2\/types\/post"}],"author":[{"embeddable":true,"href":"https:\/\/noticiasdestaque.com.br\/index.php\/wp-json\/wp\/v2\/users\/1"}],"replies":[{"embeddable":true,"href":"https:\/\/noticiasdestaque.com.br\/index.php\/wp-json\/wp\/v2\/comments?post=47176"}],"version-history":[{"count":0,"href":"https:\/\/noticiasdestaque.com.br\/index.php\/wp-json\/wp\/v2\/posts\/47176\/revisions"}],"wp:featuredmedia":[{"embeddable":true,"href":"https:\/\/noticiasdestaque.com.br\/index.php\/wp-json\/wp\/v2\/media\/47177"}],"wp:attachment":[{"href":"https:\/\/noticiasdestaque.com.br\/index.php\/wp-json\/wp\/v2\/media?parent=47176"}],"wp:term":[{"taxonomy":"category","embeddable":true,"href":"https:\/\/noticiasdestaque.com.br\/index.php\/wp-json\/wp\/v2\/categories?post=47176"},{"taxonomy":"post_tag","embeddable":true,"href":"https:\/\/noticiasdestaque.com.br\/index.php\/wp-json\/wp\/v2\/tags?post=47176"}],"curies":[{"name":"wp","href":"https:\/\/api.w.org\/{rel}","templated":true}]}}