{"id":47172,"date":"2025-10-31T04:50:00","date_gmt":"2025-10-31T07:50:00","guid":{"rendered":"https:\/\/noticiasdestaque.com.br\/index.php\/2025\/10\/31\/ministro-carlos-favaro-defende-uniao-de-esforcos-para-fortalecer-politicas-publicas\/"},"modified":"2025-10-31T04:50:00","modified_gmt":"2025-10-31T07:50:00","slug":"ministro-carlos-favaro-defende-uniao-de-esforcos-para-fortalecer-politicas-publicas","status":"publish","type":"post","link":"https:\/\/noticiasdestaque.com.br\/index.php\/2025\/10\/31\/ministro-carlos-favaro-defende-uniao-de-esforcos-para-fortalecer-politicas-publicas\/","title":{"rendered":"Ministro Carlos F\u00e1varo defende uni\u00e3o de esfor\u00e7os para fortalecer pol\u00edticas p\u00fablicas"},"content":{"rendered":"<p>\t\t\t\t\t\t\t\t\t\t<audio controls class=\"b61_audio_player\" data-noticia=\"85550\" src=\"https:\/\/brasil61.com\/rails\/active_storage\/blobs\/eyJfcmFpbHMiOnsibWVzc2FnZSI6IkJBaHBBMU8yQXc9PSIsImV4cCI6bnVsbCwicHVyIjoiYmxvYl9pZCJ9fQ==--d3dc271176013cd3a06143992712278201d793b6\/MAPA250012A\"><\/audio><\/p>\n<p>Representando o governo federal na cerim\u00f4nia de entrega de chaves do programa Minha Casa, Minha Vida em Cuiab\u00e1 e V\u00e1rzea Grande, o ministro da Agricultura e Pecu\u00e1ria, Carlos F\u00e1varo,<a href=\"https:\/\/www.gov.br\/agricultura\/pt-br\/assuntos\/noticias\/favaro-defende-trabalho-de-unidade-para-melhorar-vida-das-pessoas\"> defendeu o trabalho de unidade e conjunto na aplica\u00e7\u00e3o de pol\u00edticas p\u00fablicas que melhoram a vida das pessoas<\/a>.<\/p>\n<p>&#8220;O cidad\u00e3o, quando escolhe seu representante, independentemente de lado ideol\u00f3gico, de como pensa, ele espera que quando terminem as elei\u00e7\u00f5es, quem ganha mandato trabalhe unido para que as pol\u00edticas p\u00fablicas transformem as vidas das pessoas para melhor&#8221;, destacou o ministro.<\/p>\n<p>F\u00e1varo citou as entregas das moradias como exemplo desse trabalho de unidade que d\u00e1 certo, com a\u00e7\u00f5es do munic\u00edpio, estado e do Governo Federal que faz a subven\u00e7\u00e3o tanto para a aquisi\u00e7\u00e3o do im\u00f3vel quanto nos juros, o que garante \u00e0s fam\u00edlias as condi\u00e7\u00f5es de financiamento para a conquista da casa pr\u00f3pria.<\/p>\n<p>O ministro explica que al\u00e9m dos R$ 55 mil de subven\u00e7\u00e3o para a aquisi\u00e7\u00e3o, o governo federal tamb\u00e9m faz a subven\u00e7\u00e3o na taxa de juros que atualmente no Brasil \u00e9 de 15% mas com essa a\u00e7\u00e3o as fam\u00edlias conseguem o financiamento em torno de 4% ao ano.<\/p>\n<p><em>Com informa\u00e7\u00f5es do Mapa<\/em><\/p>\n<p>\t\t\t\t\t\t\t\t\t<img loading=\"lazy\" decoding=\"async\" src=\"https:\/\/brasil61.com\/api\/v1\/serve_pixel\/17677\/85550\" alt=\"Pixel Brasil 61\" class=\"b61_pixel\" width=\"0\" height=\"0\"><\/p>\n<input type=\"hidden\" id=\"baseurl\" value=\"https:\/\/noticiasdestaque.com.br\"><input type=\"hidden\" id=\"audio_nonce\" value=\"6f73a554f1\">","protected":false},"excerpt":{"rendered":"<p>Ministro da Agricultura e Pecu\u00e1ria representou Governo Federal na entrega de moradias pelo Minha Casa, Minha Vida, que garantiu subs\u00eddio de at\u00e9 R$ 55 mil e juros de 4% a fam\u00edlias de Cuiab\u00e1 (MT) e V\u00e1rzea Grande (MT)<\/p>\n","protected":false},"author":1,"featured_media":47173,"comment_status":"open","ping_status":"open","sticky":false,"template":"","format":"standard","meta":{"fifu_image_url":"","fifu_image_alt":"","footnotes":""},"categories":[59],"tags":[],"class_list":["post-47172","post","type-post","status-publish","format-standard","has-post-thumbnail","hentry","category-economia"],"distributor_meta":false,"distributor_terms":false,"distributor_media":false,"distributor_original_site_name":"Noticias em Destaque","distributor_original_site_url":"https:\/\/noticiasdestaque.com.br","push-errors":false,"_links":{"self":[{"href":"https:\/\/noticiasdestaque.com.br\/index.php\/wp-json\/wp\/v2\/posts\/47172","targetHints":{"allow":["GET"]}}],"collection":[{"href":"https:\/\/noticiasdestaque.com.br\/index.php\/wp-json\/wp\/v2\/posts"}],"about":[{"href":"https:\/\/noticiasdestaque.com.br\/index.php\/wp-json\/wp\/v2\/types\/post"}],"author":[{"embeddable":true,"href":"https:\/\/noticiasdestaque.com.br\/index.php\/wp-json\/wp\/v2\/users\/1"}],"replies":[{"embeddable":true,"href":"https:\/\/noticiasdestaque.com.br\/index.php\/wp-json\/wp\/v2\/comments?post=47172"}],"version-history":[{"count":0,"href":"https:\/\/noticiasdestaque.com.br\/index.php\/wp-json\/wp\/v2\/posts\/47172\/revisions"}],"wp:featuredmedia":[{"embeddable":true,"href":"https:\/\/noticiasdestaque.com.br\/index.php\/wp-json\/wp\/v2\/media\/47173"}],"wp:attachment":[{"href":"https:\/\/noticiasdestaque.com.br\/index.php\/wp-json\/wp\/v2\/media?parent=47172"}],"wp:term":[{"taxonomy":"category","embeddable":true,"href":"https:\/\/noticiasdestaque.com.br\/index.php\/wp-json\/wp\/v2\/categories?post=47172"},{"taxonomy":"post_tag","embeddable":true,"href":"https:\/\/noticiasdestaque.com.br\/index.php\/wp-json\/wp\/v2\/tags?post=47172"}],"curies":[{"name":"wp","href":"https:\/\/api.w.org\/{rel}","templated":true}]}}