{"id":47170,"date":"2025-10-31T04:45:00","date_gmt":"2025-10-31T07:45:00","guid":{"rendered":"https:\/\/noticiasdestaque.com.br\/index.php\/2025\/10\/31\/mato-grosso-governo-federal-amplia-acesso-a-moradia-com-entrega-de-mais-de-mil-casas-no-estado\/"},"modified":"2025-10-31T04:45:00","modified_gmt":"2025-10-31T07:45:00","slug":"mato-grosso-governo-federal-amplia-acesso-a-moradia-com-entrega-de-mais-de-mil-casas-no-estado","status":"publish","type":"post","link":"https:\/\/noticiasdestaque.com.br\/index.php\/2025\/10\/31\/mato-grosso-governo-federal-amplia-acesso-a-moradia-com-entrega-de-mais-de-mil-casas-no-estado\/","title":{"rendered":"MATO GROSSO: Governo Federal amplia acesso \u00e0 moradia com entrega de mais de mil casas no estado"},"content":{"rendered":"<p>\t\t\t\t\t\t\t\t\t\t<audio controls class=\"b61_audio_player\" data-noticia=\"85549\" src=\"https:\/\/brasil61.com\/rails\/active_storage\/blobs\/eyJfcmFpbHMiOnsibWVzc2FnZSI6IkJBaHBBMVMyQXc9PSIsImV4cCI6bnVsbCwicHVyIjoiYmxvYl9pZCJ9fQ==--6f081d12a7e1acb78a152aa33f3ff7765549904f\/MAPA250011A\"><\/audio><\/p>\n<p>O ministro da Agricultura e Pecu\u00e1ria, Carlos F\u00e1varo, representando o Governo Federal, entregou nesta quinta-feira (30) <strong><a href=\"https:\/\/www.gov.br\/agricultura\/pt-br\/assuntos\/noticias\/governo-federal-amplia-acesso-a-moradia-com-entrega-de-mais-de-mil-casas-em-mato-grosso\">mais de mil moradias do programa Minha Casa, Minha Vida em Mato Grosso<\/a>. Foram 595 unidades em Cuiab\u00e1 (MT) e 460 em V\u00e1rzea Grande (MT).<\/strong><\/p>\n<p>Durante a cerim\u00f4nia, F\u00e1varo destacou que o programa vai al\u00e9m da constru\u00e7\u00e3o de casas, representando uma pol\u00edtica p\u00fablica que transforma realidades. Segundo ele, o subs\u00eddio oferecido pelo governo reduz o valor das parcelas abaixo do pre\u00e7o do aluguel, garantindo dignidade e seguran\u00e7a \u00e0s fam\u00edlias brasileiras.<\/p>\n<p>\u201cParab\u00e9ns a todos que conquistaram suas novas casas, que agora ter\u00e3o um lar de qualidade e uma vida melhor. Fico muito feliz em ver o programa avan\u00e7ando com for\u00e7a total em Mato Grosso, s\u00e3o 30 mil casas que ser\u00e3o entregues em todo o estado\u201d, completou.<\/p>\n<p><strong>Em Cuiab\u00e1, as 595 moradias entregues fazem parte do Condom\u00ednio Guar\u00e1, localizado no Residencial Parque do Cerrado. O empreendimento, com Valor Geral de Vendas (VGV) superior a R$ 228 milh\u00f5es, foi destinado a fam\u00edlias com renda a partir de R$ 2 mil. Os benefici\u00e1rios receberam descontos de at\u00e9 R$ 55 mil por meio de subs\u00eddios do Governo Federal, al\u00e9m de subs\u00eddios adicionais de at\u00e9 R$ 20 mil do programa Ser Fam\u00edlia Habita\u00e7\u00e3o, do Governo de Mato Grosso, por meio da MTPAR. O financiamento dos im\u00f3veis foi concedido pela Caixa Econ\u00f4mica Federal, com prazo de at\u00e9 420 meses e as menores taxas de juros do mercado.<\/strong><\/p>\n<p>Em seguida, o ministro participou da <strong>entrega de 460 moradias em V\u00e1rzea Grande, nos residenciais Chapada das Cerejeiras, Parque Hollywood e Parque Hollywood II.<\/strong><\/p>\n<p>F\u00e1varo ressaltou a import\u00e2ncia da integra\u00e7\u00e3o entre os governos federal, estadual e municipais para o sucesso do programa. De acordo com ele, essa uni\u00e3o permite que o custo final das parcelas seja acess\u00edvel, possibilitando que mais fam\u00edlias deixem o aluguel e conquistem um patrim\u00f4nio pr\u00f3prio.<\/p>\n<p>Com mais de 30 mil unidades previstas para entrega em todo o estado, o Minha Casa, Minha Vida segue em expans\u00e3o em Mato Grosso e em todo o pa\u00eds, reafirmando o compromisso do Governo Federal em reduzir o d\u00e9ficit habitacional, gerar empregos e melhorar a qualidade de vida das fam\u00edlias brasileiras.<br \/>\n\u00a0<\/p>\n<p>\t\t\t\t\t\t\t\t\t<img loading=\"lazy\" decoding=\"async\" src=\"https:\/\/brasil61.com\/api\/v1\/serve_pixel\/17677\/85549\" alt=\"Pixel Brasil 61\" class=\"b61_pixel\" width=\"0\" height=\"0\"><\/p>\n<input type=\"hidden\" id=\"baseurl\" value=\"https:\/\/noticiasdestaque.com.br\"><input type=\"hidden\" id=\"audio_nonce\" value=\"6f73a554f1\">","protected":false},"excerpt":{"rendered":"<p>Nesta quinta-feira (30), ministro Carlos F\u00e1varo realizou as entregas do programa Minha Casa, Minha Vida em Cuiab\u00e1 e V\u00e1rzea Grande<\/p>\n","protected":false},"author":1,"featured_media":47171,"comment_status":"open","ping_status":"open","sticky":false,"template":"","format":"standard","meta":{"fifu_image_url":"","fifu_image_alt":"","footnotes":""},"categories":[59],"tags":[],"class_list":["post-47170","post","type-post","status-publish","format-standard","has-post-thumbnail","hentry","category-economia"],"distributor_meta":false,"distributor_terms":false,"distributor_media":false,"distributor_original_site_name":"Noticias em Destaque","distributor_original_site_url":"https:\/\/noticiasdestaque.com.br","push-errors":false,"_links":{"self":[{"href":"https:\/\/noticiasdestaque.com.br\/index.php\/wp-json\/wp\/v2\/posts\/47170","targetHints":{"allow":["GET"]}}],"collection":[{"href":"https:\/\/noticiasdestaque.com.br\/index.php\/wp-json\/wp\/v2\/posts"}],"about":[{"href":"https:\/\/noticiasdestaque.com.br\/index.php\/wp-json\/wp\/v2\/types\/post"}],"author":[{"embeddable":true,"href":"https:\/\/noticiasdestaque.com.br\/index.php\/wp-json\/wp\/v2\/users\/1"}],"replies":[{"embeddable":true,"href":"https:\/\/noticiasdestaque.com.br\/index.php\/wp-json\/wp\/v2\/comments?post=47170"}],"version-history":[{"count":0,"href":"https:\/\/noticiasdestaque.com.br\/index.php\/wp-json\/wp\/v2\/posts\/47170\/revisions"}],"wp:featuredmedia":[{"embeddable":true,"href":"https:\/\/noticiasdestaque.com.br\/index.php\/wp-json\/wp\/v2\/media\/47171"}],"wp:attachment":[{"href":"https:\/\/noticiasdestaque.com.br\/index.php\/wp-json\/wp\/v2\/media?parent=47170"}],"wp:term":[{"taxonomy":"category","embeddable":true,"href":"https:\/\/noticiasdestaque.com.br\/index.php\/wp-json\/wp\/v2\/categories?post=47170"},{"taxonomy":"post_tag","embeddable":true,"href":"https:\/\/noticiasdestaque.com.br\/index.php\/wp-json\/wp\/v2\/tags?post=47170"}],"curies":[{"name":"wp","href":"https:\/\/api.w.org\/{rel}","templated":true}]}}