{"id":47168,"date":"2025-10-31T04:25:00","date_gmt":"2025-10-31T07:25:00","guid":{"rendered":"https:\/\/noticiasdestaque.com.br\/index.php\/2025\/10\/31\/congresso-aprova-validade-permanente-para-beneficios-tributarios-no-ir\/"},"modified":"2025-10-31T04:25:00","modified_gmt":"2025-10-31T07:25:00","slug":"congresso-aprova-validade-permanente-para-beneficios-tributarios-no-ir","status":"publish","type":"post","link":"https:\/\/noticiasdestaque.com.br\/index.php\/2025\/10\/31\/congresso-aprova-validade-permanente-para-beneficios-tributarios-no-ir\/","title":{"rendered":"Congresso aprova validade permanente para benef\u00edcios tribut\u00e1rios no IR"},"content":{"rendered":"<p>\t\t\t\t\t\t\t\t\t\t<audio controls class=\"b61_audio_player\" data-noticia=\"85545\" src=\"https:\/\/brasil61.com\/rails\/active_storage\/blobs\/eyJfcmFpbHMiOnsibWVzc2FnZSI6IkJBaHBBMDYyQXc9PSIsImV4cCI6bnVsbCwicHVyIjoiYmxvYl9pZCJ9fQ==--075a9e92b861de2c18743ced09ab2edee76fa617\/BRAS2515043A\"><\/audio><\/p>\n<p>O <a href=\"https:\/\/www.congressonacional.leg.br\/\"><strong>Congresso Nacional<\/strong><\/a> <strong>aprovou <\/strong>nesta quinta-feira (30) o<strong> <a href=\"https:\/\/www.congressonacional.leg.br\/materias\/pesquisa\/-\/materia\/167619\">PLN 1\/2025<\/a><\/strong>, que <strong>estabelece a isen\u00e7\u00e3o permanente do Imposto de Renda<\/strong> da pessoa f\u00edsica (IRPF) <strong>para contribuintes com renda mensal de at\u00e9 R$ 5 mil<\/strong>. A proposta, apresentada pelo Poder Executivo, obteve apoio de deputados e senadores e segue para san\u00e7\u00e3o presidencial.<\/p>\n<p>A medida <strong>altera a Lei de Diretrizes Or\u00e7ament\u00e1rias (<a href=\"https:\/\/www.gov.br\/planejamento\/pt-br\/assuntos\/orcamento\/orcamentos-anuais\/2025\/ldo\/lei-de-diretrizes-orcamentarias-ldo\">LDO<\/a>) ao retirar o limite de cinco anos para benef\u00edcios tribut\u00e1rios<\/strong>. Com a nova regra, o governo federal passa a contar com autoriza\u00e7\u00e3o definitiva para conceder isen\u00e7\u00f5es e redu\u00e7\u00f5es no IRPF.<\/p>\n<p>O texto aprovado \u00e9 um substitutivo da relatora, senadora Professora Dorinha Seabra (Uni\u00e3o-TO), que apresentou um adendo de Plen\u00e1rio com altera\u00e7\u00f5es ao relat\u00f3rio original aprovado em junho pela Comiss\u00e3o Mista de Or\u00e7amento (CMO). O aditamento foi lido em sess\u00e3o pelo deputado Gerv\u00e1sio Maia (PSB-PB).<\/p>\n<p>Entre as mudan\u00e7as, destaca-se a <strong>amplia\u00e7\u00e3o do prazo para envio de projetos de lei relacionados a cr\u00e9ditos suplementares e especiais<\/strong>. Com a nova reda\u00e7\u00e3o, o Poder Executivo poder\u00e1 encaminhar essas propostas ao Congresso <strong>at\u00e9 29 de novembro<\/strong>. Anteriormente, o prazo limite era 15 de outubro.<\/p>\n<p>Segundo a senadora Dorinha, a iniciativa refor\u00e7a a seguran\u00e7a jur\u00eddica dos contribuintes. \u201c<strong>A proposta traz seguran\u00e7a jur\u00eddica ao contribuinte<\/strong>, pois garante a confiabilidade e a previsibilidade de que a eventual altera\u00e7\u00e3o na legisla\u00e7\u00e3o do Imposto de Renda da Pessoa F\u00edsica [IRPF], seja qual for o desfecho da proposi\u00e7\u00e3o no Parlamento, n\u00e3o ser\u00e1 obrigatoriamente rediscutida a cada cinco anos\u201d, afirmou.<\/p>\n<p>A isen\u00e7\u00e3o do IR para quem recebe at\u00e9 R$ 5 mil est\u00e1 prevista no <a href=\"https:\/\/www.camara.leg.br\/proposicoesWeb\/fichadetramitacao?idProposicao=2487436\">Projeto de Lei 1.087\/2025<\/a>, aprovado pela C\u00e2mara dos Deputados. O texto aguarda agora an\u00e1lise na Comiss\u00e3o de Assuntos Econ\u00f4micos (<a href=\"https:\/\/legis.senado.leg.br\/atividade\/comissoes\/comissao\/38\/\">CAE<\/a>) do Senado, sob relatoria do senador Renan Calheiros (MDB-AL).<\/p>\n<p>Com informa\u00e7\u00f5es da <a href=\"https:\/\/www12.senado.leg.br\/noticias\/materias\/2025\/10\/30\/congresso-aprova-validade-permanente-para-isencao-do-imposto-de-renda\">Ag\u00eancia Senado<\/a>.<\/p>\n<p>\t\t\t\t\t\t\t\t\t<img loading=\"lazy\" decoding=\"async\" src=\"https:\/\/brasil61.com\/api\/v1\/serve_pixel\/17677\/85545\" alt=\"Pixel Brasil 61\" class=\"b61_pixel\" width=\"0\" height=\"0\"><\/p>\n<input type=\"hidden\" id=\"baseurl\" value=\"https:\/\/noticiasdestaque.com.br\"><input type=\"hidden\" id=\"audio_nonce\" value=\"5128c810d9\">","protected":false},"excerpt":{"rendered":"<p>Medida garante isen\u00e7\u00e3o definitiva de IR para quem ganha at\u00e9 R$ 5 mil e retira o limite de cinco anos previsto na LDO<\/p>\n","protected":false},"author":1,"featured_media":47169,"comment_status":"open","ping_status":"open","sticky":false,"template":"","format":"standard","meta":{"fifu_image_url":"","fifu_image_alt":"","footnotes":""},"categories":[59],"tags":[],"class_list":["post-47168","post","type-post","status-publish","format-standard","has-post-thumbnail","hentry","category-economia"],"distributor_meta":false,"distributor_terms":false,"distributor_media":false,"distributor_original_site_name":"Noticias em Destaque","distributor_original_site_url":"https:\/\/noticiasdestaque.com.br","push-errors":false,"_links":{"self":[{"href":"https:\/\/noticiasdestaque.com.br\/index.php\/wp-json\/wp\/v2\/posts\/47168","targetHints":{"allow":["GET"]}}],"collection":[{"href":"https:\/\/noticiasdestaque.com.br\/index.php\/wp-json\/wp\/v2\/posts"}],"about":[{"href":"https:\/\/noticiasdestaque.com.br\/index.php\/wp-json\/wp\/v2\/types\/post"}],"author":[{"embeddable":true,"href":"https:\/\/noticiasdestaque.com.br\/index.php\/wp-json\/wp\/v2\/users\/1"}],"replies":[{"embeddable":true,"href":"https:\/\/noticiasdestaque.com.br\/index.php\/wp-json\/wp\/v2\/comments?post=47168"}],"version-history":[{"count":0,"href":"https:\/\/noticiasdestaque.com.br\/index.php\/wp-json\/wp\/v2\/posts\/47168\/revisions"}],"wp:featuredmedia":[{"embeddable":true,"href":"https:\/\/noticiasdestaque.com.br\/index.php\/wp-json\/wp\/v2\/media\/47169"}],"wp:attachment":[{"href":"https:\/\/noticiasdestaque.com.br\/index.php\/wp-json\/wp\/v2\/media?parent=47168"}],"wp:term":[{"taxonomy":"category","embeddable":true,"href":"https:\/\/noticiasdestaque.com.br\/index.php\/wp-json\/wp\/v2\/categories?post=47168"},{"taxonomy":"post_tag","embeddable":true,"href":"https:\/\/noticiasdestaque.com.br\/index.php\/wp-json\/wp\/v2\/tags?post=47168"}],"curies":[{"name":"wp","href":"https:\/\/api.w.org\/{rel}","templated":true}]}}