{"id":47152,"date":"2025-10-30T19:05:00","date_gmt":"2025-10-30T22:05:00","guid":{"rendered":"https:\/\/noticiasdestaque.com.br\/index.php\/2025\/10\/30\/previsao-do-tempo-poucas-nuvens-nesta-sexta-feira-31-no-nordeste\/"},"modified":"2025-10-30T19:05:00","modified_gmt":"2025-10-30T22:05:00","slug":"previsao-do-tempo-poucas-nuvens-nesta-sexta-feira-31-no-nordeste","status":"publish","type":"post","link":"https:\/\/noticiasdestaque.com.br\/index.php\/2025\/10\/30\/previsao-do-tempo-poucas-nuvens-nesta-sexta-feira-31-no-nordeste\/","title":{"rendered":"PREVIS\u00c3O DO TEMPO: Poucas nuvens nesta sexta-feira (31) no Nordeste"},"content":{"rendered":"<p>\t\t\t\t\t\t\t\t\t\t<audio controls class=\"b61_audio_player\" data-noticia=\"85541\" src=\"https:\/\/brasil61.com\/rails\/active_storage\/blobs\/eyJfcmFpbHMiOnsibWVzc2FnZSI6IkJBaHBBMFMyQXc9PSIsImV4cCI6bnVsbCwicHVyIjoiYmxvYl9pZCJ9fQ==--1e4be058949dedf9b213df1f5f968f4fe6f6ce73\/PTND254848A\"><\/audio><\/p>\n<p><span>\u00a0<\/span><span>\u00a0<\/span><span>\u00a0<\/span><span>\u00a0<\/span><span>\u00a0<\/span><span>\u00a0<\/span><span style=\"font-size:12px\"><span style=\"font-family: Arial, sans-serif;background-color: transparent;font-weight: 400;font-style: normal;font-variant: normal;text-decoration: none;vertical-align: baseline\">A <\/span><span style=\"font-family: Arial, sans-serif;background-color: transparent;font-weight: 700;font-style: normal;font-variant: normal;text-decoration: none;vertical-align: baseline\">previs\u00e3o do tempo para a Regi\u00e3o Nordeste<\/span><span style=\"font-family: Arial, sans-serif;background-color: transparent;font-weight: 400;font-style: normal;font-variant: normal;text-decoration: none;vertical-align: baseline\"> do pa\u00eds, nesta <\/span><span style=\"font-family: Arial, sans-serif;background-color: transparent;font-weight: 700;font-style: normal;font-variant: normal;text-decoration: none;vertical-align: baseline\">sexta-feira (31)<\/span><span style=\"font-family: Arial, sans-serif;background-color: transparent;font-weight: 400;font-style: normal;font-variant: normal;text-decoration: none;vertical-align: baseline\">, indica c\u00e9u com poucas nuvens e chuvas isoladas.<\/span><\/span><\/p>\n<p dir=\"ltr\" style=\"line-height:1.38;margin-top:0pt;margin-bottom:12pt\"><span style=\"font-size:12px\"><span style=\"font-family: Arial, sans-serif;background-color: transparent;font-weight: 400;font-style: normal;font-variant: normal;text-decoration: none;vertical-align: baseline\">O Instituto Nacional de Meteorologia (Inmet) emitiu o alerta de perigo potencial de ventos costeiros desde Guimar\u00e3es, no Maranh\u00e3o, passando por todo litoral do Piau\u00ed e do Cear\u00e1, at\u00e9 N\u00edsia Floresta, no Rio Grande do Norte.\u00a0\u00a0\u00a0<\/span><\/span><\/p>\n<p dir=\"ltr\" style=\"line-height:1.38;margin-top:0pt;margin-bottom:12pt\"><span style=\"font-size:12px\"><span style=\"font-family: Arial, sans-serif;background-color: transparent;font-weight: 400;font-style: normal;font-variant: normal;text-decoration: none;vertical-align: baseline\">Na Bahia, o tempo \u00e9 de instabilidades no litoral, com muitas nuvens e chuvas isoladas, e no extremo oeste, com pancadas de chuva com trovoadas, como em Correntina. Do centro ao norte do estado, a previs\u00e3o \u00e9 de nuvens e c\u00e9u claro, em Vit\u00f3ria da Conquista e em Juazeiro. \u00c0 tarde e \u00e0 noite, as chuvas isoladas avan\u00e7am mais adentro da costa, como tamb\u00e9m nas proximidades de Barreiras; enquanto o interior do estado segue com c\u00e9u claro, em Seabra, e poucas nuvens, em Coribe. <\/span><\/span><\/p>\n<p dir=\"ltr\" style=\"line-height:1.38;margin-top:12pt;margin-bottom:12pt\"><span style=\"font-size:12px\"><span style=\"font-family: Arial, sans-serif;background-color: transparent;font-weight: 400;font-style: normal;font-variant: normal;text-decoration: none;vertical-align: baseline\">A manh\u00e3 nos estados de Pernambuco, Alagoas e em Sergipe \u00e9 de c\u00e9u claro e com poucas nuvens no interior e possibilidade de chuvas isoladas no litoral. No Rio Grande do Norte e na Para\u00edba, o dia come\u00e7a com poucas nuvens em todos territ\u00f3rios. No per\u00edodo da tarde e da noite, as chuvas isoladas atingem as costas potiguar, paraibana, pernambucana, alagoana e sergipana.<\/span><\/span><\/p>\n<p dir=\"ltr\" style=\"line-height:1.38;margin-top:12pt;margin-bottom:12pt\"><span style=\"font-size:12px\"><span style=\"font-family: Arial, sans-serif;background-color: transparent;font-weight: 400;font-style: normal;font-variant: normal;text-decoration: none;vertical-align: baseline\">No Piau\u00ed e no Cear\u00e1, o dia \u00e9 de poucas nuvens no litoral e c\u00e9u claro no interior dos estados.<\/span><\/span><\/p>\n<p dir=\"ltr\" style=\"line-height:1.38;margin-top:12pt;margin-bottom:12pt\"><span style=\"font-size:12px\"><span style=\"font-family: Arial, sans-serif;background-color: transparent;font-weight: 400;font-style: normal;font-variant: normal;text-decoration: none;vertical-align: baseline\">A manh\u00e3 no Maranh\u00e3o \u00e9 de poucas nuvens, enquanto, \u00e0 tarde e \u00e0 noite, no leste maranhense, muitas nuvens com chuvas isoladas avan\u00e7am no territ\u00f3rio, que atinge os munic\u00edpios de Bom Jardim e Carolina, como tamb\u00e9m a capital S\u00e3o Lu\u00eds.<\/span><\/span><\/p>\n<p><span style=\"font-size:12px\"><span style=\"font-family: Arial, sans-serif;background-color: transparent;font-weight: 400;font-style: normal;font-variant: normal;text-decoration: none;vertical-align: baseline\">Entre as capitais, a temperatura <\/span><span style=\"font-family: Arial, sans-serif;background-color: transparent;font-weight: 700;font-style: normal;font-variant: normal;text-decoration: none;vertical-align: baseline\">m\u00ednima prevista \u00e9 de 22\u00b0C em Macei\u00f3 e Salvador<\/span><span style=\"font-family: Arial, sans-serif;background-color: transparent;font-weight: 400;font-style: normal;font-variant: normal;text-decoration: none;vertical-align: baseline\">. J\u00e1 a <\/span><span style=\"font-family: Arial, sans-serif;background-color: transparent;font-weight: 700;font-style: normal;font-variant: normal;text-decoration: none;vertical-align: baseline\">m\u00e1xima pode chegar at\u00e9 38\u00b0C em Teresina<\/span><span style=\"font-family: Arial, sans-serif;background-color: transparent;font-weight: 400;font-style: normal;font-variant: normal;text-decoration: none;vertical-align: baseline\">. A umidade relativa do ar varia entre <\/span><span style=\"font-family: Arial, sans-serif;background-color: transparent;font-weight: 700;font-style: normal;font-variant: normal;text-decoration: none;vertical-align: baseline\">40% e 90%<\/span><span style=\"font-family: Arial, sans-serif;background-color: transparent;font-weight: 400;font-style: normal;font-variant: normal;text-decoration: none;vertical-align: baseline\">.<\/span><\/span><span>\u00a0<\/span><\/p>\n<h2>5 motivos para acompanhar as previs\u00f5es do tempo<\/h2>\n<ul>\n<li>Agricultura: garantia de uma boa colheita;<\/li>\n<li>Marinha: prote\u00e7\u00e3o de marinheiros, navios e passageiros;<\/li>\n<li>Aeron\u00e1utica: seguran\u00e7a de pilotos, aeronaves e passageiros;<\/li>\n<li>Pesca: condi\u00e7\u00f5es favor\u00e1veis e seguras para a atividade;<\/li>\n<li>Turismo: garantia de passeios e viagens tranquilas e agrad\u00e1veis.<\/li>\n<\/ul>\n<h2>Import\u00e2ncia das observa\u00e7\u00f5es meteorol\u00f3gicas no INMET<\/h2>\n<p>As observa\u00e7\u00f5es meteorol\u00f3gicas do INMET s\u00e3o essenciais para previs\u00f5es em tempo real, estat\u00edsticas clim\u00e1ticas e coopera\u00e7\u00e3o internacional. Esses dados precisos ajudam a estudar o clima passado e a produzir Normais Climatol\u00f3gicas conforme a Organiza\u00e7\u00e3o Meteorol\u00f3gica Mundial (<a href=\"https:\/\/worldweather.wmo.int\/pt\/home.html\">OMM<\/a>).<\/p>\n<p>As informa\u00e7\u00f5es s\u00e3o do Instituto Nacional de Meteorologia (<a href=\"https:\/\/portal.inmet.gov.br\">Inmet<\/a>).<\/p>\n<p>\t\t\t\t\t\t\t\t\t<img loading=\"lazy\" decoding=\"async\" src=\"https:\/\/brasil61.com\/api\/v1\/serve_pixel\/17677\/85541\" alt=\"Pixel Brasil 61\" class=\"b61_pixel\" width=\"0\" height=\"0\"><\/p>\n<input type=\"hidden\" id=\"baseurl\" value=\"https:\/\/noticiasdestaque.com.br\"><input type=\"hidden\" id=\"audio_nonce\" value=\"6a24ca502e\">","protected":false},"excerpt":{"rendered":"<p>Inmet alerta para perigo potencial de ventos costeiros no MA, PI, CE e RN; temperaturas variam entre 22\u00b0C e 38\u00b0C<\/p>\n","protected":false},"author":1,"featured_media":47153,"comment_status":"open","ping_status":"open","sticky":false,"template":"","format":"standard","meta":{"fifu_image_url":"","fifu_image_alt":"","footnotes":""},"categories":[58],"tags":[],"class_list":["post-47152","post","type-post","status-publish","format-standard","has-post-thumbnail","hentry","category-cotidiano"],"distributor_meta":false,"distributor_terms":false,"distributor_media":false,"distributor_original_site_name":"Noticias em Destaque","distributor_original_site_url":"https:\/\/noticiasdestaque.com.br","push-errors":false,"_links":{"self":[{"href":"https:\/\/noticiasdestaque.com.br\/index.php\/wp-json\/wp\/v2\/posts\/47152","targetHints":{"allow":["GET"]}}],"collection":[{"href":"https:\/\/noticiasdestaque.com.br\/index.php\/wp-json\/wp\/v2\/posts"}],"about":[{"href":"https:\/\/noticiasdestaque.com.br\/index.php\/wp-json\/wp\/v2\/types\/post"}],"author":[{"embeddable":true,"href":"https:\/\/noticiasdestaque.com.br\/index.php\/wp-json\/wp\/v2\/users\/1"}],"replies":[{"embeddable":true,"href":"https:\/\/noticiasdestaque.com.br\/index.php\/wp-json\/wp\/v2\/comments?post=47152"}],"version-history":[{"count":0,"href":"https:\/\/noticiasdestaque.com.br\/index.php\/wp-json\/wp\/v2\/posts\/47152\/revisions"}],"wp:featuredmedia":[{"embeddable":true,"href":"https:\/\/noticiasdestaque.com.br\/index.php\/wp-json\/wp\/v2\/media\/47153"}],"wp:attachment":[{"href":"https:\/\/noticiasdestaque.com.br\/index.php\/wp-json\/wp\/v2\/media?parent=47152"}],"wp:term":[{"taxonomy":"category","embeddable":true,"href":"https:\/\/noticiasdestaque.com.br\/index.php\/wp-json\/wp\/v2\/categories?post=47152"},{"taxonomy":"post_tag","embeddable":true,"href":"https:\/\/noticiasdestaque.com.br\/index.php\/wp-json\/wp\/v2\/tags?post=47152"}],"curies":[{"name":"wp","href":"https:\/\/api.w.org\/{rel}","templated":true}]}}