{"id":47132,"date":"2025-10-29T21:50:00","date_gmt":"2025-10-30T00:50:00","guid":{"rendered":"https:\/\/noticiasdestaque.com.br\/index.php\/2025\/10\/29\/previsao-do-tempo-quinta-feira-30-com-muitas-nuvens-e-pancadas-de-chuva-no-sudeste\/"},"modified":"2025-10-29T21:50:00","modified_gmt":"2025-10-30T00:50:00","slug":"previsao-do-tempo-quinta-feira-30-com-muitas-nuvens-e-pancadas-de-chuva-no-sudeste","status":"publish","type":"post","link":"https:\/\/noticiasdestaque.com.br\/index.php\/2025\/10\/29\/previsao-do-tempo-quinta-feira-30-com-muitas-nuvens-e-pancadas-de-chuva-no-sudeste\/","title":{"rendered":"PREVIS\u00c3O DO TEMPO: quinta-feira (30) com muitas nuvens e pancadas de chuva no Sudeste"},"content":{"rendered":"<p>\t\t\t\t\t\t\t\t\t\t<audio controls class=\"b61_audio_player\" data-noticia=\"85531\" src=\"https:\/\/brasil61.com\/rails\/active_storage\/blobs\/eyJfcmFpbHMiOnsibWVzc2FnZSI6IkJBaHBBM08xQXc9PSIsImV4cCI6bnVsbCwicHVyIjoiYmxvYl9pZCJ9fQ==--2f04323bf002f4830ef6f156d08a0849713f8891\/PTSD254236A\"><\/audio><\/p>\n<p>A <strong>previs\u00e3o do tempo<\/strong> para a <strong>regi\u00e3o Sudeste<\/strong> do pa\u00eds, nesta <strong>quinta-feira (30)<\/strong>, \u00e9 de c\u00e9u com <strong>muitas nuvens<\/strong> e <strong>pancadas de chuva com trovoadas<\/strong>.<\/p>\n<p>O <strong>Instituto Nacional de Meteorologia<\/strong> (<a href=\"https:\/\/portal.inmet.gov.br\">Inmet<\/a>) alerta sobre <strong>perigo potencial de chuvas intensas<\/strong> em todo o e<strong>stado de S\u00e3o Paulo e do Rio de Janeiro<\/strong>, em munic\u00edpios do <strong>sul e do oeste de Minas Gerais<\/strong>\u00a0e no <strong>extremo sul do Esp\u00edrito Santo<\/strong>. Al\u00e9m disso, o Inmet alerta para<strong> perigo potencial de tempestade<\/strong> no <strong>sudoeste de Minas<\/strong>, <strong>norte de S\u00e3o Paulo<\/strong> e em <strong>quase todo o estado do Rio de Janeiro<\/strong>, com exce\u00e7\u00e3o do extremo norte. Tamb\u00e9m h\u00e1 alerta de <strong>perigo de tempestade no oeste paulista, no leste fluminense e no extremo sul de Minas<\/strong>.<\/p>\n<p>No in\u00edcio do dia, com exce\u00e7\u00e3o do centro-norte de Minas Gerais, a regi\u00e3o <strong>amanhece sob muitas nuvens<\/strong>. O sul de Minas, o extremo-sul do Esp\u00edrito Santo, o estado do Rio de Janeiro e o norte de S\u00e3o Paulo t\u00eam previs\u00e3o de <strong>pancadas de chuva isoladas<\/strong>, enquanto o restante do estado paulista tem possibilidade de chuvas isoladas.<\/p>\n<p>\u00c0 tarde, a <strong>chuva toma parte maior do estado de Minas Gerais<\/strong>, com exce\u00e7\u00e3o do nordeste, e <strong>se intensifica no centro-sul do estado<\/strong>, assim como no nordeste de S\u00e3o Paulo e sudoeste do Rio, com previs\u00e3o de trovoadas isoladas para essas \u00e1reas. A chuva promete recuar no sul e sudoeste de S\u00e3o Paulo, mas ainda com o c\u00e9u de muitas nuvens.<\/p>\n<p>A previs\u00e3o para a noite \u00e9 a de manuten\u00e7\u00e3o das condi\u00e7\u00f5es da tarde, com um pequeno avan\u00e7o da chuva em dire\u00e7\u00e3o ao interior de Minas Gerais.<\/p>\n<p>Entre as capitais, a <strong>temperatura m\u00ednima<\/strong> prevista \u00e9 de <strong>15\u00b0C<\/strong> em S\u00e3o Paulo. J\u00e1 a <strong>m\u00e1xima<\/strong> pode chegar at\u00e9 <strong>30\u00b0C<\/strong>, em Belo Horizonte. A <strong>umidade relativa do ar<\/strong> varia entre <strong>40%<\/strong> e 100%.<\/p>\n<p>\u00a0<\/p>\n<h2>5 motivos para acompanhar as previs\u00f5es do tempo<\/h2>\n<ul>\n<li>Agricultura: garantia de uma boa colheita;<\/li>\n<li>Marinha: prote\u00e7\u00e3o de marinheiros, navios e passageiros;<\/li>\n<li>Aeron\u00e1utica: seguran\u00e7a de pilotos, aeronaves e passageiros;<\/li>\n<li>Pesca: condi\u00e7\u00f5es favor\u00e1veis e seguras para a atividade;<\/li>\n<li>Turismo: garantia de passeios e viagens tranquilas e agrad\u00e1veis.<\/li>\n<\/ul>\n<h2>\u00a0<\/h2>\n<h2>Import\u00e2ncia das observa\u00e7\u00f5es meteorol\u00f3gicas no INMET<\/h2>\n<p>As observa\u00e7\u00f5es meteorol\u00f3gicas do INMET s\u00e3o essenciais para previs\u00f5es em tempo real, estat\u00edsticas clim\u00e1ticas e coopera\u00e7\u00e3o internacional. Esses dados precisos ajudam a estudar o clima passado e a produzir Normais Climatol\u00f3gicas conforme a Organiza\u00e7\u00e3o Meteorol\u00f3gica Mundial (<a href=\"https:\/\/worldweather.wmo.int\/pt\/home.html\">OMM<\/a>).<\/p>\n<p>As informa\u00e7\u00f5es s\u00e3o do Instituto Nacional de Meteorologia (<a href=\"https:\/\/portal.inmet.gov.br\">Inmet<\/a>).<\/p>\n<p>\t\t\t\t\t\t\t\t\t<img loading=\"lazy\" decoding=\"async\" src=\"https:\/\/brasil61.com\/api\/v1\/serve_pixel\/17677\/85531\" alt=\"Pixel Brasil 61\" class=\"b61_pixel\" width=\"0\" height=\"0\"><\/p>\n<input type=\"hidden\" id=\"baseurl\" value=\"https:\/\/noticiasdestaque.com.br\"><input type=\"hidden\" id=\"audio_nonce\" value=\"6f73a554f1\">","protected":false},"excerpt":{"rendered":"<p>Inmet alerta para perigo potencial de chuvas intensas em SP e partes de MG e RJ; temperaturas variam entre 15\u00b0C e 30\u00b0C<\/p>\n","protected":false},"author":1,"featured_media":47133,"comment_status":"open","ping_status":"open","sticky":false,"template":"","format":"standard","meta":{"fifu_image_url":"","fifu_image_alt":"","footnotes":""},"categories":[58],"tags":[],"class_list":["post-47132","post","type-post","status-publish","format-standard","has-post-thumbnail","hentry","category-cotidiano"],"distributor_meta":false,"distributor_terms":false,"distributor_media":false,"distributor_original_site_name":"Noticias em Destaque","distributor_original_site_url":"https:\/\/noticiasdestaque.com.br","push-errors":false,"_links":{"self":[{"href":"https:\/\/noticiasdestaque.com.br\/index.php\/wp-json\/wp\/v2\/posts\/47132","targetHints":{"allow":["GET"]}}],"collection":[{"href":"https:\/\/noticiasdestaque.com.br\/index.php\/wp-json\/wp\/v2\/posts"}],"about":[{"href":"https:\/\/noticiasdestaque.com.br\/index.php\/wp-json\/wp\/v2\/types\/post"}],"author":[{"embeddable":true,"href":"https:\/\/noticiasdestaque.com.br\/index.php\/wp-json\/wp\/v2\/users\/1"}],"replies":[{"embeddable":true,"href":"https:\/\/noticiasdestaque.com.br\/index.php\/wp-json\/wp\/v2\/comments?post=47132"}],"version-history":[{"count":0,"href":"https:\/\/noticiasdestaque.com.br\/index.php\/wp-json\/wp\/v2\/posts\/47132\/revisions"}],"wp:featuredmedia":[{"embeddable":true,"href":"https:\/\/noticiasdestaque.com.br\/index.php\/wp-json\/wp\/v2\/media\/47133"}],"wp:attachment":[{"href":"https:\/\/noticiasdestaque.com.br\/index.php\/wp-json\/wp\/v2\/media?parent=47132"}],"wp:term":[{"taxonomy":"category","embeddable":true,"href":"https:\/\/noticiasdestaque.com.br\/index.php\/wp-json\/wp\/v2\/categories?post=47132"},{"taxonomy":"post_tag","embeddable":true,"href":"https:\/\/noticiasdestaque.com.br\/index.php\/wp-json\/wp\/v2\/tags?post=47132"}],"curies":[{"name":"wp","href":"https:\/\/api.w.org\/{rel}","templated":true}]}}