{"id":47128,"date":"2025-10-29T21:10:00","date_gmt":"2025-10-30T00:10:00","guid":{"rendered":"https:\/\/noticiasdestaque.com.br\/index.php\/2025\/10\/29\/previsao-do-tempo-poucas-nuvens-nesta-quinta-feira-30-no-nordeste\/"},"modified":"2025-10-29T21:10:00","modified_gmt":"2025-10-30T00:10:00","slug":"previsao-do-tempo-poucas-nuvens-nesta-quinta-feira-30-no-nordeste","status":"publish","type":"post","link":"https:\/\/noticiasdestaque.com.br\/index.php\/2025\/10\/29\/previsao-do-tempo-poucas-nuvens-nesta-quinta-feira-30-no-nordeste\/","title":{"rendered":"PREVIS\u00c3O DO TEMPO: Poucas nuvens nesta quinta-feira (30) no Nordeste"},"content":{"rendered":"<p>\t\t\t\t\t\t\t\t\t\t<audio controls class=\"b61_audio_player\" data-noticia=\"85529\" src=\"https:\/\/brasil61.com\/rails\/active_storage\/blobs\/eyJfcmFpbHMiOnsibWVzc2FnZSI6IkJBaHBBM1cxQXc9PSIsImV4cCI6bnVsbCwicHVyIjoiYmxvYl9pZCJ9fQ==--744e259d3e718bb2d41145af483b7ced3ca68197\/PTND254847A\"><\/audio><\/p>\n<p>A <strong>previs\u00e3o do tempo<\/strong> para a <strong>Regi\u00e3o Nordeste<\/strong> do pa\u00eds, nesta <strong>quinta-feira (30),<\/strong> indica c\u00e9u com <strong>poucas nuvens e chuvas isoladas<\/strong>.<\/p>\n<p>O <strong>Instituto Nacional de Meteorologia<\/strong> (<a href=\"https:\/\/portal.inmet.gov.br\">Inmet<\/a>) emitiu alerta de <strong>perigo potencial de ventos costeiros<\/strong> desde <strong>Cedral<\/strong>, no Maranh\u00e3o, passando por <strong>todo litoral do Piau\u00ed e do Cear\u00e1<\/strong>, at\u00e9 <strong>Parnamirim<\/strong>, no Rio Grande do Norte.\u00a0\u00a0\u00a0<\/p>\n<p>A previs\u00e3o \u00e9 de uma <strong>manh\u00e3<\/strong> de <strong>c\u00e9u claro<\/strong> para <strong>quase toda a regi\u00e3o<\/strong>, com <strong>exce\u00e7\u00e3o da faixa litor\u00e2nea<\/strong> que vai desde o leste do Rio Grande do Norte at\u00e9 o sul da Bahia \u2014 passando pelas capitais Natal, Jo\u00e3o Pessoa, Recife, Macei\u00f3, Aracaj\u00fa e Salvador \u2014, que dever\u00e1 ter um <strong>c\u00e9u com muitas nuvens<\/strong>, mas <strong>sem previs\u00e3o de chuva<\/strong>.<\/p>\n<p>\u00c0 <strong>tarde<\/strong>, a quantidade de <strong>nuvens<\/strong> no litoral deve <strong>diminuir<\/strong>, enquanto o oeste da Bahia, o sudoeste do Piau\u00ed e todo o estado do Maranh\u00e3o devem receber um c\u00e9u com <strong>muitas nuvens<\/strong>.<\/p>\n<p>A regi\u00e3o segue sob <strong>poucas nuvens<\/strong> durante a <strong>noite<\/strong>, inclusive com o recuo da concentra\u00e7\u00e3o das nuvens no leste do Maranh\u00e3o. Ao mesmo tempo, o extremo-sudeste do estado passa a ter previs\u00e3o de <strong>muitas nuvens<\/strong> e <strong>pancadas isoladas de chuva<\/strong>.<\/p>\n<p>Entre as capitais, a <strong>temperatura m\u00ednima<\/strong> prevista \u00e9 de <strong>21\u00b0C<\/strong> em Salvador. J\u00e1 a <strong>m\u00e1xima<\/strong> pode chegar at\u00e9 <strong>39\u00b0C<\/strong>, em Teresina. A <strong>umidade relativa do ar<\/strong> varia entre <strong>30%<\/strong> e <strong>95%<\/strong>.\u00a0<\/p>\n<p>\u00a0<\/p>\n<h2>5 motivos para acompanhar as previs\u00f5es do tempo<\/h2>\n<p>\u00a0<\/p>\n<p>Agricultura: garantia de uma boa colheita;<\/p>\n<ul>\n<li>Marinha: prote\u00e7\u00e3o de marinheiros, navios e passageiros;<\/li>\n<li>Aeron\u00e1utica: seguran\u00e7a de pilotos, aeronaves e passageiros;<\/li>\n<li>Pesca: condi\u00e7\u00f5es favor\u00e1veis e seguras para a atividade;<\/li>\n<li>Turismo: garantia de passeios e viagens tranquilas e agrad\u00e1veis.<\/li>\n<\/ul>\n<p>\u00a0<\/p>\n<h2>Import\u00e2ncia das observa\u00e7\u00f5es meteorol\u00f3gicas no INMET<\/h2>\n<p>\u00a0<\/p>\n<p>As observa\u00e7\u00f5es meteorol\u00f3gicas do INMET s\u00e3o essenciais para previs\u00f5es em tempo real, estat\u00edsticas clim\u00e1ticas e coopera\u00e7\u00e3o internacional. Esses dados precisos ajudam a estudar o clima passado e a produzir Normais Climatol\u00f3gicas conforme a Organiza\u00e7\u00e3o Meteorol\u00f3gica Mundial (<a href=\"https:\/\/worldweather.wmo.int\/pt\/home.html\">OMM<\/a>).<\/p>\n<p>\u00a0<\/p>\n<p>As informa\u00e7\u00f5es s\u00e3o do Instituto Nacional de Meteorologia (<a href=\"https:\/\/portal.inmet.gov.br\">Inmet<\/a>).<\/p>\n<p>\t\t\t\t\t\t\t\t\t<img loading=\"lazy\" decoding=\"async\" src=\"https:\/\/brasil61.com\/api\/v1\/serve_pixel\/17677\/85529\" alt=\"Pixel Brasil 61\" class=\"b61_pixel\" width=\"0\" height=\"0\"><\/p>\n<input type=\"hidden\" id=\"baseurl\" value=\"https:\/\/noticiasdestaque.com.br\"><input type=\"hidden\" id=\"audio_nonce\" value=\"6f73a554f1\">","protected":false},"excerpt":{"rendered":"<p>Inmet alerta para perigo potencial de ventos costeiros no MA, PI, CE e RN; temperaturas variam entre 21\u00b0C e 39\u00b0C<\/p>\n","protected":false},"author":1,"featured_media":47129,"comment_status":"open","ping_status":"open","sticky":false,"template":"","format":"standard","meta":{"fifu_image_url":"","fifu_image_alt":"","footnotes":""},"categories":[58],"tags":[],"class_list":["post-47128","post","type-post","status-publish","format-standard","has-post-thumbnail","hentry","category-cotidiano"],"distributor_meta":false,"distributor_terms":false,"distributor_media":false,"distributor_original_site_name":"Noticias em Destaque","distributor_original_site_url":"https:\/\/noticiasdestaque.com.br","push-errors":false,"_links":{"self":[{"href":"https:\/\/noticiasdestaque.com.br\/index.php\/wp-json\/wp\/v2\/posts\/47128","targetHints":{"allow":["GET"]}}],"collection":[{"href":"https:\/\/noticiasdestaque.com.br\/index.php\/wp-json\/wp\/v2\/posts"}],"about":[{"href":"https:\/\/noticiasdestaque.com.br\/index.php\/wp-json\/wp\/v2\/types\/post"}],"author":[{"embeddable":true,"href":"https:\/\/noticiasdestaque.com.br\/index.php\/wp-json\/wp\/v2\/users\/1"}],"replies":[{"embeddable":true,"href":"https:\/\/noticiasdestaque.com.br\/index.php\/wp-json\/wp\/v2\/comments?post=47128"}],"version-history":[{"count":0,"href":"https:\/\/noticiasdestaque.com.br\/index.php\/wp-json\/wp\/v2\/posts\/47128\/revisions"}],"wp:featuredmedia":[{"embeddable":true,"href":"https:\/\/noticiasdestaque.com.br\/index.php\/wp-json\/wp\/v2\/media\/47129"}],"wp:attachment":[{"href":"https:\/\/noticiasdestaque.com.br\/index.php\/wp-json\/wp\/v2\/media?parent=47128"}],"wp:term":[{"taxonomy":"category","embeddable":true,"href":"https:\/\/noticiasdestaque.com.br\/index.php\/wp-json\/wp\/v2\/categories?post=47128"},{"taxonomy":"post_tag","embeddable":true,"href":"https:\/\/noticiasdestaque.com.br\/index.php\/wp-json\/wp\/v2\/tags?post=47128"}],"curies":[{"name":"wp","href":"https:\/\/api.w.org\/{rel}","templated":true}]}}