{"id":47110,"date":"2025-10-29T04:45:00","date_gmt":"2025-10-29T07:45:00","guid":{"rendered":"https:\/\/noticiasdestaque.com.br\/index.php\/2025\/10\/29\/jornada-nacional-de-inovacao-da-industria-chega-a-goiania-para-conectar-empresas-e-impulsionar-tecnologias-sustentaveis\/"},"modified":"2025-10-29T04:45:00","modified_gmt":"2025-10-29T07:45:00","slug":"jornada-nacional-de-inovacao-da-industria-chega-a-goiania-para-conectar-empresas-e-impulsionar-tecnologias-sustentaveis","status":"publish","type":"post","link":"https:\/\/noticiasdestaque.com.br\/index.php\/2025\/10\/29\/jornada-nacional-de-inovacao-da-industria-chega-a-goiania-para-conectar-empresas-e-impulsionar-tecnologias-sustentaveis\/","title":{"rendered":"Jornada Nacional de Inova\u00e7\u00e3o da Ind\u00fastria chega a Goi\u00e2nia para conectar empresas e impulsionar tecnologias sustent\u00e1veis"},"content":{"rendered":"<p>\t\t\t\t\t\t\t\t\t\t<audio controls class=\"b61_audio_player\" data-noticia=\"85503\" src=\"https:\/\/brasil61.com\/rails\/active_storage\/blobs\/eyJfcmFpbHMiOnsibWVzc2FnZSI6IkJBaHBBOCt6QXc9PSIsImV4cCI6bnVsbCwicHVyIjoiYmxvYl9pZCJ9fQ==--94d09f6e699b7ba57662d1536cd536f9853b143c\/PIND254665A\"><\/audio><\/p>\n<p>Ap\u00f3s percorrer cidades do Centro-Oeste do pa\u00eds, a <a href=\"https:\/\/jornadanacionaldeinovacao.com.br\/\" target=\"_blank\">Jornada Nacional de Inova\u00e7\u00e3o da Ind\u00fastria<\/a> chega a Goi\u00e2nia para promover um encontro regional. O evento est\u00e1 previsto para esta quinta-feira (30), na Expoind Goi\u00e1s \u2013 Centro de Conven\u00e7\u00f5es de Goi\u00e2nia, entre 13h30 e 18h.<\/p>\n<p>A iniciativa, desenvolvida pela Confedera\u00e7\u00e3o Nacional da Ind\u00fastria <a href=\"https:\/\/cni.portaldaindustria.com.br\/pt\/\" target=\"_blank\">(CNI)<\/a>, em parceria com o Servi\u00e7o Brasileiro de Apoio \u00e0s Micro e Pequenas Empresas <a href=\"https:\/\/sebrae.com.br\/sites\/PortalSebrae\/\" target=\"_blank\">(Sebrae)<\/a>, visa mapear desafios, revelar solu\u00e7\u00f5es e impulsionar conex\u00f5es em torno das transi\u00e7\u00f5es ecol\u00f3gica e digital.<\/p>\n<p>A analista de desenvolvimento industrial da CNI, Marilene Castro, explica que esse movimento itinerante busca ouvir diferentes atores para, conjuntamente, possibilitar a cria\u00e7\u00e3o de uma ind\u00fastria mais moderna, competitiva e sustent\u00e1vel.<\/p>\n<p>\u201cNo caso das regi\u00f5es que j\u00e1 passamos, vemos um ecossistema em crescimento, com forte presen\u00e7a de universidades, centros tecnol\u00f3gicos e empreendedores que est\u00e3o fazendo solu\u00e7\u00f5es muito conectadas \u00e0s voca\u00e7\u00f5es locais, seja em energia, bioeconomia, sustentabilidade, economia circular ou transforma\u00e7\u00e3o digital. H\u00e1 um enorme potencial de integra\u00e7\u00e3o entre a ind\u00fastria tradicional e as novas tecnologias em se tratando de startups e deep techs\u201d, destaca.<\/p>\n<p><a href=\"https:\/\/brasil61.com\/n\/taxa-de-juros-continua-sendo-principal-obstaculo-para-a-construcao-civil-aponta-cni-pind254663\" target=\"_blank\">Taxa de juros continua sendo principal obst\u00e1culo para a constru\u00e7\u00e3o civil, aponta CNI<\/a><\/p>\n<p><a href=\"https:\/\/brasil61.com\/n\/senai-esta-com-mais-de-52-mil-vagas-abertas-em-cursos-presenciais-e-a-distancia-confira-oportunidades-por-estado-pind254664\" target=\"_blank\">SENAI est\u00e1 com mais de 52 mil vagas abertas em cursos presenciais e a dist\u00e2ncia; confira oportunidades por estado<\/a><\/p>\n<p>Em meio \u00e0 programa\u00e7\u00e3o da etapa regional, ser\u00e1 apresentado um panorama da ind\u00fastria e do ecossistema de inova\u00e7\u00e3o, assim como os resultados da Jornada no Centro-Oeste brasileiro. Os participantes tamb\u00e9m v\u00e3o acompanhar o endere\u00e7amento dos desafios mapeados na regi\u00e3o. Al\u00e9m disso, haver\u00e1 pain\u00e9is sobre como encaminhar as oportunidades, demandas e temas priorit\u00e1rios para a Inova\u00e7\u00e3o.<\/p>\n<p>Entre os convidados a participarem do evento est\u00e3o lideran\u00e7as empresariais regionais, investidores, companhias de base tecnol\u00f3gica, gestores de Institui\u00e7\u00f5es de Ci\u00eancia e Tecnologia (ICTs) e de Parques Tecnol\u00f3gicos, assim como representantes do poder p\u00fablico e organiza\u00e7\u00f5es nacionais ou internacionais.<\/p>\n<p>Depois que a Jornada passar por todas as regi\u00f5es do pa\u00eds, os organizadores v\u00e3o apresentar o resultado do trabalho no 11\u00ba Congresso de Inova\u00e7\u00e3o da Ind\u00fastria, previsto para mar\u00e7o de 2026, em S\u00e3o Paulo. \u00a0<\/p>\n<p>\u201cA expectativa \u00e9 que consigamos trabalhar projetos estruturantes a partir dos insumos que sa\u00edram da Jornada por estados e regi\u00f5es e deixar um legado real da Jornada. Al\u00e9m dos aprendizados e conex\u00f5es, teremos uma plataforma digital que vai reunir solu\u00e7\u00f5es, desafios e oportunidades identificadas ao longo do percurso\u201d, projeta Marilene Castro.<\/p>\n<p>O intuito da Jornada \u00e9 promover a articula\u00e7\u00e3o do ecossistema de inova\u00e7\u00e3o em torno dos temas intelig\u00eancia artificial, economia circular, transi\u00e7\u00e3o energ\u00e9tica e deep techs.<\/p>\n<h2>Sobre as deep techs<\/h2>\n<p>As deep techs s\u00e3o startups baseadas em descobertas cient\u00edficas com alto potencial de impacto. Atualmente, o Brasil conta com mais de 20 mil startups.<\/p>\n<p>De acordo com dados do <a href=\"https:\/\/emergebrasil.in\/inscricao-panorama-deep-techs-2025\/\" target=\"_blank\">Deep Tech Radar Brasil 2025<\/a>, produzido pela Emerge em parceria com o Sebrae, o Centro-Oeste conta com 37 deep techs. Na regi\u00e3o, a quantidade dessas companhias \u00e9 dividida geograficamente da seguinte forma:<\/p>\n<ul>\n<li>Distrito Federal: 15<\/li>\n<li>Goi\u00e1s: 11<\/li>\n<li>Mato Grosso: 5<\/li>\n<li>Mato Grosso do Sul: 6<\/li>\n<\/ul>\n<h2>\u00a0Confira a programa\u00e7\u00e3o completa<\/h2>\n<ul>\n<li>13h30: Credenciamento &amp; Networking &#8211; recep\u00e7\u00e3o<\/li>\n<li>14h: Abertura Institucional e assinatura do Conv\u00eanio CNI &#8211; Sebrae<\/li>\n<li>15h: Apresenta\u00e7\u00e3o: panorama da ind\u00fastria e do ecossistema de inova\u00e7\u00e3o e \u00a0 resultados da Jornada na Regi\u00e3o Centro-Oeste \u2013 como endere\u00e7ar os desafios mapeados<\/li>\n<li>15h45: Como empresas est\u00e3o conseguindo superar desafios comuns e gerar inova\u00e7\u00e3o na regi\u00e3o Centro-Oeste?\u00a0<\/li>\n<li>16h45: \u00a0Como o ecossistema de fomento pode destravar desafios e alavancar a inova\u00e7\u00e3o no Centro-Oeste?<\/li>\n<li>17h45: S\u00edntese<\/li>\n<li>18h00: Pr\u00eamio de Inova\u00e7\u00e3o<br \/>\n\t\u00a0<\/li>\n<\/ul>\n<p>\t\t\t\t\t\t\t\t\t<img loading=\"lazy\" decoding=\"async\" src=\"https:\/\/brasil61.com\/api\/v1\/serve_pixel\/17677\/85503\" alt=\"Pixel Brasil 61\" class=\"b61_pixel\" width=\"0\" height=\"0\"><\/p>\n<input type=\"hidden\" id=\"baseurl\" value=\"https:\/\/noticiasdestaque.com.br\"><input type=\"hidden\" id=\"audio_nonce\" value=\"6f73a554f1\">","protected":false},"excerpt":{"rendered":"<p>Evento promovido pela CNI e Sebrae re\u00fane lideran\u00e7as empresariais, startups e centros tecnol\u00f3gicos para discutir transi\u00e7\u00e3o ecol\u00f3gica e digital no Centro-Oeste<\/p>\n","protected":false},"author":1,"featured_media":47111,"comment_status":"open","ping_status":"open","sticky":false,"template":"","format":"standard","meta":{"fifu_image_url":"","fifu_image_alt":"","footnotes":""},"categories":[48],"tags":[],"class_list":["post-47110","post","type-post","status-publish","format-standard","has-post-thumbnail","hentry","category-mundo"],"distributor_meta":false,"distributor_terms":false,"distributor_media":false,"distributor_original_site_name":"Noticias em Destaque","distributor_original_site_url":"https:\/\/noticiasdestaque.com.br","push-errors":false,"_links":{"self":[{"href":"https:\/\/noticiasdestaque.com.br\/index.php\/wp-json\/wp\/v2\/posts\/47110","targetHints":{"allow":["GET"]}}],"collection":[{"href":"https:\/\/noticiasdestaque.com.br\/index.php\/wp-json\/wp\/v2\/posts"}],"about":[{"href":"https:\/\/noticiasdestaque.com.br\/index.php\/wp-json\/wp\/v2\/types\/post"}],"author":[{"embeddable":true,"href":"https:\/\/noticiasdestaque.com.br\/index.php\/wp-json\/wp\/v2\/users\/1"}],"replies":[{"embeddable":true,"href":"https:\/\/noticiasdestaque.com.br\/index.php\/wp-json\/wp\/v2\/comments?post=47110"}],"version-history":[{"count":0,"href":"https:\/\/noticiasdestaque.com.br\/index.php\/wp-json\/wp\/v2\/posts\/47110\/revisions"}],"wp:featuredmedia":[{"embeddable":true,"href":"https:\/\/noticiasdestaque.com.br\/index.php\/wp-json\/wp\/v2\/media\/47111"}],"wp:attachment":[{"href":"https:\/\/noticiasdestaque.com.br\/index.php\/wp-json\/wp\/v2\/media?parent=47110"}],"wp:term":[{"taxonomy":"category","embeddable":true,"href":"https:\/\/noticiasdestaque.com.br\/index.php\/wp-json\/wp\/v2\/categories?post=47110"},{"taxonomy":"post_tag","embeddable":true,"href":"https:\/\/noticiasdestaque.com.br\/index.php\/wp-json\/wp\/v2\/tags?post=47110"}],"curies":[{"name":"wp","href":"https:\/\/api.w.org\/{rel}","templated":true}]}}