{"id":47108,"date":"2025-10-29T04:25:00","date_gmt":"2025-10-29T07:25:00","guid":{"rendered":"https:\/\/noticiasdestaque.com.br\/index.php\/2025\/10\/29\/racionamento-de-agua-no-brasil-pode-ser-de-12-dias-ate-2050-aponta-estudo-do-trata-brasil\/"},"modified":"2025-10-29T04:25:00","modified_gmt":"2025-10-29T07:25:00","slug":"racionamento-de-agua-no-brasil-pode-ser-de-12-dias-ate-2050-aponta-estudo-do-trata-brasil","status":"publish","type":"post","link":"https:\/\/noticiasdestaque.com.br\/index.php\/2025\/10\/29\/racionamento-de-agua-no-brasil-pode-ser-de-12-dias-ate-2050-aponta-estudo-do-trata-brasil\/","title":{"rendered":"Racionamento de \u00e1gua no Brasil pode ser de 12 dias at\u00e9 2050, aponta estudo do Trata Brasil"},"content":{"rendered":"<p>\t\t\t\t\t\t\t\t\t\t<audio controls class=\"b61_audio_player\" data-noticia=\"85499\" src=\"https:\/\/brasil61.com\/rails\/active_storage\/blobs\/eyJfcmFpbHMiOnsibWVzc2FnZSI6IkJBaHBBOWF6QXc9PSIsImV4cCI6bnVsbCwicHVyIjoiYmxvYl9pZCJ9fQ==--df3b80dd06288a9dc8d6178e43ef819c119e128d\/BRAS2515024A\"><\/audio><\/p>\n<p><strong>Em 2050, o racionamento de \u00e1gua ser\u00e1 mais comum no Brasil \u2013 com at\u00e9 12 dias de dura\u00e7\u00e3o ao longo do ano<\/strong>. O alerta \u00e9 do Trata Brasil, no estudo \u201c<a href=\"https:\/\/tratabrasil.org.br\/wp-content\/uploads\/2025\/10\/Release_Demanda-Futura-por-Agua-em-2050-Desafios-da-Eficiencia-e-das-Mudancas-Climaticas.pdf\" target=\"_blank\">Demanda Futura por \u00c1gua em 2050: Desafios da Efici\u00eancia e das Mudan\u00e7as Clim\u00e1ticas<\/a>\u201d. A publica\u00e7\u00e3o projeta cen\u00e1rios de demanda futura de \u00e1gua nas moradias brasileiras at\u00e9\u00a02050.<\/p>\n<\/p>\n<p>As <strong>estimativas para as regi\u00f5es Nordeste e Centro-Oeste s\u00e3o ainda mais preocupantes. <\/strong>Os dados mostram que a<strong> falta de \u00e1gua pode ultrapassar os 30 dias nessas localidades.<\/strong><\/p>\n<p>A presidente executiva do Trata Brasil, Luana Pretto, afirma que o cen\u00e1rio \u00e9 desafiador. Segundo ela,<strong> sem a\u00e7\u00f5es adequadas de enfrentamento, os impactos atingir\u00e3o a vida cotidiana dos brasileiros e a esfera econ\u00f4mica e empresarial.<\/strong><\/p>\n<p>\u201cO estudo relata e traz dados, informa\u00e7\u00e3o e conhecimento de que esse cen\u00e1rio \u00e9 bastante desafiador e que se a gente n\u00e3o fizer nada hoje a gente pode sofrer sim com o desabastecimento de \u00e1gua, seja para as atividades do dia a dia da casa do cidad\u00e3o, seja para o crescimento econ\u00f4mico da cidade de uma maneira geral\u201d, aponta.<\/p>\n<p>Luana Pretto elucida os achados da pesquisa e mostra um panorama que exige aten\u00e7\u00e3o:<\/p>\n<p>\u201cN\u00f3s chegamos \u00e0 conclus\u00e3o que teremos um aumento do consumo e esse aumento do consumo \u00e9 puxado pela amplia\u00e7\u00e3o da oferta de \u00e1gua, pela expans\u00e3o demogr\u00e1fica, pelo crescimento econ\u00f4mico do pa\u00eds, mas tamb\u00e9m por um aumento da temperatura do planeta que tende a ser de um grau Celsius at\u00e9 o ano de 2050. Ent\u00e3o, esses atores combinados fazem com que a previs\u00e3o de aumento do consumo do Brasil seja na ordem de 25% \u2013 indo de 175 litros por habitante por dia para 219 litros por habitante por dia\u201d, detalha.<\/p>\n<h2>O que explica o desabastecimento previsto?<\/h2>\n<p><strong>As causas do desabastecimento passam pelas mudan\u00e7as clim\u00e1ticas e perdas de \u00e1gua na distribui\u00e7\u00e3o. <\/strong>O estudo mostra que h\u00e1 previs\u00e3o de uma redu\u00e7\u00e3o no n\u00famero de dias chuvosos \u2013 o que deve acarretar numa diminui\u00e7\u00e3o na oferta de \u00e1gua nos rios de 3,4% ao ano, o que significa cerca de 12 dias anuais de racionamento.<\/p>\n<p>O levantamento tamb\u00e9m evidencia que <strong>a temperatura m\u00e1xima dever\u00e1 aumentar cerca de 1\u00ba Celsius em compara\u00e7\u00e3o aos n\u00edveis atingidos em 2023<\/strong>. J\u00e1\u00a0a temperatura m\u00ednima ter\u00e1 uma alta estimada de 0,47\u00ba Celsius.\u00a0<\/p>\n<p>Em fun\u00e7\u00e3o dos aumentos de temperatura, <strong>o consumo de \u00e1gua tamb\u00e9m deve ser ampliado em torno de 12,4% adicionalmente ao que deve crescer em raz\u00e3o dos fatores econ\u00f4micos.<\/strong><\/p>\n<p>\u201cAs mudan\u00e7as clim\u00e1ticas t\u00eam um papel muito importante nesse contexto, principalmente porque por conta desse aumento da temperatura que vem decorrente das mudan\u00e7as clim\u00e1ticas. A\u00a0gente tem um aumento bastante elevado de consumo por conta de secas, de ondas de calor e de tempestades\u201d, diz Luana Pretto.<\/p>\n<p>O estudo evidencia que, <strong>caso o esperado aumento da demanda n\u00e3o seja acompanhado de redu\u00e7\u00e3o de perdas, haver\u00e1 eleva\u00e7\u00e3o do risco de desabastecimento e press\u00e3o aos recursos h\u00eddricos por aumento da capta\u00e7\u00e3o.<\/strong><\/p>\n<h2>Consequ\u00eancias para a popula\u00e7\u00e3o<\/h2>\n<p>A acelera\u00e7\u00e3o das mudan\u00e7as clim\u00e1ticas tem agravado os desafios relacionados ao abastecimento de \u00e1gua no Brasil. Regi\u00f5es onde os \u00edndices pluviom\u00e9tricos j\u00e1 s\u00e3o historicamente baixos \u2014 como partes do Nordeste e do Centro-Oeste \u2014 devem enfrentar impactos ainda mais severos nos pr\u00f3ximos anos.<\/p>\n<p>Segundo o estudo, essas \u00e1reas podem enfrentar mais de 30 dias de racionamento, o que trar\u00e1 s\u00e9rias consequ\u00eancias para a sa\u00fade e a qualidade de vida da popula\u00e7\u00e3o.<\/p>\n<p>\u201cA falta dessa \u00e1gua traz consequ\u00eancias para a qualidade de vida, como dificuldade de higiene, do uso do banheiro, de ter \u00e1gua para o cozimento dos alimentos \u2013 atividades essenciais para o desenvolvimento do cidad\u00e3o de uma maneira geral\u201d, salienta Luana Pretto.<\/p>\n<p>O levantamento aponta que essas regi\u00f5es apresentam alta probabilidade de ocorr\u00eancia de cen\u00e1rios de escassez h\u00eddrica, exigindo medidas urgentes de mitiga\u00e7\u00e3o e planejamento.<\/p>\n<h2>O que o Brasil precisa fazer para melhorar as estimativas?<\/h2>\n<p>Entre 2023 e 2050, o consumo per capita de \u00e1gua deve crescer em m\u00e9dia 0,8% ao ano, o que representa um aumento acumulado de 25,3% no per\u00edodo. Ao mesmo tempo, a redu\u00e7\u00e3o do n\u00famero de dias de chuva deve comprometer ainda mais a oferta do recurso, criando um cen\u00e1rio preocupante que exige planejamento integrado entre governos, empresas e sociedade,\u00a0conforme afirma Luana Pretto:<\/p>\n<p>\u201cEnt\u00e3o esse cen\u00e1rio aponta que n\u00f3s precisamos nos planejar hoje e esse planejamento precisa ser um integrado, porque se a gente n\u00e3o fizer nada a gente vai precisar captar 60% a mais de volume de \u00e1gua nos nossos rios. E esse volume de \u00e1gua tende a ser menor por conta desses eventos clim\u00e1ticos extremos.\u201d<\/p>\n<p><strong>Confira o que o pa\u00eds precisa fazer, conforme a presidente do Trata Brasil:<\/strong><\/p>\n<ul>\n<li>Ter a\u00e7\u00f5es estruturais dos diferentes atores do Brasil de uma maneira geral; como representantes do poder e popula\u00e7\u00e3o;<\/li>\n<li>Reduzir o volume de perdas de \u00e1gua;<\/li>\n<li>Buscar novos usos de \u00e1gua, como a proveniente de \u00e1gua de reuso, por exemplo, que pode ser utilizada na ind\u00fastria, limpeza das ruas, etc;<\/li>\n<li>Ter efici\u00eancia no uso da \u00e1gua, com ado\u00e7\u00e3o da tecnologia para menor capta\u00e7\u00e3o de \u00e1gua.<\/li>\n<\/ul>\n<p>\u201cEssas a\u00e7\u00f5es s\u00e3o realmente bastante complexas, onde cada um precisa fazer a sua a\u00e7\u00e3o para que a gente tenha a\u00ed uma previs\u00e3o de um cen\u00e1rio mais otimista para 2050, pois o estudo relata e traz dados, informa\u00e7\u00e3o e conhecimento de que esse cen\u00e1rio \u00e9 bastante desafiador\u201d, diz.<\/p>\n<p>\t\t\t\t\t\t\t\t\t<img loading=\"lazy\" decoding=\"async\" src=\"https:\/\/brasil61.com\/api\/v1\/serve_pixel\/17677\/85499\" alt=\"Pixel Brasil 61\" class=\"b61_pixel\" width=\"0\" height=\"0\"><\/p>\n<input type=\"hidden\" id=\"baseurl\" value=\"https:\/\/noticiasdestaque.com.br\"><input type=\"hidden\" id=\"audio_nonce\" value=\"6f73a554f1\">","protected":false},"excerpt":{"rendered":"<p>Estimativas para regi\u00f5es Nordeste e Centro-Oeste mostram que falta de \u00e1gua pode ultrapassar os 30 dias; Luana Pretto, presidente do instituto, afirma que cen\u00e1rio \u00e9 desafiador e demanda planejamento integrado para a\u00e7\u00f5es de enfrentamento<\/p>\n","protected":false},"author":1,"featured_media":47109,"comment_status":"open","ping_status":"open","sticky":false,"template":"","format":"standard","meta":{"fifu_image_url":"","fifu_image_alt":"","footnotes":""},"categories":[48],"tags":[],"class_list":["post-47108","post","type-post","status-publish","format-standard","has-post-thumbnail","hentry","category-mundo"],"distributor_meta":false,"distributor_terms":false,"distributor_media":false,"distributor_original_site_name":"Noticias em Destaque","distributor_original_site_url":"https:\/\/noticiasdestaque.com.br","push-errors":false,"_links":{"self":[{"href":"https:\/\/noticiasdestaque.com.br\/index.php\/wp-json\/wp\/v2\/posts\/47108","targetHints":{"allow":["GET"]}}],"collection":[{"href":"https:\/\/noticiasdestaque.com.br\/index.php\/wp-json\/wp\/v2\/posts"}],"about":[{"href":"https:\/\/noticiasdestaque.com.br\/index.php\/wp-json\/wp\/v2\/types\/post"}],"author":[{"embeddable":true,"href":"https:\/\/noticiasdestaque.com.br\/index.php\/wp-json\/wp\/v2\/users\/1"}],"replies":[{"embeddable":true,"href":"https:\/\/noticiasdestaque.com.br\/index.php\/wp-json\/wp\/v2\/comments?post=47108"}],"version-history":[{"count":0,"href":"https:\/\/noticiasdestaque.com.br\/index.php\/wp-json\/wp\/v2\/posts\/47108\/revisions"}],"wp:featuredmedia":[{"embeddable":true,"href":"https:\/\/noticiasdestaque.com.br\/index.php\/wp-json\/wp\/v2\/media\/47109"}],"wp:attachment":[{"href":"https:\/\/noticiasdestaque.com.br\/index.php\/wp-json\/wp\/v2\/media?parent=47108"}],"wp:term":[{"taxonomy":"category","embeddable":true,"href":"https:\/\/noticiasdestaque.com.br\/index.php\/wp-json\/wp\/v2\/categories?post=47108"},{"taxonomy":"post_tag","embeddable":true,"href":"https:\/\/noticiasdestaque.com.br\/index.php\/wp-json\/wp\/v2\/tags?post=47108"}],"curies":[{"name":"wp","href":"https:\/\/api.w.org\/{rel}","templated":true}]}}