{"id":47106,"date":"2025-10-29T04:50:00","date_gmt":"2025-10-29T07:50:00","guid":{"rendered":"https:\/\/noticiasdestaque.com.br\/index.php\/2025\/10\/29\/banco-da-amazonia-premia-27-projetos-de-bioeconomia-com-apoio-do-edital-amabio\/"},"modified":"2025-10-29T04:50:00","modified_gmt":"2025-10-29T07:50:00","slug":"banco-da-amazonia-premia-27-projetos-de-bioeconomia-com-apoio-do-edital-amabio","status":"publish","type":"post","link":"https:\/\/noticiasdestaque.com.br\/index.php\/2025\/10\/29\/banco-da-amazonia-premia-27-projetos-de-bioeconomia-com-apoio-do-edital-amabio\/","title":{"rendered":"Banco da Amaz\u00f4nia premia 27 projetos de bioeconomia com apoio do Edital AMABIO"},"content":{"rendered":"<p>\t\t\t\t\t\t\t\t\t\t<audio controls class=\"b61_audio_player\" data-noticia=\"85500\" src=\"https:\/\/brasil61.com\/rails\/active_storage\/blobs\/eyJfcmFpbHMiOnsibWVzc2FnZSI6IkJBaHBBOUt6QXc9PSIsImV4cCI6bnVsbCwicHVyIjoiYmxvYl9pZCJ9fQ==--2952ec8d363e0abc2661202df2926431ce29100f\/BASA250110A\"><\/audio><\/p>\n<p>O Brasil e a Fran\u00e7a celebraram, nesta segunda-feira (27), em Manaus (AM), os <strong>resultados da primeira chamada p\u00fablica do Edital AMABIO<\/strong>. A <strong>iniciativa selecionou 27 projetos inovadores em cinco estados da Amaz\u00f4nia Legal, somando quase R$ 4 milh\u00f5es em investimentos voltados \u00e0 bioeconomia e ao fortalecimento de comunidades locais<\/strong>.<\/p>\n<p>O Edital integra o Programa AMABIO &#8211; Financiamento Sustent\u00e1vel e Inclusivo da Bioeconomia Amaz\u00f4nica, uma <strong>iniciativa de coopera\u00e7\u00e3o franco-brasileira, financiada pela Ag\u00eancia Francesa de Desenvolvimento (AFD) e implementada pela Expertise France, em parceria com o <a href=\"https:\/\/www.bancoamazonia.com.br\/\">Banco da Amaz\u00f4nia<\/a>.<\/strong><\/p>\n<p>Carlos Henrique Salvador, superintendente regional de Varejo do Banco da Amaz\u00f4nia, participou da cerim\u00f4nia e destacou o papel da institui\u00e7\u00e3o na promo\u00e7\u00e3o da bioeconomia na regi\u00e3o. \u201cEssa parceria com a AFD beneficia projetos de bioeconomia. O Banco da Amaz\u00f4nia tamb\u00e9m desenvolve diversas a\u00e7\u00f5es voltadas para a bioeconomia e a biodiversidade, incentivando a preserva\u00e7\u00e3o e o desenvolvimento sustent\u00e1vel da Amaz\u00f4nia\u201d, afirmou.<\/p>\n<h2>Edital Amabio<\/h2>\n<p>O Edital Amabio, lan\u00e7ado em junho, recebeu mais de 500 propostas de empreendedores, cooperativas e associa\u00e7\u00f5es dos estados do Amazonas, Par\u00e1, Amap\u00e1, Maranh\u00e3o e Acre. Os projetos selecionados apresentam solu\u00e7\u00f5es sustent\u00e1veis que unem inova\u00e7\u00e3o, gera\u00e7\u00e3o de renda e valoriza\u00e7\u00e3o dos saberes tradicionais da floresta.<\/p>\n<p><strong>Distribui\u00e7\u00e3o dos projetos selecionados por estado:<\/strong><\/p>\n<table>\n<thead>\n<tr>\n<th>Estado<\/th>\n<th>Projetos contemplados<\/th>\n<\/tr>\n<\/thead>\n<tbody>\n<tr>\n<td>Par\u00e1 (PA)<\/td>\n<td>8<\/td>\n<\/tr>\n<tr>\n<td>Amazonas (AM)<\/td>\n<td>9<\/td>\n<\/tr>\n<tr>\n<td>Amap\u00e1 (AP)<\/td>\n<td>6<\/td>\n<\/tr>\n<tr>\n<td>Maranh\u00e3o (MA)<\/td>\n<td>3<\/td>\n<\/tr>\n<tr>\n<td>Acre (AC)<\/td>\n<td>1<\/td>\n<\/tr>\n<tr>\n<td><strong>Total<\/strong><\/td>\n<td><strong>27 projetos<\/strong><\/td>\n<\/tr>\n<\/tbody>\n<\/table>\n<p>Tamb\u00e9m em Manaus, nos dias 25 e 26, ocorreu o I Encontro do Edital AMABIO, que reuniu representantes dos projetos selecionados. Para Edane Acioli, coordenadora do programa pela AFD, o evento marcou o in\u00edcio da execu\u00e7\u00e3o das iniciativas. \u201cDialogamos com cada organiza\u00e7\u00e3o contemplada e pudemos compreender melhor os detalhes de implementa\u00e7\u00e3o dos projetos. Esse momento representou um marco na parceria com o Banco da Amaz\u00f4nia\u201d, destacou.<\/p>\n<p>Um dos projetos premiados \u00e9 o da Apoena Agroind\u00fastria, liderada por On\u00e9simo Maurilo, em Tef\u00e9 (AM). A iniciativa cria uma unidade piloto de beneficiamento do pirarucu, com capacidade inicial de cinco toneladas, que utiliza tecnologia social para o aproveitamento integral do peixe \u2014 incluindo a pele \u2014, agregando valor ao produto e gerando novas oportunidades econ\u00f4micas para fam\u00edlias ribeirinhas.<\/p>\n<p>Segundo On\u00e9simo Maurilo, o apoio do AMABIO e do Banco da Amaz\u00f4nia ser\u00e1 fundamental para consolidar o projeto. &#8220;Eu e minha esposa somos s\u00f3cios e somos clientes do Banco da Amaz\u00f4nia. \u00c9 um banco de investimento, um banco de desenvolvimento. Foi fant\u00e1stico o nosso encontro e a proje\u00e7\u00e3o. Quando a gente soube do AMABIO e soubemos da participa\u00e7\u00e3o do Banco da Amaz\u00f4nia, foi incr\u00edvel, quer\u00edamos fazer parte e estamos muito agradecidos&#8221;.\u00a0<br \/>\n\u00a0<\/p>\n<h2 style=\"margin: 0cm\"><span style=\"font-size:11pt\"><span style=\"line-height:115%\"><span style=\"font-family:Arial,sans-serif\"><b><span style=\"font-size:12.0pt\"><span style=\"line-height:115%\">AMABIO: confira os selecionados<\/span><\/span><\/b><\/span><\/span><\/span><br \/>\n\u00a0<\/h2>\n<table>\n<thead>\n<tr>\n<th scope=\"col\">Proponente<\/th>\n<th scope=\"col\">Objetivo do Projeto<\/th>\n<th scope=\"col\">Estado<\/th>\n<\/tr>\n<\/thead>\n<tbody>\n<tr>\n<td>APOENA Agroind\u00fastria e Com\u00e9rcio de Produtos Agr\u00edcolas e Silvestres da Amaz\u00f4nia Ltda.<\/td>\n<td>A startup visa implementar uma unidade piloto para o beneficiamento do pirarucu, com aproveitamento integral da pele, agregando valor.<\/td>\n<td>AM<\/td>\n<\/tr>\n<tr>\n<td>Associa\u00e7\u00e3o das Comunidades da Reserva Extrativista Renascer (Associa\u00e7\u00e3o Guatamuru)<\/td>\n<td>Restaura\u00e7\u00e3o ecol\u00f3gica e produtiva de \u00e1reas da Resex, como ajuste ao plano de manejo e recupera\u00e7\u00e3o do fogo de 2024.<\/td>\n<td>PA<\/td>\n<\/tr>\n<tr>\n<td>Associa\u00e7\u00e3o das Mulheres Produtoras Agroextrativistas da Foz do Rio Mazag\u00e3o Velho (AMPAFOZ)<\/td>\n<td>Estruturar biof\u00e1brica comunit\u00e1ria para polpas, \u00f3leos e nibs de cacau, com energia solar e protagonismo feminino.<\/td>\n<td>AP<\/td>\n<\/tr>\n<tr>\n<td>Associa\u00e7\u00e3o de Moradores Agricultores e Assentados do Inaj\u00e1 do Piririm (AMAIP)<\/td>\n<td>Formar agricultores para manejo sustent\u00e1vel e implanta\u00e7\u00e3o de SAFs, inserindo fam\u00edlias na OCS e promovendo comercializa\u00e7\u00e3o de org\u00e2nicos.<\/td>\n<td>AP<\/td>\n<\/tr>\n<tr>\n<td>Associa\u00e7\u00e3o de Moradores da Localidade de Cajueiro (AMLC)<\/td>\n<td>Inser\u00e7\u00e3o da caju\u00edna artesanal nos mercados local e estadual, com estrat\u00e9gia de comercializa\u00e7\u00e3o, promo\u00e7\u00e3o e qualifica\u00e7\u00e3o dos produtores.<\/td>\n<td>MA<\/td>\n<\/tr>\n<tr>\n<td>Associa\u00e7\u00e3o de Moradores e Produtores Reserva Agroextrativista do Baixo Cajari (AMPRAEX)<\/td>\n<td>Implementa\u00e7\u00e3o de SAFs e reaproveitamento de res\u00edduos (cascas, sementes, baga\u00e7os) em bioinsumos, cosm\u00e9ticos e artesanato na Resex do Baixo Cajari.<\/td>\n<td>AP<\/td>\n<\/tr>\n<tr>\n<td>Associa\u00e7\u00e3o de Moradores Extrativistas da Comunidade S\u00e3o Raimundo (AMECSARA)<\/td>\n<td>Fortalecimento da marchetaria como pr\u00e1tica comunit\u00e1ria de uso de res\u00edduos da madeira, para a gera\u00e7\u00e3o de renda.<\/td>\n<td>AM<\/td>\n<\/tr>\n<tr>\n<td>Associa\u00e7\u00e3o de Moradores Remanescentes Quilombolas de Rumo (AMRQR)<\/td>\n<td>Instalar casa de farinha mecanizada em comunidade quilombola para modernizar a produ\u00e7\u00e3o e ampliar a renda.<\/td>\n<td>MA<\/td>\n<\/tr>\n<tr>\n<td>Associa\u00e7\u00e3o de Moradores, Trabalhadores, Agroextrativista, Artes\u00e3o e Pescadores da Comunidade de Caranazal Eixo Forte (ACC)<\/td>\n<td>Turismo sustent\u00e1vel, qualifica\u00e7\u00e3o profissional de jovens e mulheres, valoriza\u00e7\u00e3o da cultura ind\u00edgena e inclus\u00e3o digital.<\/td>\n<td>PA<\/td>\n<\/tr>\n<tr>\n<td>Associa\u00e7\u00e3o de Produtores e Produtoras Rurais da Comunidade de Campo Limpo (APROCAMP)<\/td>\n<td>Inclus\u00e3o digital para fortalecimento da associa\u00e7\u00e3o, gest\u00e3o produtiva e impulsionamento do turismo comunit\u00e1rio com demonstra\u00e7\u00e3o do papel da bioeconomia local.<\/td>\n<td>PA<\/td>\n<\/tr>\n<tr>\n<td>Associa\u00e7\u00e3o dos Agroextrativistas da Reserva Extrativista de Canutama (ASARC)<\/td>\n<td>Capacita\u00e7\u00f5es, equipamentos e estrutura\u00e7\u00e3o das bases de vigil\u00e2ncia dos lagos sob manejo sustent\u00e1vel de pirarucu na Resex Canutama.<\/td>\n<td>AM<\/td>\n<\/tr>\n<tr>\n<td>Associa\u00e7\u00e3o dos Moradores e Usu\u00e1rios da RDSM Ant\u00f4nio Martins (AMURMAM)<\/td>\n<td>Aplica\u00e7\u00e3o de t\u00e9cnicas consolidadas de pesquisa, com equipamentos e treinamento, para o manejo sustent\u00e1vel do pirarucu em diversos lagos.<\/td>\n<td>AM<\/td>\n<\/tr>\n<tr>\n<td>Associa\u00e7\u00e3o dos Produtores e Moradores da Aldeia Ind\u00edgena KUMEN\u00ca<\/td>\n<td>Projeto emergencial na Aldeia Ind\u00edgena Kumen\u00ea, das fam\u00edlias Palikur, para fortalecer a cadeia agroecol\u00f3gica do a\u00e7a\u00ed em resposta \u00e0 praga da mandioca.<\/td>\n<td>AP<\/td>\n<\/tr>\n<tr>\n<td>Associa\u00e7\u00e3o dos Produtores e Produtoras Rurais Extrativistas da RESEX Arapixi (APREA)<\/td>\n<td>Fortalecimento da associa\u00e7\u00e3o da Resex Arapixi, atendendo suas 200 fam\u00edlias, com centro comunit\u00e1rio, equipamento de internet, capacita\u00e7\u00f5es e drones para vigil\u00e2ncia do territ\u00f3rio.<\/td>\n<td>AM<\/td>\n<\/tr>\n<tr>\n<td>Associa\u00e7\u00e3o dos Produtores Rurais da Col\u00f4nia Alto Coraci (APRAC)<\/td>\n<td>Implanta\u00e7\u00e3o de 1 ha demonstrativo de SAF com aquisi\u00e7\u00e3o de equipamentos e capacita\u00e7\u00e3o para produ\u00e7\u00e3o e gest\u00e3o comunit\u00e1ria sustent\u00e1vel.<\/td>\n<td>PA<\/td>\n<\/tr>\n<tr>\n<td>Associa\u00e7\u00e3o dos Trabalhadores da Agricultura Familiar do Lago do Baba\u00e7u &#8211; Rio Arari (ASTA)<\/td>\n<td>Turismo sustent\u00e1vel a partir da conserva\u00e7\u00e3o de quel\u00f4nios.<\/td>\n<td>AM<\/td>\n<\/tr>\n<tr>\n<td>Associa\u00e7\u00e3o Uasei dos Povos Ind\u00edgenas de Oiapoque (UASEI)<\/td>\n<td>Aquisi\u00e7\u00e3o de sistema de energia solar e 2 freezers para garantir a qualidade da produ\u00e7\u00e3o de a\u00e7a\u00ed na Terra Ind\u00edgena Ua\u00e7\u00e1, como modelo de energia comunit\u00e1ria limpa, fortalecendo a cadeia e a associa\u00e7\u00e3o.<\/td>\n<td>AP<\/td>\n<\/tr>\n<tr>\n<td>Associa\u00e7\u00e3o Viva Verde da Amaz\u00f4nia (AVIVE)<\/td>\n<td>Fortalecimento da agroind\u00fastria para produ\u00e7\u00e3o sustent\u00e1vel de \u00f3leos vegetais da sociobiodiversidade (andiroba, copa\u00edba e tucum\u00e3), fruto de associa\u00e7\u00e3o de mulheres.<\/td>\n<td>AM<\/td>\n<\/tr>\n<tr>\n<td>Cooperativa de Turismo e Artesanato da Floresta (TURIARTE)<\/td>\n<td>Fortalecimento do artesanato de palha de tucum\u00e3 por mulheres, com estufa para secagem e viveiros para cultivo das esp\u00e9cies para tingimento.<\/td>\n<td>PA<\/td>\n<\/tr>\n<tr>\n<td>Cooperativa dos Agricultores Familiares do Amap\u00e1 (COAGROFAP)<\/td>\n<td>Projeto para equipar o escrit\u00f3rio da cooperativa.<\/td>\n<td>AP<\/td>\n<\/tr>\n<tr>\n<td>Cooperativa Sap\u00f3 dos Produtores Agroflorestais de Mau\u00e9s do Rio Urupadi (COOPERSAP\u00d3)<\/td>\n<td>Cooperativa liderada por mulheres quer consolidar a 1\u00aa agroind\u00fastria local para beneficiar guaran\u00e1 e outros produtos, promovendo renda, autonomia feminina e diversifica\u00e7\u00e3o produtiva.<\/td>\n<td>AM<\/td>\n<\/tr>\n<tr>\n<td>Instituto de Assist\u00eancia Social e Educacional Apoema (IASEA)<\/td>\n<td>Fortalecimento e organiza\u00e7\u00e3o comunit\u00e1ria de 30 mulheres ribeirinhas (50% jovens) da Ilha do Combu.<\/td>\n<td>PA<\/td>\n<\/tr>\n<tr>\n<td>Instituto Fronteiras<\/td>\n<td>Recuperar \u00e1reas degradadas e implantar SAFs para agricultores familiares do PA Santa Luzia.<\/td>\n<td>AC<\/td>\n<\/tr>\n<tr>\n<td>Instituto Muda Meu Par\u00e1<\/td>\n<td>Apoiar o reflorestamento produtivo com cacau nativo e sistemas agroflorestais (SAF) na Terra Ind\u00edgena Koatinemo, aldeia Kwatinema.<\/td>\n<td>PA<\/td>\n<\/tr>\n<tr>\n<td>Instituto Vit\u00f3ria R\u00e9gia<\/td>\n<td>Cria\u00e7\u00e3o de rede de organiza\u00e7\u00f5es que trabalham com \u00f3leos e sementes e apoio \u00e0 regulariza\u00e7\u00e3o fundi\u00e1ria e produtiva.<\/td>\n<td>PA<\/td>\n<\/tr>\n<tr>\n<td>Tef\u00e9 Peixes Ornamentais da Amaz\u00f4nia<\/td>\n<td>Regulariza\u00e7\u00e3o de pescadores, implementos de pesca e treinamento para estruturar a cadeia de peixes ornamentais no lago hom\u00f4nimo na RDS Aman\u00e3.<\/td>\n<td>AM<\/td>\n<\/tr>\n<tr>\n<td>Thermosonic<\/td>\n<td>Produ\u00e7\u00e3o de superalimento \u00e0 base de bacuri, com capacita\u00e7\u00e3o e pol\u00edtica de compra comunit\u00e1ria.<\/td>\n<td>MA<\/td>\n<\/tr>\n<\/tbody>\n<\/table>\n<p style=\"margin-top:12.0pt;margin-right:0cm;margin-bottom:12.0pt;margin-left:0cm;margin:0cm\">\u00a0<\/p>\n<p>\t\t\t\t\t\t\t\t\t<img loading=\"lazy\" decoding=\"async\" src=\"https:\/\/brasil61.com\/api\/v1\/serve_pixel\/17677\/85500\" alt=\"Pixel Brasil 61\" class=\"b61_pixel\" width=\"0\" height=\"0\"><\/p>\n<input type=\"hidden\" id=\"baseurl\" value=\"https:\/\/noticiasdestaque.com.br\"><input type=\"hidden\" id=\"audio_nonce\" value=\"6f73a554f1\">","protected":false},"excerpt":{"rendered":"<p>O Edital, fruto da coopera\u00e7\u00e3o entre Brasil e Fran\u00e7a por meio do Programa Amabio, investe quase R$ 4 milh\u00f5es em projetos sustent\u00e1veis na regi\u00e3o amaz\u00f4nica.  A entrega dos certificados aos vencedores foi realizada em cerim\u00f4nia em Manaus.<\/p>\n","protected":false},"author":1,"featured_media":47107,"comment_status":"open","ping_status":"open","sticky":false,"template":"","format":"standard","meta":{"fifu_image_url":"","fifu_image_alt":"","footnotes":""},"categories":[59],"tags":[],"class_list":["post-47106","post","type-post","status-publish","format-standard","has-post-thumbnail","hentry","category-economia"],"distributor_meta":false,"distributor_terms":false,"distributor_media":false,"distributor_original_site_name":"Noticias em Destaque","distributor_original_site_url":"https:\/\/noticiasdestaque.com.br","push-errors":false,"_links":{"self":[{"href":"https:\/\/noticiasdestaque.com.br\/index.php\/wp-json\/wp\/v2\/posts\/47106","targetHints":{"allow":["GET"]}}],"collection":[{"href":"https:\/\/noticiasdestaque.com.br\/index.php\/wp-json\/wp\/v2\/posts"}],"about":[{"href":"https:\/\/noticiasdestaque.com.br\/index.php\/wp-json\/wp\/v2\/types\/post"}],"author":[{"embeddable":true,"href":"https:\/\/noticiasdestaque.com.br\/index.php\/wp-json\/wp\/v2\/users\/1"}],"replies":[{"embeddable":true,"href":"https:\/\/noticiasdestaque.com.br\/index.php\/wp-json\/wp\/v2\/comments?post=47106"}],"version-history":[{"count":0,"href":"https:\/\/noticiasdestaque.com.br\/index.php\/wp-json\/wp\/v2\/posts\/47106\/revisions"}],"wp:featuredmedia":[{"embeddable":true,"href":"https:\/\/noticiasdestaque.com.br\/index.php\/wp-json\/wp\/v2\/media\/47107"}],"wp:attachment":[{"href":"https:\/\/noticiasdestaque.com.br\/index.php\/wp-json\/wp\/v2\/media?parent=47106"}],"wp:term":[{"taxonomy":"category","embeddable":true,"href":"https:\/\/noticiasdestaque.com.br\/index.php\/wp-json\/wp\/v2\/categories?post=47106"},{"taxonomy":"post_tag","embeddable":true,"href":"https:\/\/noticiasdestaque.com.br\/index.php\/wp-json\/wp\/v2\/tags?post=47106"}],"curies":[{"name":"wp","href":"https:\/\/api.w.org\/{rel}","templated":true}]}}