{"id":47080,"date":"2025-10-28T04:30:00","date_gmt":"2025-10-28T07:30:00","guid":{"rendered":"https:\/\/noticiasdestaque.com.br\/index.php\/2025\/10\/28\/conferencia-continental-em-brasilia-reforca-papel-estrategico-do-agro-nas-americas\/"},"modified":"2025-10-28T04:30:00","modified_gmt":"2025-10-28T07:30:00","slug":"conferencia-continental-em-brasilia-reforca-papel-estrategico-do-agro-nas-americas","status":"publish","type":"post","link":"https:\/\/noticiasdestaque.com.br\/index.php\/2025\/10\/28\/conferencia-continental-em-brasilia-reforca-papel-estrategico-do-agro-nas-americas\/","title":{"rendered":"Confer\u00eancia continental em Bras\u00edlia refor\u00e7a papel estrat\u00e9gico do agro nas Am\u00e9ricas"},"content":{"rendered":"<p>\t\t\t\t\t\t\t\t\t\t<audio controls class=\"b61_audio_player\" data-noticia=\"85485\" src=\"https:\/\/brasil61.com\/rails\/active_storage\/blobs\/eyJfcmFpbHMiOnsibWVzc2FnZSI6IkJBaHBBMGF6QXc9PSIsImV4cCI6bnVsbCwicHVyIjoiYmxvYl9pZCJ9fQ==--eeb95d8b89b339f28fbdb8bcd89b8b92503bee72\/BRAS2515020A\"><\/audio><\/p>\n<p>Lideran\u00e7as do setor agropecu\u00e1rio de diversos pa\u00edses das Am\u00e9ricas estar\u00e3o reunidas em Bras\u00edlia entre os dias 3 e 5 de novembro para participar da <a href=\"https:\/\/iica.int\/pt\/prensa-pt\/noticias\/brasil-sera-anfitriao-da-conferencia-de-ministros-da-agricultura-das-americas-2025-cenario-de-debates-cruciais-para-o-futuro-do-setor-agropecuario-no-continente\/\">Confer\u00eancia de Ministros da Agricultura das Am\u00e9ricas 2025<\/a>. O evento vai reunir ministros, autoridades e produtores rurais que s\u00e3o refer\u00eancia em resili\u00eancia, sustentabilidade e inova\u00e7\u00e3o no campo.<\/p>\n<p>A confer\u00eancia ser\u00e1 aberta no Pal\u00e1cio Itamaraty, no dia 3 de novembro, \u00e0s 17h, com a presen\u00e7a do ministro da Agricultura do Brasil, Carlos F\u00e1varo, e do diretor-geral do Instituto Interamericano de Coopera\u00e7\u00e3o para a Agricultura, Manuel Otero.<\/p>\n<p>Nos dias 4 e 5 de novembro, a programa\u00e7\u00e3o continua no Hotel Royal Tulip, em Bras\u00edlia, com pain\u00e9is e debates sobre o futuro dos sistemas produtivos, seguran\u00e7a alimentar e sustentabilidade no continente.<\/p>\n<p>Entre os destaques do encontro, est\u00e3o os l\u00edderes rurais reconhecidos com o pr\u00eamio \u201cAlma da Ruralidade\u201d, concedido pelo<a href=\"https:\/\/iica.int\/pt\/prensa-pt\/noticias\/brasil-sera-anfitriao-da-conferencia-de-ministros-da-agricultura-das-americas-2025-cenario-de-debates-cruciais-para-o-futuro-do-setor-agropecuario-no-continente\/\"> IICA<\/a> a exemplos inspiradores do agro nas Am\u00e9ricas. Macarena Vald\u00e9s e Marco Aceituno, do Chile, comandam uma fazenda que prospera mesmo em meio \u00e0 seca. Duhaje Jennings, da Jamaica, \u00e9 apicultor e tem incentivado jovens produtores. A brasileira Gessyane Ribeiro, engenheira agr\u00f4noma de Goi\u00e1s, atua em defesa de um campo mais inovador e humano.<\/p>\n<p>Durante a confer\u00eancia tamb\u00e9m ser\u00e1 realizada a reuni\u00e3o da Junta Interamericana de Agricultura, inst\u00e2ncia m\u00e1xima de governo do<a href=\"https:\/\/iica.int\/pt\/prensa-pt\/noticias\/brasil-sera-anfitriao-da-conferencia-de-ministros-da-agricultura-das-americas-2025-cenario-de-debates-cruciais-para-o-futuro-do-setor-agropecuario-no-continente\/\"> IICA<\/a>, que vai eleger o novo Diretor-Geral do Instituto para o per\u00edodo de 2026 a 2030.<\/p>\n<p>O evento deve fortalecer a coopera\u00e7\u00e3o entre os pa\u00edses das Am\u00e9ricas e incentivar pol\u00edticas p\u00fablicas voltadas ao desenvolvimento rural sustent\u00e1vel.<\/p>\n<p>\t\t\t\t\t\t\t\t\t<img loading=\"lazy\" decoding=\"async\" src=\"https:\/\/brasil61.com\/api\/v1\/serve_pixel\/17677\/85485\" alt=\"Pixel Brasil 61\" class=\"b61_pixel\" width=\"0\" height=\"0\"><\/p>\n<input type=\"hidden\" id=\"baseurl\" value=\"https:\/\/noticiasdestaque.com.br\"><input type=\"hidden\" id=\"audio_nonce\" value=\"c9f06e19e6\">","protected":false},"excerpt":{"rendered":"<p>Reuni\u00e3o de ministros vai debater integra\u00e7\u00e3o produtiva, sustentabilidade e pol\u00edticas p\u00fablicas para o desenvolvimento rural sustent\u00e1vel<\/p>\n","protected":false},"author":1,"featured_media":47081,"comment_status":"open","ping_status":"open","sticky":false,"template":"","format":"standard","meta":{"fifu_image_url":"","fifu_image_alt":"","footnotes":""},"categories":[48],"tags":[],"class_list":["post-47080","post","type-post","status-publish","format-standard","has-post-thumbnail","hentry","category-mundo"],"distributor_meta":false,"distributor_terms":false,"distributor_media":false,"distributor_original_site_name":"Noticias em Destaque","distributor_original_site_url":"https:\/\/noticiasdestaque.com.br","push-errors":false,"_links":{"self":[{"href":"https:\/\/noticiasdestaque.com.br\/index.php\/wp-json\/wp\/v2\/posts\/47080","targetHints":{"allow":["GET"]}}],"collection":[{"href":"https:\/\/noticiasdestaque.com.br\/index.php\/wp-json\/wp\/v2\/posts"}],"about":[{"href":"https:\/\/noticiasdestaque.com.br\/index.php\/wp-json\/wp\/v2\/types\/post"}],"author":[{"embeddable":true,"href":"https:\/\/noticiasdestaque.com.br\/index.php\/wp-json\/wp\/v2\/users\/1"}],"replies":[{"embeddable":true,"href":"https:\/\/noticiasdestaque.com.br\/index.php\/wp-json\/wp\/v2\/comments?post=47080"}],"version-history":[{"count":0,"href":"https:\/\/noticiasdestaque.com.br\/index.php\/wp-json\/wp\/v2\/posts\/47080\/revisions"}],"wp:featuredmedia":[{"embeddable":true,"href":"https:\/\/noticiasdestaque.com.br\/index.php\/wp-json\/wp\/v2\/media\/47081"}],"wp:attachment":[{"href":"https:\/\/noticiasdestaque.com.br\/index.php\/wp-json\/wp\/v2\/media?parent=47080"}],"wp:term":[{"taxonomy":"category","embeddable":true,"href":"https:\/\/noticiasdestaque.com.br\/index.php\/wp-json\/wp\/v2\/categories?post=47080"},{"taxonomy":"post_tag","embeddable":true,"href":"https:\/\/noticiasdestaque.com.br\/index.php\/wp-json\/wp\/v2\/tags?post=47080"}],"curies":[{"name":"wp","href":"https:\/\/api.w.org\/{rel}","templated":true}]}}