{"id":47017,"date":"2025-10-25T04:00:00","date_gmt":"2025-10-25T07:00:00","guid":{"rendered":"https:\/\/noticiasdestaque.com.br\/index.php\/2025\/10\/25\/emendas-parlamentares-estados-e-municipios-terao-de-seguir-modelo-federal-de-transparencia\/"},"modified":"2025-10-25T04:00:00","modified_gmt":"2025-10-25T07:00:00","slug":"emendas-parlamentares-estados-e-municipios-terao-de-seguir-modelo-federal-de-transparencia","status":"publish","type":"post","link":"https:\/\/noticiasdestaque.com.br\/index.php\/2025\/10\/25\/emendas-parlamentares-estados-e-municipios-terao-de-seguir-modelo-federal-de-transparencia\/","title":{"rendered":"Emendas parlamentares: estados e munic\u00edpios ter\u00e3o de seguir modelo federal de transpar\u00eancia"},"content":{"rendered":"<p>\t\t\t\t\t\t\t\t\t\t<audio controls class=\"b61_audio_player\" data-noticia=\"85449\" src=\"https:\/\/brasil61.com\/rails\/active_storage\/blobs\/eyJfcmFpbHMiOnsibWVzc2FnZSI6IkJBaHBBNVN5QXc9PSIsImV4cCI6bnVsbCwicHVyIjoiYmxvYl9pZCJ9fQ==--1c796fe802606548a0482dcf7956e47a3af0eea8\/BRAS2515008A\"><\/audio><\/p>\n<p>Os <strong>estados, o Distrito Federal e os munic\u00edpios brasileiros devem seguir o modelo federal de transpar\u00eancia e rastreabilidade das emendas parlamentares<\/strong>. A determina\u00e7\u00e3o foi anunciada pelo ministro do Supremo Tribunal Federal <a href=\"https:\/\/portal.stf.jus.br\/\" target=\"_blank\">(STF)<\/a>, Fl\u00e1vio Dino.<\/p>\n<p>Com a decis\u00e3o, os <strong>tribunais de contas e os Minist\u00e9rios P\u00fablicos estaduais ficam encarregados de adotar provid\u00eancias para assegurar que a execu\u00e7\u00e3o das emendas<\/strong>, no \u00e2mbito dos entes federativos, siga esse par\u00e2metro a partir do or\u00e7amento de 2026.\u00a0<\/p>\n<p>A defini\u00e7\u00e3o de Dino foi tomada na <a href=\"https:\/\/portal.stf.jus.br\/processos\/detalhe.asp?incidente=6199750\" target=\"_blank\">Argui\u00e7\u00e3o de Descumprimento de Preceito Fundamental 854<\/a>, na qual a <strong>Suprema Corte declarou ser inconstitucional o chamado \u201cor\u00e7amento secreto\u201d<\/strong>. O STF tamb\u00e9m determinou a ado\u00e7\u00e3o de medidas que garantam a transpar\u00eancia e a rastreabilidade dos recursos federais provenientes de emendas parlamentares.\u00a0<\/p>\n<p><a href=\"https:\/\/portal.stf.jus.br\/processos\/downloadPeca.asp?id=15381614860&amp;ext=.pdf\" target=\"_blank\">Leia a decis\u00e3o na \u00edntegra<\/a><\/p>\n<p><strong>Somente depois da adapta\u00e7\u00e3o dos sistemas \u00e9 que, de acordo com a decis\u00e3o do ministro, ser\u00e1 liberada a execu\u00e7\u00e3o de valores dessas emendas parlamentares no ano que vem.<\/strong> Para Dino, n\u00e3o h\u00e1 compatibilidade em manter crit\u00e9rios diferentes entre o n\u00edvel federal e as demais esferas.\u00a0<\/p>\n<p>Pelo que informou o STF, a determina\u00e7\u00e3o do relator se trata de uma resposta \u00e0 peti\u00e7\u00e3o da Associa\u00e7\u00e3o Contas Abertas, da Transpar\u00eancia Brasil e da Transpar\u00eancia Internacional \u2013 Brasil, que foram admitidas no processo como interessadas.\u00a0<\/p>\n<p><a href=\"https:\/\/brasil61.com\/n\/camara-aprova-politica-nacional-de-linguagem-simples-para-orgaos-publicos-bras2514996\" target=\"_blank\">C\u00e2mara aprova pol\u00edtica nacional de linguagem simples para \u00f3rg\u00e3os p\u00fablicos<\/a><\/p>\n<p><a href=\"https:\/\/brasil61.com\/n\/prorrogado-prazo-para-georreferenciamento-de-imoveis-rurais-bras2514997\" target=\"_blank\">Prorrogado prazo para georreferenciamento de im\u00f3veis rurais<\/a><\/p>\n<p>Essas entidades sustentam que, mesmo com os avan\u00e7os nos sistemas de controle das emendas federais, as emendas das outras esferas \u201cpadecem de profunda opacidade\u201d. \u00a0<\/p>\n<p>No caso, foi citado como exemplo o fato de que 14 estados n\u00e3o informam o benefici\u00e1rio da emenda nos seus respectivos portais de transpar\u00eancia. J\u00e1 outros 17 n\u00e3o especificam a localidade do gasto. Al\u00e9m disso, 12 unidades da federa\u00e7\u00e3o n\u00e3o detalham o hist\u00f3rico de execu\u00e7\u00e3o, enquanto seis n\u00e3o informam o objeto da emenda.<\/p>\n<h2>Orienta\u00e7\u00e3o aos munic\u00edpios<\/h2>\n<p>Em meio a esse contexto, a <strong>Confedera\u00e7\u00e3o Nacional de Munic\u00edpios <a href=\"https:\/\/cnm.org.br\/\" target=\"_blank\">(CNM)<\/a> tem orientado cautela aos gestores municipais,<\/strong> uma vez que o tema est\u00e1\u00a0judicializado. Na avalia\u00e7\u00e3o da entidade, a decis\u00e3o confirma regras mais restritivas em respeito ao princ\u00edpio da simetria constitucional, dentro do que se refere ao processo legislativo.<\/p>\n<p>A recomenda\u00e7\u00e3o da CNM aos entes municipais \u00e9 que, tantos gestores do Executivo local quanto vereadores, <strong>devem aguardar decis\u00e3o final do STF sobre a regulamenta\u00e7\u00e3o das emendas parlamentares.<\/strong><\/p>\n<p>\t\t\t\t\t\t\t\t\t<img loading=\"lazy\" decoding=\"async\" src=\"https:\/\/brasil61.com\/api\/v1\/serve_pixel\/17677\/85449\" alt=\"Pixel Brasil 61\" class=\"b61_pixel\" width=\"0\" height=\"0\"><\/p>\n<input type=\"hidden\" id=\"baseurl\" value=\"https:\/\/noticiasdestaque.com.br\"><input type=\"hidden\" id=\"audio_nonce\" value=\"6a24ca502e\">","protected":false},"excerpt":{"rendered":"<p>Determina\u00e7\u00e3o do ministro Fl\u00e1vio Dino, do STF, estende regras de rastreabilidade \u00e0s demais esferas da federa\u00e7\u00e3o a partir do or\u00e7amento de 2026<\/p>\n","protected":false},"author":1,"featured_media":47018,"comment_status":"open","ping_status":"open","sticky":false,"template":"","format":"standard","meta":{"fifu_image_url":"","fifu_image_alt":"","footnotes":""},"categories":[48],"tags":[],"class_list":["post-47017","post","type-post","status-publish","format-standard","has-post-thumbnail","hentry","category-mundo"],"distributor_meta":false,"distributor_terms":false,"distributor_media":false,"distributor_original_site_name":"Noticias em Destaque","distributor_original_site_url":"https:\/\/noticiasdestaque.com.br","push-errors":false,"_links":{"self":[{"href":"https:\/\/noticiasdestaque.com.br\/index.php\/wp-json\/wp\/v2\/posts\/47017","targetHints":{"allow":["GET"]}}],"collection":[{"href":"https:\/\/noticiasdestaque.com.br\/index.php\/wp-json\/wp\/v2\/posts"}],"about":[{"href":"https:\/\/noticiasdestaque.com.br\/index.php\/wp-json\/wp\/v2\/types\/post"}],"author":[{"embeddable":true,"href":"https:\/\/noticiasdestaque.com.br\/index.php\/wp-json\/wp\/v2\/users\/1"}],"replies":[{"embeddable":true,"href":"https:\/\/noticiasdestaque.com.br\/index.php\/wp-json\/wp\/v2\/comments?post=47017"}],"version-history":[{"count":0,"href":"https:\/\/noticiasdestaque.com.br\/index.php\/wp-json\/wp\/v2\/posts\/47017\/revisions"}],"wp:featuredmedia":[{"embeddable":true,"href":"https:\/\/noticiasdestaque.com.br\/index.php\/wp-json\/wp\/v2\/media\/47018"}],"wp:attachment":[{"href":"https:\/\/noticiasdestaque.com.br\/index.php\/wp-json\/wp\/v2\/media?parent=47017"}],"wp:term":[{"taxonomy":"category","embeddable":true,"href":"https:\/\/noticiasdestaque.com.br\/index.php\/wp-json\/wp\/v2\/categories?post=47017"},{"taxonomy":"post_tag","embeddable":true,"href":"https:\/\/noticiasdestaque.com.br\/index.php\/wp-json\/wp\/v2\/tags?post=47017"}],"curies":[{"name":"wp","href":"https:\/\/api.w.org\/{rel}","templated":true}]}}