{"id":47013,"date":"2025-10-25T04:15:00","date_gmt":"2025-10-25T07:15:00","guid":{"rendered":"https:\/\/noticiasdestaque.com.br\/index.php\/2025\/10\/25\/prefeituras-que-nao-aderirem-a-nfs-e-nacional-podem-perder-repasses-da-uniao-em-2026\/"},"modified":"2025-10-25T04:15:00","modified_gmt":"2025-10-25T07:15:00","slug":"prefeituras-que-nao-aderirem-a-nfs-e-nacional-podem-perder-repasses-da-uniao-em-2026","status":"publish","type":"post","link":"https:\/\/noticiasdestaque.com.br\/index.php\/2025\/10\/25\/prefeituras-que-nao-aderirem-a-nfs-e-nacional-podem-perder-repasses-da-uniao-em-2026\/","title":{"rendered":"Prefeituras que n\u00e3o aderirem \u00e0 NFS-e nacional podem perder repasses da Uni\u00e3o em 2026"},"content":{"rendered":"<p>\t\t\t\t\t\t\t\t\t\t<audio controls class=\"b61_audio_player\" data-noticia=\"85444\" src=\"https:\/\/brasil61.com\/rails\/active_storage\/blobs\/eyJfcmFpbHMiOnsibWVzc2FnZSI6IkJBaHBBNWF5QXc9PSIsImV4cCI6bnVsbCwicHVyIjoiYmxvYl9pZCJ9fQ==--b7ef0b6e2868dd627cefd3015b71c2593ce958d8\/BRAS2515005A\"><\/audio><\/p>\n<p>A Confedera\u00e7\u00e3o Nacional de Munic\u00edpios (<a href=\"https:\/\/cnm.org.br\/comunicacao\/noticias\/cnm-publica-nota-tecnica-que-reforca-a-importancia-sobre-adesao-dos-municipios-a-nfs-e-nacional\">CNM<\/a>) refor\u00e7a que todos os munic\u00edpios precisam aderir ao conv\u00eanio da Nota Fiscal de Servi\u00e7os Eletr\u00f4nica (NFS-e) no padr\u00e3o nacional at\u00e9 31 de dezembro deste ano, conforme o cronograma da Lei Complementar 214\/2025. Caso contr\u00e1rio, as prefeituras podem ter suspensas as transfer\u00eancias volunt\u00e1rias da Uni\u00e3o a partir de 2026.<\/p>\n<\/p>\n<p dir=\"ltr\">A medida busca padronizar a emiss\u00e3o de notas de servi\u00e7o em todo o pa\u00eds, promovendo maior simplifica\u00e7\u00e3o, transpar\u00eancia e integra\u00e7\u00e3o entre os fiscos municipais, o fisco federal e os contribuintes. A <a href=\"https:\/\/cnm.org.br\/comunicacao\/noticias\/cnm-publica-nota-tecnica-que-reforca-a-importancia-sobre-adesao-dos-municipios-a-nfs-e-nacional\">CNM<\/a> ressalta que a ades\u00e3o \u00e9 essencial tamb\u00e9m para a apura\u00e7\u00e3o do novo Imposto sobre Bens e Servi\u00e7os (<a href=\"https:\/\/www.gov.br\/fazenda\/pt-br\/acesso-a-informacao\/acoes-e-programas\/reforma-tributaria\/regulamentacao-da-reforma-tributaria\/lei-geral-do-ibs-da-cbs-e-do-imposto-seletivo\">IBS<\/a>), previsto na reforma tribut\u00e1ria.<\/p>\n<p dir=\"ltr\">Para apoiar as gest\u00f5es locais, a entidade publicou a Nota T\u00e9cnica 25\/2022, que orienta sobre os procedimentos de ades\u00e3o ao conv\u00eanio da NFS-e, incluindo a assinatura do termo de ades\u00e3o, a parametriza\u00e7\u00e3o dos sistemas municipais no ambiente nacional ou a migra\u00e7\u00e3o para o emissor nacional.<\/p>\n<p dir=\"ltr\">O cronograma recomendado pela <a href=\"https:\/\/cnm.org.br\/comunicacao\/noticias\/cnm-publica-nota-tecnica-que-reforca-a-importancia-sobre-adesao-dos-municipios-a-nfs-e-nacional\">CNM<\/a> inclui a assinatura do conv\u00eanio com a Receita Federal, a parametriza\u00e7\u00e3o das regras municipais no ambiente nacional, a escolha entre manter o emissor pr\u00f3prio ou adotar o emissor nacional e a comunica\u00e7\u00e3o aos contribuintes locais.<\/p>\n<p dir=\"ltr\">A Confedera\u00e7\u00e3o alerta que quanto mais cedo o munic\u00edpio concluir o processo e testar as novas exig\u00eancias t\u00e9cnicas, menor ser\u00e1 o risco de imprevistos e de perda de recursos federais.<\/p>\n<p dir=\"ltr\">As informa\u00e7\u00f5es s\u00e3o da <a href=\"https:\/\/cnm.org.br\/comunicacao\/noticias\/cnm-publica-nota-tecnica-que-reforca-a-importancia-sobre-adesao-dos-municipios-a-nfs-e-nacional\">Confedera\u00e7\u00e3o Nacional de Munic\u00edpios<\/a>.<\/p>\n<p>\t\t\t\t\t\t\t\t\t<img loading=\"lazy\" decoding=\"async\" src=\"https:\/\/brasil61.com\/api\/v1\/serve_pixel\/17677\/85444\" alt=\"Pixel Brasil 61\" class=\"b61_pixel\" width=\"0\" height=\"0\"><\/p>\n<input type=\"hidden\" id=\"baseurl\" value=\"https:\/\/noticiasdestaque.com.br\"><input type=\"hidden\" id=\"audio_nonce\" value=\"6f73a554f1\">","protected":false},"excerpt":{"rendered":"<p>CNM refor\u00e7a que prazo para ades\u00e3o ao conv\u00eanio termina em 31 de dezembro; medida \u00e9 essencial para a integra\u00e7\u00e3o fiscal e implanta\u00e7\u00e3o do novo Imposto sobre Bens e Servi\u00e7os<\/p>\n","protected":false},"author":1,"featured_media":47014,"comment_status":"open","ping_status":"open","sticky":false,"template":"","format":"standard","meta":{"fifu_image_url":"","fifu_image_alt":"","footnotes":""},"categories":[48],"tags":[],"class_list":["post-47013","post","type-post","status-publish","format-standard","has-post-thumbnail","hentry","category-mundo"],"distributor_meta":false,"distributor_terms":false,"distributor_media":false,"distributor_original_site_name":"Noticias em Destaque","distributor_original_site_url":"https:\/\/noticiasdestaque.com.br","push-errors":false,"_links":{"self":[{"href":"https:\/\/noticiasdestaque.com.br\/index.php\/wp-json\/wp\/v2\/posts\/47013","targetHints":{"allow":["GET"]}}],"collection":[{"href":"https:\/\/noticiasdestaque.com.br\/index.php\/wp-json\/wp\/v2\/posts"}],"about":[{"href":"https:\/\/noticiasdestaque.com.br\/index.php\/wp-json\/wp\/v2\/types\/post"}],"author":[{"embeddable":true,"href":"https:\/\/noticiasdestaque.com.br\/index.php\/wp-json\/wp\/v2\/users\/1"}],"replies":[{"embeddable":true,"href":"https:\/\/noticiasdestaque.com.br\/index.php\/wp-json\/wp\/v2\/comments?post=47013"}],"version-history":[{"count":0,"href":"https:\/\/noticiasdestaque.com.br\/index.php\/wp-json\/wp\/v2\/posts\/47013\/revisions"}],"wp:featuredmedia":[{"embeddable":true,"href":"https:\/\/noticiasdestaque.com.br\/index.php\/wp-json\/wp\/v2\/media\/47014"}],"wp:attachment":[{"href":"https:\/\/noticiasdestaque.com.br\/index.php\/wp-json\/wp\/v2\/media?parent=47013"}],"wp:term":[{"taxonomy":"category","embeddable":true,"href":"https:\/\/noticiasdestaque.com.br\/index.php\/wp-json\/wp\/v2\/categories?post=47013"},{"taxonomy":"post_tag","embeddable":true,"href":"https:\/\/noticiasdestaque.com.br\/index.php\/wp-json\/wp\/v2\/tags?post=47013"}],"curies":[{"name":"wp","href":"https:\/\/api.w.org\/{rel}","templated":true}]}}