{"id":46997,"date":"2025-10-24T23:55:00","date_gmt":"2025-10-25T02:55:00","guid":{"rendered":"https:\/\/noticiasdestaque.com.br\/index.php\/2025\/10\/24\/brasil-e-uniao-europeia-retomam-sistema-de-habilitacao-de-exportacoes-de-carne-de-aves\/"},"modified":"2025-10-24T23:55:00","modified_gmt":"2025-10-25T02:55:00","slug":"brasil-e-uniao-europeia-retomam-sistema-de-habilitacao-de-exportacoes-de-carne-de-aves","status":"publish","type":"post","link":"https:\/\/noticiasdestaque.com.br\/index.php\/2025\/10\/24\/brasil-e-uniao-europeia-retomam-sistema-de-habilitacao-de-exportacoes-de-carne-de-aves\/","title":{"rendered":"Brasil e Uni\u00e3o Europeia retomam sistema de habilita\u00e7\u00e3o de exporta\u00e7\u00f5es de carne de aves"},"content":{"rendered":"<p>\t\t\t\t\t\t\t\t\t\t<audio controls class=\"b61_audio_player\" data-noticia=\"85463\" src=\"https:\/\/brasil61.com\/rails\/active_storage\/blobs\/eyJfcmFpbHMiOnsibWVzc2FnZSI6IkJBaHBBNlN5QXc9PSIsImV4cCI6bnVsbCwicHVyIjoiYmxvYl9pZCJ9fQ==--de99570f8c95e1da608c3933d95da623c728e41e\/MAPA250008A\"><\/audio><\/p>\n<p><strong>Brasil <\/strong>e<strong> <a href=\"https:\/\/european-union.europa.eu\/principles-countries-history\/eu-countries_pt\">Uni\u00e3o Europeia (UE)<\/a> <\/strong>acordaram, na quinta-feira (23), o <strong>retorno do sistema de pre-listing <\/strong>de estabelecimentos habilitados a<strong> exportar carne de aves ao bloco europeu<\/strong>.\u00a0<\/p>\n<p>A decis\u00e3o foi tomada durante reuni\u00e3o realizada em <a href=\"https:\/\/sp.gov.br\/sp\">S\u00e3o Paulo<\/a>, que deu <strong>continuidade \u00e0 pauta sanit\u00e1ria bilateral<\/strong> discutida durante miss\u00e3o oficial \u00e0 Europa, no in\u00edcio de outubro, liderada pelo secret\u00e1rio de Com\u00e9rcio e Rela\u00e7\u00f5es Internacionais, Lu\u00eds Rua.<\/p>\n<p>Participaram do encontro o secret\u00e1rio Lu\u00eds Rua; o comiss\u00e1rio europeu para Agricultura, Christophe Hansen; o diretor do Departamento de Negocia\u00e7\u00f5es N\u00e3o-Tarif\u00e1rias e de Sustentabilidade do Mapa, Augusto Billi; a embaixadora da Uni\u00e3o Europeia no Brasil, Marian Schuegraf; al\u00e9m de representantes da Comiss\u00e3o Europeia.<\/p>\n<p>O encontro representou um <strong>avan\u00e7o nas rela\u00e7\u00f5es entre Brasil e Uni\u00e3o Europeia<\/strong>, com a <strong>consolida\u00e7\u00e3o de entendimentos sobre temas priorit\u00e1rios para o setor agropecu\u00e1rio<\/strong> de ambas as partes.<\/p>\n<h2>Temas em avan\u00e7o<\/h2>\n<p>Na ocasi\u00e3o, as delega\u00e7\u00f5es discutiram <strong>outros temas que permanecem em desenvolvimento<\/strong>, entre eles:<\/p>\n<ul>\n<li>Avalia\u00e7\u00e3o do sistema brasileiro de pescados;<\/li>\n<li>Pre-listing para estabelecimentos de ovos e carne bovina;<\/li>\n<li>Reconhecimento m\u00fatuo de produtos org\u00e2nicos;<\/li>\n<li>Regionaliza\u00e7\u00e3o de enfermidades;<\/li>\n<li>Certifica\u00e7\u00e3o eletr\u00f4nica;<\/li>\n<li>Harmoniza\u00e7\u00e3o de certifica\u00e7\u00f5es.<\/li>\n<\/ul>\n<p>O <strong>acordo <a href=\"https:\/\/www.mercosur.int\/pt-br\/\">Mercosul<\/a>\u2013Uni\u00e3o Europeia tamb\u00e9m esteve em pauta<\/strong> durante o encontro, com destaque para as oportunidades e benef\u00edcios que a eventual conclus\u00e3o poder\u00e1 trazer aos agricultores brasileiros e europeus.<\/p>\n<p>As partes<strong> reafirmaram o compromisso com o avan\u00e7o das negocia\u00e7\u00f5es<\/strong> e a busca por solu\u00e7\u00f5es conjuntas para pend\u00eancias de interesse comum, com a <strong>pr\u00f3xima reuni\u00e3o prevista para o primeiro trimestre de 2026<\/strong>.<\/p>\n<h2>O que \u00e9 pre-listing?<\/h2>\n<p>O <strong>pre-listing<\/strong> \u00e9 um <strong>modelo de habilita\u00e7\u00e3o sanit\u00e1ria<\/strong> que permite ao Brasil indicar diretamente, por meio do <strong>Sistema de Inspe\u00e7\u00e3o Federal (<a href=\"https:\/\/www.gov.br\/agricultura\/pt-br\/assuntos\/inspecao\/produtos-animal\/sif\">SIF<\/a>)<\/strong>, os <strong>estabelecimentos aptos a exportar produtos de origem animal<\/strong> para pa\u00edses que reconhecem esse sistema.<\/p>\n<p>Em vez de depender de auditorias individuais realizadas pelo pa\u00eds importador, o pre-listing <strong>confere ao Minist\u00e9rio da Agricultura, Pecu\u00e1ria e Abastecimento (<a href=\"https:\/\/www.gov.br\/agricultura\/pt-br\">Mapa<\/a>) a autonomia para credenciar empresas brasileiras<\/strong> que atendam aos requisitos sanit\u00e1rios e tecnol\u00f3gicos exigidos internacionalmente.<\/p>\n<p>\t\t\t\t\t\t\t\t\t<img loading=\"lazy\" decoding=\"async\" src=\"https:\/\/brasil61.com\/api\/v1\/serve_pixel\/17677\/85463\" alt=\"Pixel Brasil 61\" class=\"b61_pixel\" width=\"0\" height=\"0\"><\/p>\n<input type=\"hidden\" id=\"baseurl\" value=\"https:\/\/noticiasdestaque.com.br\"><input type=\"hidden\" id=\"audio_nonce\" value=\"6a24ca502e\">","protected":false},"excerpt":{"rendered":"<p>Acordo restabelece o modelo de pre-listing, que permite ao Brasil indicar diretamente estabelecimentos aptos a exportar ao bloco europeu, sem necessidade de auditorias externas<\/p>\n","protected":false},"author":1,"featured_media":46998,"comment_status":"open","ping_status":"open","sticky":false,"template":"","format":"standard","meta":{"fifu_image_url":"","fifu_image_alt":"","footnotes":""},"categories":[59],"tags":[],"class_list":["post-46997","post","type-post","status-publish","format-standard","has-post-thumbnail","hentry","category-economia"],"distributor_meta":false,"distributor_terms":false,"distributor_media":false,"distributor_original_site_name":"Noticias em Destaque","distributor_original_site_url":"https:\/\/noticiasdestaque.com.br","push-errors":false,"_links":{"self":[{"href":"https:\/\/noticiasdestaque.com.br\/index.php\/wp-json\/wp\/v2\/posts\/46997","targetHints":{"allow":["GET"]}}],"collection":[{"href":"https:\/\/noticiasdestaque.com.br\/index.php\/wp-json\/wp\/v2\/posts"}],"about":[{"href":"https:\/\/noticiasdestaque.com.br\/index.php\/wp-json\/wp\/v2\/types\/post"}],"author":[{"embeddable":true,"href":"https:\/\/noticiasdestaque.com.br\/index.php\/wp-json\/wp\/v2\/users\/1"}],"replies":[{"embeddable":true,"href":"https:\/\/noticiasdestaque.com.br\/index.php\/wp-json\/wp\/v2\/comments?post=46997"}],"version-history":[{"count":0,"href":"https:\/\/noticiasdestaque.com.br\/index.php\/wp-json\/wp\/v2\/posts\/46997\/revisions"}],"wp:featuredmedia":[{"embeddable":true,"href":"https:\/\/noticiasdestaque.com.br\/index.php\/wp-json\/wp\/v2\/media\/46998"}],"wp:attachment":[{"href":"https:\/\/noticiasdestaque.com.br\/index.php\/wp-json\/wp\/v2\/media?parent=46997"}],"wp:term":[{"taxonomy":"category","embeddable":true,"href":"https:\/\/noticiasdestaque.com.br\/index.php\/wp-json\/wp\/v2\/categories?post=46997"},{"taxonomy":"post_tag","embeddable":true,"href":"https:\/\/noticiasdestaque.com.br\/index.php\/wp-json\/wp\/v2\/tags?post=46997"}],"curies":[{"name":"wp","href":"https:\/\/api.w.org\/{rel}","templated":true}]}}