{"id":46995,"date":"2025-10-24T23:50:00","date_gmt":"2025-10-25T02:50:00","guid":{"rendered":"https:\/\/noticiasdestaque.com.br\/index.php\/2025\/10\/24\/brasil-e-malasia-retomam-comercio-de-frango-e-ampliam-mercado-agropecuario\/"},"modified":"2025-10-24T23:50:00","modified_gmt":"2025-10-25T02:50:00","slug":"brasil-e-malasia-retomam-comercio-de-frango-e-ampliam-mercado-agropecuario","status":"publish","type":"post","link":"https:\/\/noticiasdestaque.com.br\/index.php\/2025\/10\/24\/brasil-e-malasia-retomam-comercio-de-frango-e-ampliam-mercado-agropecuario\/","title":{"rendered":"Brasil e Mal\u00e1sia retomam com\u00e9rcio de frango e ampliam mercado agropecu\u00e1rio"},"content":{"rendered":"<p>\t\t\t\t\t\t\t\t\t\t<audio controls class=\"b61_audio_player\" data-noticia=\"85465\" src=\"https:\/\/brasil61.com\/rails\/active_storage\/blobs\/eyJfcmFpbHMiOnsibWVzc2FnZSI6IkJBaHBBNld5QXc9PSIsImV4cCI6bnVsbCwicHVyIjoiYmxvYl9pZCJ9fQ==--7d62c16d067344508db050613aeb10230a836539\/MAPA250009A\"><\/audio><\/p>\n<p><strong>Brasil <\/strong>e <strong>Mal\u00e1sia <\/strong>oficializaram, nesta sexta-feira (24), a <strong>retomada do com\u00e9rcio de carne de frango brasileira com o pa\u00eds asi\u00e1tico<\/strong>, suspenso anteriormente por medidas sanit\u00e1rias relacionadas \u00e0 <a href=\"https:\/\/www.gov.br\/agricultura\/pt-br\/assuntos\/sanidade-animal-e-vegetal\/saude-animal\/programas-de-saude-animal\/pnsa\/influenza-aviaria\">Influenza Avi\u00e1ria de Alta Patogenicidade (IAAP)<\/a>. Com o acordo, <strong>o per\u00edodo de interdi\u00e7\u00e3o foi reduzido de 12 para tr\u00eas meses<\/strong>.<\/p>\n<p>O governo malaio tamb\u00e9m <strong>adotou o sistema de regionaliza\u00e7\u00e3o<\/strong>, que autoriza exporta\u00e7\u00f5es por \u00e1reas livres da doen\u00e7a. A medida <strong>agiliza a libera\u00e7\u00e3o da carne de frango e do material gen\u00e9tico av\u00edcola<\/strong>.<\/p>\n<p>As decis\u00f5es foram anunciadas durante <strong>miss\u00e3o oficial ao Sudeste Asi\u00e1tico<\/strong>, na qual o ministro da Agricultura e Pecu\u00e1ria, Carlos F\u00e1varo, reuniu-se com o ministro da Agricultura e Seguran\u00e7a Alimentar da Mal\u00e1sia, Mohamad Sabu, em Kuala Lumpur, para <strong>fortalecer a coopera\u00e7\u00e3o bilateral<\/strong>.<\/p>\n<p>O encontro integra a agenda da comitiva liderada pelo presidente Luiz In\u00e1cio Lula da Silva \u00e0 <strong>Indon\u00e9sia <\/strong>e \u00e0 <strong>Mal\u00e1sia<\/strong>, que come\u00e7ou no dia 23 e segue at\u00e9 28 de outubro. A miss\u00e3o tem como objetivo <strong>ampliar parcerias estrat\u00e9gicas com os pa\u00edses<\/strong>.<\/p>\n<h2>Novos mercados<\/h2>\n<p>Al\u00e9m da carne de frango, <strong>as autoridades malaias formalizaram a abertura do mercado<\/strong> para a importa\u00e7\u00e3o de pescados extrativos e de cultivo, gergelim, mel\u00e3o, ma\u00e7\u00e3 e ovos em p\u00f3. Na mesma ocasi\u00e3o, o governo malaio <strong>antecipou a miss\u00e3o de auditoria<\/strong> que avaliar\u00e1 16 plantas brasileiras de carne su\u00edna.<\/p>\n<p>Para F\u00e1varo, a amplia\u00e7\u00e3o representa um avan\u00e7o significativo para o setor agropecu\u00e1rio brasileiro. \u201cFrango, su\u00ednos, frutas, gr\u00e3os, gergelim, ovos. \u00c9 o Brasil que gera oportunidades na Mal\u00e1sia, amplia o espa\u00e7o para nossos produtores e fortalece o agroneg\u00f3cio brasileiro\u201d, enfatizou.<\/p>\n<h2>Brasil-Mal\u00e1sia<\/h2>\n<p>De acordo com o Minist\u00e9rio da Agricultura e Pecu\u00e1ria (<a href=\"https:\/\/www.gov.br\/agricultura\/pt-br\">Mapa<\/a>), <strong>a Mal\u00e1sia ocupa a 23\u00aa posi\u00e7\u00e3o entre os principais destinos das exporta\u00e7\u00f5es do Brasil<\/strong>.<\/p>\n<p>Em 2024, o com\u00e9rcio bilateral entre Brasil e Mal\u00e1sia somou US$ 487,2 milh\u00f5es, sendo US$ 346,4 milh\u00f5es em exporta\u00e7\u00f5es brasileiras e US$ 140,9 milh\u00f5es em importa\u00e7\u00f5es.\u00a0No <strong>setor agropecu\u00e1rio<\/strong>, o Brasil <strong>exportou US$ 1,26 bilh\u00e3o para o pa\u00eds asi\u00e1tico no mesmo per\u00edodo<\/strong>, com destaque para a\u00e7\u00facar de cana em bruto, milho e algod\u00e3o.<\/p>\n<p>\t\t\t\t\t\t\t\t\t<img loading=\"lazy\" decoding=\"async\" src=\"https:\/\/brasil61.com\/api\/v1\/serve_pixel\/17677\/85465\" alt=\"Pixel Brasil 61\" class=\"b61_pixel\" width=\"0\" height=\"0\"><\/p>\n<input type=\"hidden\" id=\"baseurl\" value=\"https:\/\/noticiasdestaque.com.br\"><input type=\"hidden\" id=\"audio_nonce\" value=\"6a24ca502e\">","protected":false},"excerpt":{"rendered":"<p>Governo malaio tamb\u00e9m liberou a entrada de pescados, frutas, gergelim e ovos em p\u00f3, ampliando oportunidades para produtores nacionais<\/p>\n","protected":false},"author":1,"featured_media":46996,"comment_status":"open","ping_status":"open","sticky":false,"template":"","format":"standard","meta":{"fifu_image_url":"","fifu_image_alt":"","footnotes":""},"categories":[59],"tags":[],"class_list":["post-46995","post","type-post","status-publish","format-standard","has-post-thumbnail","hentry","category-economia"],"distributor_meta":false,"distributor_terms":false,"distributor_media":false,"distributor_original_site_name":"Noticias em Destaque","distributor_original_site_url":"https:\/\/noticiasdestaque.com.br","push-errors":false,"_links":{"self":[{"href":"https:\/\/noticiasdestaque.com.br\/index.php\/wp-json\/wp\/v2\/posts\/46995","targetHints":{"allow":["GET"]}}],"collection":[{"href":"https:\/\/noticiasdestaque.com.br\/index.php\/wp-json\/wp\/v2\/posts"}],"about":[{"href":"https:\/\/noticiasdestaque.com.br\/index.php\/wp-json\/wp\/v2\/types\/post"}],"author":[{"embeddable":true,"href":"https:\/\/noticiasdestaque.com.br\/index.php\/wp-json\/wp\/v2\/users\/1"}],"replies":[{"embeddable":true,"href":"https:\/\/noticiasdestaque.com.br\/index.php\/wp-json\/wp\/v2\/comments?post=46995"}],"version-history":[{"count":0,"href":"https:\/\/noticiasdestaque.com.br\/index.php\/wp-json\/wp\/v2\/posts\/46995\/revisions"}],"wp:featuredmedia":[{"embeddable":true,"href":"https:\/\/noticiasdestaque.com.br\/index.php\/wp-json\/wp\/v2\/media\/46996"}],"wp:attachment":[{"href":"https:\/\/noticiasdestaque.com.br\/index.php\/wp-json\/wp\/v2\/media?parent=46995"}],"wp:term":[{"taxonomy":"category","embeddable":true,"href":"https:\/\/noticiasdestaque.com.br\/index.php\/wp-json\/wp\/v2\/categories?post=46995"},{"taxonomy":"post_tag","embeddable":true,"href":"https:\/\/noticiasdestaque.com.br\/index.php\/wp-json\/wp\/v2\/tags?post=46995"}],"curies":[{"name":"wp","href":"https:\/\/api.w.org\/{rel}","templated":true}]}}