{"id":46991,"date":"2025-10-24T23:40:00","date_gmt":"2025-10-25T02:40:00","guid":{"rendered":"https:\/\/noticiasdestaque.com.br\/index.php\/2025\/10\/24\/brasil-e-indonesia-firmam-parceria-para-impulsionar-comercio-agropecuario\/"},"modified":"2025-10-24T23:40:00","modified_gmt":"2025-10-25T02:40:00","slug":"brasil-e-indonesia-firmam-parceria-para-impulsionar-comercio-agropecuario","status":"publish","type":"post","link":"https:\/\/noticiasdestaque.com.br\/index.php\/2025\/10\/24\/brasil-e-indonesia-firmam-parceria-para-impulsionar-comercio-agropecuario\/","title":{"rendered":"Brasil e Indon\u00e9sia firmam parceria para impulsionar com\u00e9rcio agropecu\u00e1rio"},"content":{"rendered":"<p>\t\t\t\t\t\t\t\t\t\t<audio controls class=\"b61_audio_player\" data-noticia=\"85462\" src=\"https:\/\/brasil61.com\/rails\/active_storage\/blobs\/eyJfcmFpbHMiOnsibWVzc2FnZSI6IkJBaHBBNk95QXc9PSIsImV4cCI6bnVsbCwicHVyIjoiYmxvYl9pZCJ9fQ==--dcfa739db9ed910603ed17172516a431fae637d6\/MAPA250007A\"><\/audio><\/p>\n<p>O <strong>Brasil e a Indon\u00e9sia assinaram <\/strong>na quinta-feira (23), em Jacarta, um <strong>Memorando de Entendimento (MoU) para fortalecer a coopera\u00e7\u00e3o em medidas sanit\u00e1rias e fitossanit\u00e1rias<\/strong>. O acordo foi firmado pelo ministro da Agricultura e Pecu\u00e1ria, Carlos F\u00e1varo, e pelo chefe da Autoridade de Quarentena da Indon\u00e9sia (IQA), Sahat Manaor Panggabean.<\/p>\n<p>O documento <strong>estabelece a\u00e7\u00f5es conjuntas nas \u00e1reas de sanidade animal, vegetal e certifica\u00e7\u00e3o, com foco no com\u00e9rcio de produtos agropecu\u00e1rios<\/strong>. Entre as principais medidas e \u00e1reas de colabora\u00e7\u00e3o previstas est\u00e3o:<\/p>\n<p><strong>Medidas<\/strong><\/p>\n<ul>\n<li>Troca de informa\u00e7\u00f5es sobre pol\u00edticas sanit\u00e1rias e fitossanit\u00e1rias;<\/li>\n<li>Coopera\u00e7\u00e3o em processos de certifica\u00e7\u00e3o eletr\u00f4nica;<\/li>\n<li>Inspe\u00e7\u00e3o pr\u00e9-fronteira;<\/li>\n<li>Investiga\u00e7\u00f5es conjuntas em casos de fraude ou quest\u00f5es sanit\u00e1rias;<\/li>\n<li>A\u00e7\u00f5es em an\u00e1lise de risco;<\/li>\n<li>Rastreabilidade;<\/li>\n<li>Vigil\u00e2ncia;<\/li>\n<li>Resposta a emerg\u00eancias.<\/li>\n<\/ul>\n<p><strong>\u00c1reas de colabora\u00e7\u00e3o<\/strong><\/p>\n<ul>\n<li>Reconhecimento de equival\u00eancia de medidas sanit\u00e1rias;<\/li>\n<li>Capacita\u00e7\u00e3o t\u00e9cnica;<\/li>\n<li>Interc\u00e2mbio de experi\u00eancias;<\/li>\n<li>Realiza\u00e7\u00e3o de atividades conjuntas de facilita\u00e7\u00e3o do com\u00e9rcio.<\/li>\n<\/ul>\n<p>A assinatura do MoU ocorreu durante a <strong>visita oficial da comitiva do presidente Luiz In\u00e1cio Lula da Silva \u00e0 Indon\u00e9sia e \u00e0 Mal\u00e1sia, que come\u00e7ou no dia 23 e segue at\u00e9 28 de outubro<\/strong>. A miss\u00e3o tem como objetivo<strong> ampliar parcerias estrat\u00e9gicas com pa\u00edses do Sudeste Asi\u00e1tico<\/strong>.<\/p>\n<p>F\u00e1varo destacou que <strong>o acordo pode destravar o contencioso sobre a exporta\u00e7\u00e3o de carne de frango brasileira para a Indon\u00e9sia<\/strong>, al\u00e9m de impulsionar as vendas de caf\u00e9 e algod\u00e3o.\u00a0<\/p>\n<p>\u201cGrandes oportunidades se abrem para o agro brasileiro. O Brasil j\u00e1 tem uma boa rela\u00e7\u00e3o comercial com a Indon\u00e9sia e busca avan\u00e7ar ainda mais, incluindo o encerramento do contencioso sobre a exporta\u00e7\u00e3o de carnes de frango brasileiras para o pa\u00eds. A abertura desse mercado, al\u00e9m da amplia\u00e7\u00e3o das exporta\u00e7\u00f5es de caf\u00e9 e algod\u00e3o, refor\u00e7a o papel do agroneg\u00f3cio como pilar da rela\u00e7\u00e3o entre Brasil e Indon\u00e9sia\u201d, disse.<\/p>\n<h2>Agenda em Jacarta<\/h2>\n<p>Durante a agenda, o ministro Carlos F\u00e1varo se reuniu com o ministro Coordenador de Assuntos Alimentares da Indon\u00e9sia, Zulkifli Hasan, e com o ministro do Com\u00e9rcio, Budi Santoso, para <strong>discutir o fortalecimento das rela\u00e7\u00f5es comerciais entre os dois pa\u00edses<\/strong>. Na ocasi\u00e3o, <strong>as autoridades indon\u00e9sias apresentaram o programa nacional de merenda escolar<\/strong>, voltado \u00e0 amplia\u00e7\u00e3o do acesso a alimentos de qualidade para crian\u00e7as.\u00a0<\/p>\n<p>F\u00e1varo ressaltou que a <strong>resolu\u00e7\u00e3o do contencioso entre Brasil e Indon\u00e9sia<\/strong> na <a href=\"https:\/\/www.gov.br\/siscomex\/pt-br\/acordos-comerciais\/omc\">Organiza\u00e7\u00e3o Mundial do Com\u00e9rcio (OMC)<\/a>, relacionado \u00e0s barreiras \u00e0 carne de frango brasileira, <strong>representa uma oportunidade concreta para iniciar as exporta\u00e7\u00f5es do produto ao pa\u00eds asi\u00e1tico<\/strong>. Segundo o ministro, <strong>a medida pode contribuir diretamente para o fortalecimento e a expans\u00e3o do programa de alimenta\u00e7\u00e3o escolar indon\u00e9sio<\/strong>.\u00a0<\/p>\n<p>\u201cA compra governamental de frango brasileiro <strong>contribuiria para a implementa\u00e7\u00e3o r\u00e1pida desse programa<\/strong>, que, no Brasil, foi um grande \u00eaxito no combate \u00e0 fome. Os pre\u00e7os e a qualidade da carne brasileira s\u00e3o reconhecidos mundialmente e, com isso, poder\u00edamos encerrar a discuss\u00e3o na OMC\u201d, afirmou.<\/p>\n<p>O F\u00f3rum Empresarial Brasil\u2013Indon\u00e9sia tamb\u00e9m integrou a programa\u00e7\u00e3o. Durante o evento, <strong>os presidentes Lula e Prabowo Subianto reafirmaram o compromisso<\/strong> com a amplia\u00e7\u00e3o e diversifica\u00e7\u00e3o do com\u00e9rcio e dos investimentos bilaterais.\u00a0<\/p>\n<h2>Brasil-Indon\u00e9sia<\/h2>\n<p>De acordo com o <a href=\"https:\/\/www.gov.br\/agricultura\/pt-br\">Minist\u00e9rio da Agricultura e Pecu\u00e1ria (Mapa)<\/a>, <strong>a Indon\u00e9sia \u00e9 um dos principais parceiros comerciais do Brasil na \u00c1sia<\/strong>, sendo o 16\u00ba maior destino das exporta\u00e7\u00f5es brasileiras e o <strong>5\u00ba no setor do agroneg\u00f3cio<\/strong>.\u00a0<\/p>\n<p>Em 2024, o com\u00e9rcio entre os dois pa\u00edses alcan\u00e7ou US$6,3 bilh\u00f5es, com super\u00e1vit de US$2,6 bilh\u00f5es para o Brasil.\u00a0<\/p>\n<p>Entre os principais produtos brasileiros exportados est\u00e3o farelo de soja, \u00f3leos brutos de petr\u00f3leo, a\u00e7\u00facares e mela\u00e7o, enquanto o Brasil importa gorduras e \u00f3leos vegetais, cal\u00e7ados e pe\u00e7as automotivas.\u00a0<\/p>\n<p>\t\t\t\t\t\t\t\t\t<img loading=\"lazy\" decoding=\"async\" src=\"https:\/\/brasil61.com\/api\/v1\/serve_pixel\/17677\/85462\" alt=\"Pixel Brasil 61\" class=\"b61_pixel\" width=\"0\" height=\"0\"><\/p>\n<input type=\"hidden\" id=\"baseurl\" value=\"https:\/\/noticiasdestaque.com.br\"><input type=\"hidden\" id=\"audio_nonce\" value=\"6f73a554f1\">","protected":false},"excerpt":{"rendered":"<p>Acordo sanit\u00e1rio pode abrir mercado indon\u00e9sio \u00e0 carne de frango brasileira e fortalecer exporta\u00e7\u00f5es de caf\u00e9 e algod\u00e3o<\/p>\n","protected":false},"author":1,"featured_media":46992,"comment_status":"open","ping_status":"open","sticky":false,"template":"","format":"standard","meta":{"fifu_image_url":"","fifu_image_alt":"","footnotes":""},"categories":[59],"tags":[],"class_list":["post-46991","post","type-post","status-publish","format-standard","has-post-thumbnail","hentry","category-economia"],"distributor_meta":false,"distributor_terms":false,"distributor_media":false,"distributor_original_site_name":"Noticias em Destaque","distributor_original_site_url":"https:\/\/noticiasdestaque.com.br","push-errors":false,"_links":{"self":[{"href":"https:\/\/noticiasdestaque.com.br\/index.php\/wp-json\/wp\/v2\/posts\/46991","targetHints":{"allow":["GET"]}}],"collection":[{"href":"https:\/\/noticiasdestaque.com.br\/index.php\/wp-json\/wp\/v2\/posts"}],"about":[{"href":"https:\/\/noticiasdestaque.com.br\/index.php\/wp-json\/wp\/v2\/types\/post"}],"author":[{"embeddable":true,"href":"https:\/\/noticiasdestaque.com.br\/index.php\/wp-json\/wp\/v2\/users\/1"}],"replies":[{"embeddable":true,"href":"https:\/\/noticiasdestaque.com.br\/index.php\/wp-json\/wp\/v2\/comments?post=46991"}],"version-history":[{"count":0,"href":"https:\/\/noticiasdestaque.com.br\/index.php\/wp-json\/wp\/v2\/posts\/46991\/revisions"}],"wp:featuredmedia":[{"embeddable":true,"href":"https:\/\/noticiasdestaque.com.br\/index.php\/wp-json\/wp\/v2\/media\/46992"}],"wp:attachment":[{"href":"https:\/\/noticiasdestaque.com.br\/index.php\/wp-json\/wp\/v2\/media?parent=46991"}],"wp:term":[{"taxonomy":"category","embeddable":true,"href":"https:\/\/noticiasdestaque.com.br\/index.php\/wp-json\/wp\/v2\/categories?post=46991"},{"taxonomy":"post_tag","embeddable":true,"href":"https:\/\/noticiasdestaque.com.br\/index.php\/wp-json\/wp\/v2\/tags?post=46991"}],"curies":[{"name":"wp","href":"https:\/\/api.w.org\/{rel}","templated":true}]}}