{"id":46987,"date":"2025-10-24T20:05:00","date_gmt":"2025-10-24T23:05:00","guid":{"rendered":"https:\/\/noticiasdestaque.com.br\/index.php\/2025\/10\/24\/previsao-do-tempo-pancadas-de-chuva-na-regiao-sul-neste-sabado-25\/"},"modified":"2025-10-24T20:05:00","modified_gmt":"2025-10-24T23:05:00","slug":"previsao-do-tempo-pancadas-de-chuva-na-regiao-sul-neste-sabado-25","status":"publish","type":"post","link":"https:\/\/noticiasdestaque.com.br\/index.php\/2025\/10\/24\/previsao-do-tempo-pancadas-de-chuva-na-regiao-sul-neste-sabado-25\/","title":{"rendered":"PREVIS\u00c3O DO TEMPO: Pancadas de chuva na Regi\u00e3o Sul neste s\u00e1bado (25)"},"content":{"rendered":"<p>\t\t\t\t\t\t\t\t\t\t<audio controls class=\"b61_audio_player\" data-noticia=\"85434\" src=\"https:\/\/brasil61.com\/rails\/active_storage\/blobs\/eyJfcmFpbHMiOnsibWVzc2FnZSI6IkJBaHBBNEt5QXc9PSIsImV4cCI6bnVsbCwicHVyIjoiYmxvYl9pZCJ9fQ==--c87945efbf1aa490641190d63743118dd05b1b9a\/PTRS254107A\"><\/audio><\/p>\n<p>A <strong>previs\u00e3o do tempo para o Sul<\/strong> do pa\u00eds, neste<strong> s\u00e1bado (25)<\/strong>, indica c\u00e9u com pancadas de chuva em boa parte da regi\u00e3o.<\/p>\n<p>O <strong>Instituto Nacional de Meteorologia (Inmet) alerta sobre perigo potencial<\/strong> <strong>de chuvas intensas<\/strong>\u00a0em todo Rio Grande do Sul, boa parte de Santa Catarina, como em Chapec\u00f3 e Crici\u00fama, e ao sul do Paran\u00e1, em Cascavel. H\u00e1 tamb\u00e9m <strong>o alerta de perigo potencial de ventos costeiros<\/strong> de todo litoral do Rio Grande do Sul e parte de Santa Catarina, at\u00e9 a regi\u00e3o de Laguna.<\/p>\n<p>O <strong>Inmet adverte para perigo potencial de baixa umidade <\/strong>na regi\u00e3o norte paranaense e para\u00a0<strong>perigo potencial de tempestade<\/strong> nos munic\u00edpios de Farol e Jussara, no Paran\u00e1.\u00a0<\/p>\n<p>A manh\u00e3 \u00e9 marcada por pancadas de chuvas e trovoadas isoladas em todo territ\u00f3rio ga\u00facho, em boa parte de Santa Catarina\u00a0e no sudoeste do Paran\u00e1, como em Pinh\u00e3o.\u00a0 No restante do Paran\u00e1 e de Santa Catarina, como em Blumenau, predominam muitas nuvens.<\/p>\n<p>No per\u00edodo da tarde predominam muitas nuvens com pancadas e trovoadas isoladas. Entre os munic\u00edpios de Santo Cristo e Rio Grande, a previs\u00e3o \u00e9 de pancadas de chuva. No nordeste paranaense, a estimativa \u00e9 de muitas nuvens e possibilidade de chuvas isoladas.<\/p>\n<p>\u00c0 noite, a mesma condi\u00e7\u00e3o se repete.<\/p>\n<p>Entre as capitais, a temperatura <strong>m\u00ednima prevista \u00e9 de 12\u00b0C, em Curitiba<\/strong>. J\u00e1 a <strong>m\u00e1xima pode chegar at\u00e9 30\u00b0C, em Porto Alegre<\/strong>. A umidade relativa do ar varia entre <strong>30% a 90%<\/strong>.<\/p>\n<h2>5 motivos para acompanhar as previs\u00f5es do tempo<\/h2>\n<ul>\n<li>Agricultura: garantia de uma boa colheita;<\/li>\n<li>Marinha: prote\u00e7\u00e3o de marinheiros, navios e passageiros;<\/li>\n<li>Aeron\u00e1utica: seguran\u00e7a de pilotos, aeronaves e passageiros;<\/li>\n<li>Pesca: condi\u00e7\u00f5es favor\u00e1veis e seguras para a atividade;<\/li>\n<li>Turismo: garantia de passeios e viagens tranquilas e agrad\u00e1veis.<\/li>\n<\/ul>\n<h2>Import\u00e2ncia das observa\u00e7\u00f5es meteorol\u00f3gicas no INMET<\/h2>\n<p>As observa\u00e7\u00f5es meteorol\u00f3gicas do INMET s\u00e3o essenciais para previs\u00f5es em tempo real, estat\u00edsticas clim\u00e1ticas e coopera\u00e7\u00e3o internacional. Esses dados precisos ajudam a estudar o clima passado e a produzir Normais Climatol\u00f3gicas conforme a Organiza\u00e7\u00e3o Meteorol\u00f3gica Mundial (<a href=\"https:\/\/worldweather.wmo.int\/pt\/home.html\">OMM<\/a>).<\/p>\n<p>As informa\u00e7\u00f5es s\u00e3o do Instituto Nacional de Meteorologia (<a href=\"https:\/\/portal.inmet.gov.br\/\">Inmet<\/a>).<br \/>\n\u00a0<\/p>\n<p>\t\t\t\t\t\t\t\t\t<img loading=\"lazy\" decoding=\"async\" src=\"https:\/\/brasil61.com\/api\/v1\/serve_pixel\/17677\/85434\" alt=\"Pixel Brasil 61\" class=\"b61_pixel\" width=\"0\" height=\"0\"><\/p>\n<input type=\"hidden\" id=\"baseurl\" value=\"https:\/\/noticiasdestaque.com.br\"><input type=\"hidden\" id=\"audio_nonce\" value=\"6f73a554f1\">","protected":false},"excerpt":{"rendered":"<p>Inmet alerta para perigo potencial de chuvas intensas e ventos costeiros; temperaturas variam entre 12\u00b0C e 30\u00b0C<\/p>\n","protected":false},"author":1,"featured_media":46988,"comment_status":"open","ping_status":"open","sticky":false,"template":"","format":"standard","meta":{"fifu_image_url":"","fifu_image_alt":"","footnotes":""},"categories":[58],"tags":[],"class_list":["post-46987","post","type-post","status-publish","format-standard","has-post-thumbnail","hentry","category-cotidiano"],"distributor_meta":false,"distributor_terms":false,"distributor_media":false,"distributor_original_site_name":"Noticias em Destaque","distributor_original_site_url":"https:\/\/noticiasdestaque.com.br","push-errors":false,"_links":{"self":[{"href":"https:\/\/noticiasdestaque.com.br\/index.php\/wp-json\/wp\/v2\/posts\/46987","targetHints":{"allow":["GET"]}}],"collection":[{"href":"https:\/\/noticiasdestaque.com.br\/index.php\/wp-json\/wp\/v2\/posts"}],"about":[{"href":"https:\/\/noticiasdestaque.com.br\/index.php\/wp-json\/wp\/v2\/types\/post"}],"author":[{"embeddable":true,"href":"https:\/\/noticiasdestaque.com.br\/index.php\/wp-json\/wp\/v2\/users\/1"}],"replies":[{"embeddable":true,"href":"https:\/\/noticiasdestaque.com.br\/index.php\/wp-json\/wp\/v2\/comments?post=46987"}],"version-history":[{"count":0,"href":"https:\/\/noticiasdestaque.com.br\/index.php\/wp-json\/wp\/v2\/posts\/46987\/revisions"}],"wp:featuredmedia":[{"embeddable":true,"href":"https:\/\/noticiasdestaque.com.br\/index.php\/wp-json\/wp\/v2\/media\/46988"}],"wp:attachment":[{"href":"https:\/\/noticiasdestaque.com.br\/index.php\/wp-json\/wp\/v2\/media?parent=46987"}],"wp:term":[{"taxonomy":"category","embeddable":true,"href":"https:\/\/noticiasdestaque.com.br\/index.php\/wp-json\/wp\/v2\/categories?post=46987"},{"taxonomy":"post_tag","embeddable":true,"href":"https:\/\/noticiasdestaque.com.br\/index.php\/wp-json\/wp\/v2\/tags?post=46987"}],"curies":[{"name":"wp","href":"https:\/\/api.w.org\/{rel}","templated":true}]}}