{"id":46979,"date":"2025-10-24T19:56:00","date_gmt":"2025-10-24T22:56:00","guid":{"rendered":"https:\/\/noticiasdestaque.com.br\/index.php\/2025\/10\/24\/previsao-do-tempo-sabado-25-de-poucas-nuvens-no-nordeste\/"},"modified":"2025-10-24T19:56:00","modified_gmt":"2025-10-24T22:56:00","slug":"previsao-do-tempo-sabado-25-de-poucas-nuvens-no-nordeste","status":"publish","type":"post","link":"https:\/\/noticiasdestaque.com.br\/index.php\/2025\/10\/24\/previsao-do-tempo-sabado-25-de-poucas-nuvens-no-nordeste\/","title":{"rendered":"PREVIS\u00c3O DO TEMPO: s\u00e1bado (25) de poucas nuvens no Nordeste"},"content":{"rendered":"<p>\t\t\t\t\t\t\t\t\t\t<audio controls class=\"b61_audio_player\" data-noticia=\"85437\" src=\"https:\/\/brasil61.com\/rails\/active_storage\/blobs\/eyJfcmFpbHMiOnsibWVzc2FnZSI6IkJBaHBBNE95QXc9PSIsImV4cCI6bnVsbCwicHVyIjoiYmxvYl9pZCJ9fQ==--dc37446e53f57c200f36327852834dd61b745922\/PTND254842A\"><\/audio><\/p>\n<p>A <strong>previs\u00e3o do tempo para a Regi\u00e3o Nordeste<\/strong> do pa\u00eds, neste <strong>s\u00e1bado (25)<\/strong>, indica c\u00e9u com muitas nuvens e chuvas isoladas.<\/p>\n<p>O <strong>Instituto Nacional de Meteorologia (Inmet) emitiu v\u00e1rios alertas para a regi\u00e3o<\/strong>. O <strong>alerta para perigo potencial de baixa umidade<\/strong>\u00a0atinge boa parte do Piau\u00ed, Cear\u00e1, o oeste do Rio Grande do Norte e da Para\u00edba e o extremo oeste da Bahia, como em Xique-Xique. H\u00e1 tamb\u00e9m <strong>perigo potencial de acumulado de chuva<\/strong>\u00a0em todo sul baiano, nas cidades de Itabuna e Porto Seguro.\u00a0\u00a0<\/p>\n<p>Na Bahia, o tempo \u00e9 de poucas e muitas nuvens ao longo do dia no interior do estado, com chuvas e pancadas isoladas desde o centro sul ao nordeste baiano, como tamb\u00e9m na costa baiana. A capital, Salvador, passa o dia com o c\u00e9u nublado com chuvas. \u00c0 noite, a condi\u00e7\u00e3o se repete.<\/p>\n<p>O dia e a noite nos estados do Rio Grande do Norte, Para\u00edba e Pernambuco\u00a0\u00e9 de c\u00e9u com poucas e muitas nuvens, como tamb\u00e9m nas capitais. Em Alagoas e em Sergipe, a manh\u00e3 \u00e9 marcada pela possibilidade de chuvas isoladas no litoral, que segue at\u00e9 o per\u00edodo da noite, enquanto o interior dos estados segue\u00a0com muitas nuvens.\u00a0\u00a0<\/p>\n<p>O c\u00e9u no Maranh\u00e3o, Piau\u00ed e no Cear\u00e1 \u00e9 de poucas nuvens ao longo de todo dia e noite, enquanto, no litoral oeste maranhense, como na capital S\u00e3o Lu\u00eds, a estimativa \u00e9 de muitas nuvens.<\/p>\n<p>Entre as capitais, a temperatura <strong>m\u00ednima prevista \u00e9 de 21\u00b0C em Salvador<\/strong>. J\u00e1 a <strong>m\u00e1xima pode chegar at\u00e9 38\u00b0C em Teresina<\/strong>. A umidade relativa do ar varia entre <strong>30% e 100%<\/strong>.<\/p>\n<h2>5 motivos para acompanhar as previs\u00f5es do tempo<\/h2>\n<ul>\n<li>Agricultura: garantia de uma boa colheita;<\/li>\n<li>Marinha: prote\u00e7\u00e3o de marinheiros, navios e passageiros;<\/li>\n<li>Aeron\u00e1utica: seguran\u00e7a de pilotos, aeronaves e passageiros;<\/li>\n<li>Pesca: condi\u00e7\u00f5es favor\u00e1veis e seguras para a atividade;<\/li>\n<li>Turismo: garantia de passeios e viagens tranquilas e agrad\u00e1veis.<\/li>\n<\/ul>\n<h2>Import\u00e2ncia das observa\u00e7\u00f5es meteorol\u00f3gicas no INMET<\/h2>\n<p>As observa\u00e7\u00f5es meteorol\u00f3gicas do INMET s\u00e3o essenciais para previs\u00f5es em tempo real, estat\u00edsticas clim\u00e1ticas e coopera\u00e7\u00e3o internacional. Esses dados precisos ajudam a estudar o clima passado e a produzir Normais Climatol\u00f3gicas conforme a Organiza\u00e7\u00e3o Meteorol\u00f3gica Mundial (<a href=\"https:\/\/worldweather.wmo.int\/pt\/home.html\">OMM<\/a>).<\/p>\n<p>As informa\u00e7\u00f5es s\u00e3o do Instituto Nacional de Meteorologia (<a href=\"https:\/\/portal.inmet.gov.br\/\">Inmet<\/a>).<\/p>\n<p>\t\t\t\t\t\t\t\t\t<img loading=\"lazy\" decoding=\"async\" src=\"https:\/\/brasil61.com\/api\/v1\/serve_pixel\/17677\/85437\" alt=\"Pixel Brasil 61\" class=\"b61_pixel\" width=\"0\" height=\"0\"><\/p>\n<input type=\"hidden\" id=\"baseurl\" value=\"https:\/\/noticiasdestaque.com.br\"><input type=\"hidden\" id=\"audio_nonce\" value=\"6f73a554f1\">","protected":false},"excerpt":{"rendered":"<p>Inmet alerta para perigo potencial de baixa umidade e acumulado de chuva na Bahia; temperaturas variam entre 21\u00b0C e 38\u00b0C<\/p>\n","protected":false},"author":1,"featured_media":46980,"comment_status":"open","ping_status":"open","sticky":false,"template":"","format":"standard","meta":{"fifu_image_url":"","fifu_image_alt":"","footnotes":""},"categories":[58],"tags":[],"class_list":["post-46979","post","type-post","status-publish","format-standard","has-post-thumbnail","hentry","category-cotidiano"],"distributor_meta":false,"distributor_terms":false,"distributor_media":false,"distributor_original_site_name":"Noticias em Destaque","distributor_original_site_url":"https:\/\/noticiasdestaque.com.br","push-errors":false,"_links":{"self":[{"href":"https:\/\/noticiasdestaque.com.br\/index.php\/wp-json\/wp\/v2\/posts\/46979","targetHints":{"allow":["GET"]}}],"collection":[{"href":"https:\/\/noticiasdestaque.com.br\/index.php\/wp-json\/wp\/v2\/posts"}],"about":[{"href":"https:\/\/noticiasdestaque.com.br\/index.php\/wp-json\/wp\/v2\/types\/post"}],"author":[{"embeddable":true,"href":"https:\/\/noticiasdestaque.com.br\/index.php\/wp-json\/wp\/v2\/users\/1"}],"replies":[{"embeddable":true,"href":"https:\/\/noticiasdestaque.com.br\/index.php\/wp-json\/wp\/v2\/comments?post=46979"}],"version-history":[{"count":0,"href":"https:\/\/noticiasdestaque.com.br\/index.php\/wp-json\/wp\/v2\/posts\/46979\/revisions"}],"wp:featuredmedia":[{"embeddable":true,"href":"https:\/\/noticiasdestaque.com.br\/index.php\/wp-json\/wp\/v2\/media\/46980"}],"wp:attachment":[{"href":"https:\/\/noticiasdestaque.com.br\/index.php\/wp-json\/wp\/v2\/media?parent=46979"}],"wp:term":[{"taxonomy":"category","embeddable":true,"href":"https:\/\/noticiasdestaque.com.br\/index.php\/wp-json\/wp\/v2\/categories?post=46979"},{"taxonomy":"post_tag","embeddable":true,"href":"https:\/\/noticiasdestaque.com.br\/index.php\/wp-json\/wp\/v2\/tags?post=46979"}],"curies":[{"name":"wp","href":"https:\/\/api.w.org\/{rel}","templated":true}]}}