{"id":46975,"date":"2025-10-24T04:55:00","date_gmt":"2025-10-24T07:55:00","guid":{"rendered":"https:\/\/noticiasdestaque.com.br\/index.php\/2025\/10\/24\/pai-do-simples-fala-sobre-criacao-e-desafios-atuais-do-sistema-que-revolucionou-o-empreendedorismo-no-brasil\/"},"modified":"2025-10-24T04:55:00","modified_gmt":"2025-10-24T07:55:00","slug":"pai-do-simples-fala-sobre-criacao-e-desafios-atuais-do-sistema-que-revolucionou-o-empreendedorismo-no-brasil","status":"publish","type":"post","link":"https:\/\/noticiasdestaque.com.br\/index.php\/2025\/10\/24\/pai-do-simples-fala-sobre-criacao-e-desafios-atuais-do-sistema-que-revolucionou-o-empreendedorismo-no-brasil\/","title":{"rendered":"\u201cPai do Simples\u201d fala sobre cria\u00e7\u00e3o e desafios atuais do sistema que revolucionou o empreendedorismo no Brasil"},"content":{"rendered":"<p>\t\t\t\t\t\t\t\t\t\t<audio controls class=\"b61_audio_player\" data-noticia=\"85423\" src=\"https:\/\/brasil61.com\/rails\/active_storage\/blobs\/eyJfcmFpbHMiOnsibWVzc2FnZSI6IkJBaHBBeHF5QXc9PSIsImV4cCI6bnVsbCwicHVyIjoiYmxvYl9pZCJ9fQ==--cae2830d8608767d8afc4e3ae5fe12ce84aa08d3\/CACB250075A\"><\/audio><\/p>\n<p>O Simples Nacional, sistema que unificou tributos e tornou a formaliza\u00e7\u00e3o poss\u00edvel para milh\u00f5es de empreendedores, nasceu de um ideal: dar voz e f\u00f4lego \u00e0 maioria das empresas brasileiras \u2014 as micro e pequenas \u2014 que viviam \u00e0 margem das pol\u00edticas p\u00fablicas.<\/p>\n<p>Foi essa vis\u00e3o que inspirou Guilherme Afif Domingos, conhecido como o pai do Simples, a iniciar, ainda nos anos 1980, uma mobiliza\u00e7\u00e3o em defesa dos pequenos neg\u00f3cios. \u201cNa \u00e9poca do milagre econ\u00f4mico s\u00f3 se falava em grandes empresas, fus\u00f5es e incorpora\u00e7\u00f5es. A pequena empresa n\u00e3o existia no mapa das pol\u00edticas p\u00fablicas\u201d, relembra Afif, hoje presidente em\u00e9rito da <a href=\"https:\/\/cacb.org.br\/\">Confedera\u00e7\u00e3o das Associa\u00e7\u00f5es Comerciais e Empresariais do Brasil (CACB<\/a>).<\/p>\n<h2>Da Constituinte \u00e0 cria\u00e7\u00e3o do Simples<\/h2>\n<p>O movimento ganhou corpo com o 1\u00ba Congresso Nacional das Micro e Pequenas Empresas, realizado em S\u00e3o Paulo, e com a cria\u00e7\u00e3o do <a href=\"https:\/\/sebrae.com.br\/sites\/PortalSebrae\/\">Servi\u00e7o Brasileiro de Apoio \u00e0s Micro e Pequenas Empresas (Sebrae)<\/a>, que nasceu para oferecer apoio t\u00e9cnico e gerencial aos pequenos empreendedores.<\/p>\n<p>\u00a0Mas o grande salto viria com a Assembleia Constituinte de 1988, quando Afif foi eleito deputado federal com a bandeira de incluir na Constitui\u00e7\u00e3o o tratamento diferenciado \u00e0s micro e pequenas empresas. \u201cOs desiguais precisam ser tratados desigualmente, de acordo com suas desigualdades. E no Brasil trat\u00e1vamos igualmente os desiguais\u201d, resume.<\/p>\n<p>\u00a0A partir da\u00ed, o princ\u00edpio se transformou em pol\u00edtica p\u00fablica. Em 1994, foi criado o Simples Federal, e, mais tarde, em 2006, o Simples Nacional passou a integrar tributos federais, estaduais e municipais. A medida representou um marco na desburocratiza\u00e7\u00e3o e na formaliza\u00e7\u00e3o de empresas.<\/p>\n<p>\u00a0No in\u00edcio, a ades\u00e3o foi de cerca de 1 milh\u00e3o de neg\u00f3cios. Hoje, s\u00e3o mais de 23 milh\u00f5es de micro e pequenas empresas enquadradas \u2014 respons\u00e1veis por mais da metade dos empregos formais do pa\u00eds e por uma fatia cada vez mais relevante da economia brasileira.<\/p>\n<h2>Um sistema em risco: a luta pela atualiza\u00e7\u00e3o<\/h2>\n<p>Apesar dos avan\u00e7os, Afif alerta que o Simples Nacional vive um momento de tens\u00e3o. O sistema est\u00e1 h\u00e1 sete anos sem atualiza\u00e7\u00e3o dos limites de faturamento, o que tem empurrado milhares de empreendedores para fora do regime. \u201cQuem sai do Simples acaba morrendo afogado\u201d, afirma.<\/p>\n<p>A proposta defendida por entidades do setor produtivo, como a CACB, prev\u00ea uma corre\u00e7\u00e3o de 83,03% nos limites, acompanhando a infla\u00e7\u00e3o acumulada desde 2018.<\/p>\n<p>Se aprovada, o teto do Microempreendedor Individual (MEI) subiria de R$ 81 mil para R$ 144,9 mil; o da microempresa, de R$ 360 mil para R$ 869,4 mil; e o da empresa de pequeno porte, de R$ 4,8 milh\u00f5es para R$ 8,69 milh\u00f5es.<\/p>\n<p>De acordo com c\u00e1lculos do setor produtivo, a atualiza\u00e7\u00e3o poderia gerar mais de 869 mil empregos e movimentar R$ 81,2 bilh\u00f5es na economia. Atualmente, a arrecada\u00e7\u00e3o do Simples Nacional corresponde a apenas 5% da receita da Uni\u00e3o, o que demonstra que o impacto fiscal \u00e9 pequeno diante dos benef\u00edcios sociais e econ\u00f4micos do regime.<\/p>\n<h2>\u201cQuest\u00e3o de justi\u00e7a tribut\u00e1ria\u201d<\/h2>\n<p>O tema segue em pauta, no Legislativo. Durante audi\u00eancia p\u00fablica na C\u00e2mara dos Deputados, lideran\u00e7as empresariais e parlamentares cobraram urg\u00eancia na atualiza\u00e7\u00e3o da tabela.<\/p>\n<p>\u00a0O presidente da CACB, Alfredo Cotait Neto, foi enf\u00e1tico ao classificar a corre\u00e7\u00e3o como \u201cuma quest\u00e3o de justi\u00e7a tribut\u00e1ria\u201d. Ele criticou o congelamento dos limites, que acaba for\u00e7ando empresas em crescimento a deixar o regime simplificado sem terem, de fato, se expandido.<\/p>\n<p>\u00a0\u201cNo Brasil, tudo tem corre\u00e7\u00e3o. Se atraso o pagamento de um imposto, a corre\u00e7\u00e3o chega a 20, 30, 40 por cento. A \u00fanica coisa que n\u00e3o corrige \u00e9 a tabela do Simples Nacional. Mas por que n\u00e3o corrige? Qual \u00e9 a raz\u00e3o? Exatamente por causa dessa press\u00e3o para acabar com o Simples Nacional\u201d, afirmou Cotait.<\/p>\n<p>\u00a0Afif concorda e refor\u00e7a que a luta precisa continuar. Segundo ele, o setor de servi\u00e7os e com\u00e9rcio, que mais emprega no pa\u00eds, pode ser fortemente impactado pela reforma tribut\u00e1ria aprovada no Congresso, caso n\u00e3o sejam garantidas salvaguardas para os pequenos. \u201cEst\u00e3o adorando a forma e esquecendo o conte\u00fado. A proposta vai penalizar quem mais gera empregos\u201d, alerta.<\/p>\n<h2>Mobiliza\u00e7\u00e3o permanente<\/h2>\n<p>Para Afif, a defesa do Simples depende de organiza\u00e7\u00e3o e vigil\u00e2ncia constante. \u201cO pre\u00e7o da liberdade \u00e9 a eterna vigil\u00e2ncia\u201d, diz ele, lembrando que, historicamente, cada avan\u00e7o do sistema foi conquistado com ampla mobiliza\u00e7\u00e3o empresarial e pol\u00edtica.<\/p>\n<p>\u00a0\u201cN\u00e3o \u00e9 lobby, \u00e9 reivindica\u00e7\u00e3o justa pelo servi\u00e7o que prestamos ao pa\u00eds\u201d, resume Afif, em tom firme, mas otimista.<\/p>\n<p>\u00a0Mais de quatro d\u00e9cadas ap\u00f3s o in\u00edcio de sua trajet\u00f3ria, o criador do Simples Nacional segue no front, defendendo o mesmo ideal que o moveu no in\u00edcio dos anos 1980: dar dignidade, voz e oportunidade a quem come\u00e7a pequeno \u2014 mas sonha grande.<\/p>\n<p>\t\t\t\t\t\t\t\t\t<img loading=\"lazy\" decoding=\"async\" src=\"https:\/\/brasil61.com\/api\/v1\/serve_pixel\/17677\/85423\" alt=\"Pixel Brasil 61\" class=\"b61_pixel\" width=\"0\" height=\"0\"><\/p>\n<input type=\"hidden\" id=\"baseurl\" value=\"https:\/\/noticiasdestaque.com.br\"><input type=\"hidden\" id=\"audio_nonce\" value=\"6f73a554f1\">","protected":false},"excerpt":{"rendered":"<p> Presidente em\u00e9rito da Confedera\u00e7\u00e3o das Associa\u00e7\u00f5es Comerciais e Empresariais do Brasil (CACB), Guilherme Afif Domingos relembra a origem do Simples Nacional, defende a atualiza\u00e7\u00e3o dos limites de faturamento e alerta: \u201cO pre\u00e7o da liberdade \u00e9 a eterna vigil\u00e2ncia\u201d<\/p>\n","protected":false},"author":1,"featured_media":46976,"comment_status":"open","ping_status":"open","sticky":false,"template":"","format":"standard","meta":{"fifu_image_url":"","fifu_image_alt":"","footnotes":""},"categories":[59],"tags":[],"class_list":["post-46975","post","type-post","status-publish","format-standard","has-post-thumbnail","hentry","category-economia"],"distributor_meta":false,"distributor_terms":false,"distributor_media":false,"distributor_original_site_name":"Noticias em Destaque","distributor_original_site_url":"https:\/\/noticiasdestaque.com.br","push-errors":false,"_links":{"self":[{"href":"https:\/\/noticiasdestaque.com.br\/index.php\/wp-json\/wp\/v2\/posts\/46975","targetHints":{"allow":["GET"]}}],"collection":[{"href":"https:\/\/noticiasdestaque.com.br\/index.php\/wp-json\/wp\/v2\/posts"}],"about":[{"href":"https:\/\/noticiasdestaque.com.br\/index.php\/wp-json\/wp\/v2\/types\/post"}],"author":[{"embeddable":true,"href":"https:\/\/noticiasdestaque.com.br\/index.php\/wp-json\/wp\/v2\/users\/1"}],"replies":[{"embeddable":true,"href":"https:\/\/noticiasdestaque.com.br\/index.php\/wp-json\/wp\/v2\/comments?post=46975"}],"version-history":[{"count":0,"href":"https:\/\/noticiasdestaque.com.br\/index.php\/wp-json\/wp\/v2\/posts\/46975\/revisions"}],"wp:featuredmedia":[{"embeddable":true,"href":"https:\/\/noticiasdestaque.com.br\/index.php\/wp-json\/wp\/v2\/media\/46976"}],"wp:attachment":[{"href":"https:\/\/noticiasdestaque.com.br\/index.php\/wp-json\/wp\/v2\/media?parent=46975"}],"wp:term":[{"taxonomy":"category","embeddable":true,"href":"https:\/\/noticiasdestaque.com.br\/index.php\/wp-json\/wp\/v2\/categories?post=46975"},{"taxonomy":"post_tag","embeddable":true,"href":"https:\/\/noticiasdestaque.com.br\/index.php\/wp-json\/wp\/v2\/tags?post=46975"}],"curies":[{"name":"wp","href":"https:\/\/api.w.org\/{rel}","templated":true}]}}