{"id":46971,"date":"2025-10-24T04:05:00","date_gmt":"2025-10-24T07:05:00","guid":{"rendered":"https:\/\/noticiasdestaque.com.br\/index.php\/2025\/10\/24\/camara-aprova-politica-nacional-de-linguagem-simples-para-orgaos-publicos\/"},"modified":"2025-10-24T04:05:00","modified_gmt":"2025-10-24T07:05:00","slug":"camara-aprova-politica-nacional-de-linguagem-simples-para-orgaos-publicos","status":"publish","type":"post","link":"https:\/\/noticiasdestaque.com.br\/index.php\/2025\/10\/24\/camara-aprova-politica-nacional-de-linguagem-simples-para-orgaos-publicos\/","title":{"rendered":"C\u00e2mara aprova pol\u00edtica nacional de linguagem simples para \u00f3rg\u00e3os p\u00fablicos"},"content":{"rendered":"<p>\t\t\t\t\t\t\t\t\t\t<audio controls class=\"b61_audio_player\" data-noticia=\"85420\" src=\"https:\/\/brasil61.com\/rails\/active_storage\/blobs\/eyJfcmFpbHMiOnsibWVzc2FnZSI6IkJBaHBBeEN5QXc9PSIsImV4cCI6bnVsbCwicHVyIjoiYmxvYl9pZCJ9fQ==--281bb8578f08a48864ece0eeb56236fefa0d5671\/BRAS2514996A\"><\/audio><\/p>\n<p>A <strong>C\u00e2mara dos Deputados aprovou<\/strong>, na ter\u00e7a-feira (21), as emendas do Senado ao <a href=\"https:\/\/www.camara.leg.br\/noticias\/1214375-camara-aprova-projeto-que-exige-uso-de-linguagem-simples-na-comunicacao-de-orgaos-publicos\/\" target=\"_blank\">Projeto de Lei<\/a> que cria a <strong>Pol\u00edtica Nacional de Linguagem Simples<\/strong>. A proposta, de <strong>autoria da deputada Erika Kokay (PT-DF)<\/strong> e relatada por L\u00eddice da Mata (PSB-BA), determina que <strong>\u00f3rg\u00e3os p\u00fablicos<\/strong> de todos os poderes e esferas federativas <strong>adotem t\u00e9cnicas para tornar seus textos e comunica\u00e7\u00f5es mais claros e compreens\u00edveis<\/strong>. O texto segue agora para san\u00e7\u00e3o presidencial.<\/p>\n<p>Segundo o projeto, cada \u00f3rg\u00e3o p\u00fablico dever\u00e1 designar um servidor respons\u00e1vel por supervisionar o uso da linguagem simples, treinar equipes e garantir a aplica\u00e7\u00e3o da nova pol\u00edtica. Esse servidor tamb\u00e9m dever\u00e1 ter seus contatos divulgados, preferencialmente nos sites institucionais. Uma das mudan\u00e7as aprovadas pelos senadores retirou a isen\u00e7\u00e3o para munic\u00edpios com menos de 50 mil habitantes.<\/p>\n<p>A linguagem simples \u00e9 definida como o <strong>conjunto de t\u00e9cnicas que tornam as informa\u00e7\u00f5es p\u00fablicas f\u00e1ceis de localizar, entender e utilizar<\/strong>.<\/p>\n<h2>Principais objetivos<\/h2>\n<ul>\n<li>reduzir a necessidade de intermedi\u00e1rios nas comunica\u00e7\u00f5es entre governo e cidad\u00e3o;<\/li>\n<li>ampliar a transpar\u00eancia e o controle social;<\/li>\n<li>facilitar o acesso de pessoas com defici\u00eancia \u00e0 informa\u00e7\u00e3o p\u00fablica;<\/li>\n<li>diminuir custos e tempo de atendimento<\/li>\n<\/ul>\n<h2>T\u00e9cnicas que a administra\u00e7\u00e3o p\u00fablica dever\u00e1 aplicar:<\/h2>\n<ul>\n<li>redigir frases curtas e em ordem direta;<\/li>\n<li>colocar as informa\u00e7\u00f5es mais importantes no in\u00edcio do texto;<\/li>\n<li>explicar termos t\u00e9cnicos e jarg\u00f5es;<\/li>\n<li>usar linguagem acess\u00edvel e inclusiva;<\/li>\n<li>testar as mensagens com o p\u00fablico-alvo.<\/li>\n<\/ul>\n<p>O projeto tamb\u00e9m veda o uso de novas formas de flex\u00e3o de g\u00eanero, como \u201ctodes\u201d, e refor\u00e7a que o objetivo \u00e9 simplificar a comunica\u00e7\u00e3o, n\u00e3o discutir linguagem neutra. \u201cQuando o Estado fala de forma compreens\u00edvel, fortalece a democracia e o controle social\u201d, afirmou a autora, deputada Erika Kokay.<\/p>\n<p>Saiba mais sobre a <strong><a href=\"https:\/\/www.camara.leg.br\/noticias\/573454-SAIBA-MAIS-SOBRE-A-TRAMITACAO-DE-PROJETOS-DE-LEI\" target=\"_blank\">tramita\u00e7\u00e3o de projetos de lei<\/a><\/strong>.<\/p>\n<p>\u00a0<\/p>\n<p>\t\t\t\t\t\t\t\t\t<img loading=\"lazy\" decoding=\"async\" src=\"https:\/\/brasil61.com\/api\/v1\/serve_pixel\/17677\/85420\" alt=\"Pixel Brasil 61\" class=\"b61_pixel\" width=\"0\" height=\"0\"><\/p>\n<input type=\"hidden\" id=\"baseurl\" value=\"https:\/\/noticiasdestaque.com.br\"><input type=\"hidden\" id=\"audio_nonce\" value=\"6f73a554f1\">","protected":false},"excerpt":{"rendered":"<p>Texto segue para san\u00e7\u00e3o presidencial e obriga Uni\u00e3o, estados e munic\u00edpios a adotarem comunica\u00e7\u00f5es claras e acess\u00edveis \u00e0 popula\u00e7\u00e3o<\/p>\n","protected":false},"author":1,"featured_media":46972,"comment_status":"open","ping_status":"open","sticky":false,"template":"","format":"standard","meta":{"fifu_image_url":"","fifu_image_alt":"","footnotes":""},"categories":[48],"tags":[],"class_list":["post-46971","post","type-post","status-publish","format-standard","has-post-thumbnail","hentry","category-mundo"],"distributor_meta":false,"distributor_terms":false,"distributor_media":false,"distributor_original_site_name":"Noticias em Destaque","distributor_original_site_url":"https:\/\/noticiasdestaque.com.br","push-errors":false,"_links":{"self":[{"href":"https:\/\/noticiasdestaque.com.br\/index.php\/wp-json\/wp\/v2\/posts\/46971","targetHints":{"allow":["GET"]}}],"collection":[{"href":"https:\/\/noticiasdestaque.com.br\/index.php\/wp-json\/wp\/v2\/posts"}],"about":[{"href":"https:\/\/noticiasdestaque.com.br\/index.php\/wp-json\/wp\/v2\/types\/post"}],"author":[{"embeddable":true,"href":"https:\/\/noticiasdestaque.com.br\/index.php\/wp-json\/wp\/v2\/users\/1"}],"replies":[{"embeddable":true,"href":"https:\/\/noticiasdestaque.com.br\/index.php\/wp-json\/wp\/v2\/comments?post=46971"}],"version-history":[{"count":0,"href":"https:\/\/noticiasdestaque.com.br\/index.php\/wp-json\/wp\/v2\/posts\/46971\/revisions"}],"wp:featuredmedia":[{"embeddable":true,"href":"https:\/\/noticiasdestaque.com.br\/index.php\/wp-json\/wp\/v2\/media\/46972"}],"wp:attachment":[{"href":"https:\/\/noticiasdestaque.com.br\/index.php\/wp-json\/wp\/v2\/media?parent=46971"}],"wp:term":[{"taxonomy":"category","embeddable":true,"href":"https:\/\/noticiasdestaque.com.br\/index.php\/wp-json\/wp\/v2\/categories?post=46971"},{"taxonomy":"post_tag","embeddable":true,"href":"https:\/\/noticiasdestaque.com.br\/index.php\/wp-json\/wp\/v2\/tags?post=46971"}],"curies":[{"name":"wp","href":"https:\/\/api.w.org\/{rel}","templated":true}]}}