{"id":46955,"date":"2025-10-23T20:50:00","date_gmt":"2025-10-23T23:50:00","guid":{"rendered":"https:\/\/noticiasdestaque.com.br\/index.php\/2025\/10\/23\/previsao-do-tempo-sexta-feira-24-com-nuvens-e-chuvas-isoladas-no-sudeste\/"},"modified":"2025-10-23T20:50:00","modified_gmt":"2025-10-23T23:50:00","slug":"previsao-do-tempo-sexta-feira-24-com-nuvens-e-chuvas-isoladas-no-sudeste","status":"publish","type":"post","link":"https:\/\/noticiasdestaque.com.br\/index.php\/2025\/10\/23\/previsao-do-tempo-sexta-feira-24-com-nuvens-e-chuvas-isoladas-no-sudeste\/","title":{"rendered":"PREVIS\u00c3O DO TEMPO: sexta-feira (24)  com nuvens e chuvas isoladas no Sudeste"},"content":{"rendered":"<p>\t\t\t\t\t\t\t\t\t\t<audio controls class=\"b61_audio_player\" data-noticia=\"85414\" src=\"https:\/\/brasil61.com\/rails\/active_storage\/blobs\/eyJfcmFpbHMiOnsibWVzc2FnZSI6IkJBaHBBeGl5QXc9PSIsImV4cCI6bnVsbCwicHVyIjoiYmxvYl9pZCJ9fQ==--4049b0a223ef60e604c82174637d89f2e749c420\/PTSD254230A\"><\/audio><\/p>\n<p>A <strong>previs\u00e3o do tempo para a regi\u00e3o Sudeste<\/strong> do pa\u00eds, nesta <strong>sexta-feira (24)<\/strong>, \u00e9 de c\u00e9u com nuvens e chuvas isoladas.<\/p>\n<p>O <strong>Instituto Nacional de Meteorologia (Inmet) alerta sobre perigo potencial de baixa umidade<\/strong> no norte de <strong>S\u00e3o Paulo<\/strong>, em S\u00e3o Jos\u00e9 do Rio Preto e Campinas, e parte de <strong>Minas Gerais<\/strong>, desde o tri\u00e2ngulo mineiro at\u00e9 o centro sul do estado, atingindo a capital, Belo Horizonte.<\/p>\n<p>De manh\u00e3, predominam poucas e muitas nuvens nos estados de Minas Gerais, S\u00e3o Paulo, Rio de Janeiro e no Esp\u00edrito Santo. O dia come\u00e7a com possibilidade de chuvas isoladas ao nordeste do territ\u00f3rio mineiro, como em Salinas, e em quase todo territ\u00f3rio capixaba. Em quase todo Rio de Janeiro, no litoral paulista e da Zona da Mata at\u00e9 o sul de Minas, a previs\u00e3o \u00e9 de n\u00e9voa \u00famida.<\/p>\n<p>\u00c0 tarde, segue dominante o c\u00e9u com poucas nuvens em S\u00e3o Paulo, Rio de Janeiro e em Minas Gerais. As chuvas isoladas se concentram nas mesmas regi\u00f5es mineira e capixaba, bem como na capital Vit\u00f3ria.\u00a0<\/p>\n<p>A noite \u00e9 marcada pelas mesmas condi\u00e7\u00f5es da tarde.<\/p>\n<p>Entre as capitais, a temperatura <strong>m\u00ednima prevista \u00e9 de 12\u00b0C em Belo Horizonte<\/strong>. J\u00e1 a <strong>m\u00e1xima pode chegar at\u00e9 27\u00b0C, em S\u00e3o Paulo e tamb\u00e9m em Belo Horizonte<\/strong>. A umidade relativa do ar varia entre <strong>20% e 95%<\/strong>.<\/p>\n<h2>5 motivos para acompanhar as previs\u00f5es do tempo<\/h2>\n<ul>\n<li>Agricultura: garantia de uma boa colheita;<\/li>\n<li>Marinha: prote\u00e7\u00e3o de marinheiros, navios e passageiros;<\/li>\n<li>Aeron\u00e1utica: seguran\u00e7a de pilotos, aeronaves e passageiros;<\/li>\n<li>Pesca: condi\u00e7\u00f5es favor\u00e1veis e seguras para a atividade;<\/li>\n<li>Turismo: garantia de passeios e viagens tranquilas e agrad\u00e1veis.<\/li>\n<\/ul>\n<h2>Import\u00e2ncia das observa\u00e7\u00f5es meteorol\u00f3gicas no INMET<\/h2>\n<p>As observa\u00e7\u00f5es meteorol\u00f3gicas do INMET s\u00e3o essenciais para previs\u00f5es em tempo real, estat\u00edsticas clim\u00e1ticas e coopera\u00e7\u00e3o internacional. Esses dados precisos ajudam a estudar o clima passado e a produzir Normais Climatol\u00f3gicas conforme a Organiza\u00e7\u00e3o Meteorol\u00f3gica Mundial (<a href=\"https:\/\/worldweather.wmo.int\/pt\/home.html\">OMM<\/a>).<\/p>\n<p>As informa\u00e7\u00f5es s\u00e3o do Instituto Nacional de Meteorologia (<a href=\"https:\/\/portal.inmet.gov.br\/\">Inmet<\/a>).<\/p>\n<p>\u00a0<\/p>\n<p>\t\t\t\t\t\t\t\t\t<img loading=\"lazy\" decoding=\"async\" src=\"https:\/\/brasil61.com\/api\/v1\/serve_pixel\/17677\/85414\" alt=\"Pixel Brasil 61\" class=\"b61_pixel\" width=\"0\" height=\"0\"><\/p>\n<input type=\"hidden\" id=\"baseurl\" value=\"https:\/\/noticiasdestaque.com.br\"><input type=\"hidden\" id=\"audio_nonce\" value=\"6f73a554f1\">","protected":false},"excerpt":{"rendered":"<p>Inmet alerta para perigo potencial de baixa umidade em SP e MG; temperaturas variam entre 12\u00b0C e 27\u00b0C<\/p>\n","protected":false},"author":1,"featured_media":46956,"comment_status":"open","ping_status":"open","sticky":false,"template":"","format":"standard","meta":{"fifu_image_url":"","fifu_image_alt":"","footnotes":""},"categories":[58],"tags":[],"class_list":["post-46955","post","type-post","status-publish","format-standard","has-post-thumbnail","hentry","category-cotidiano"],"distributor_meta":false,"distributor_terms":false,"distributor_media":false,"distributor_original_site_name":"Noticias em Destaque","distributor_original_site_url":"https:\/\/noticiasdestaque.com.br","push-errors":false,"_links":{"self":[{"href":"https:\/\/noticiasdestaque.com.br\/index.php\/wp-json\/wp\/v2\/posts\/46955","targetHints":{"allow":["GET"]}}],"collection":[{"href":"https:\/\/noticiasdestaque.com.br\/index.php\/wp-json\/wp\/v2\/posts"}],"about":[{"href":"https:\/\/noticiasdestaque.com.br\/index.php\/wp-json\/wp\/v2\/types\/post"}],"author":[{"embeddable":true,"href":"https:\/\/noticiasdestaque.com.br\/index.php\/wp-json\/wp\/v2\/users\/1"}],"replies":[{"embeddable":true,"href":"https:\/\/noticiasdestaque.com.br\/index.php\/wp-json\/wp\/v2\/comments?post=46955"}],"version-history":[{"count":0,"href":"https:\/\/noticiasdestaque.com.br\/index.php\/wp-json\/wp\/v2\/posts\/46955\/revisions"}],"wp:featuredmedia":[{"embeddable":true,"href":"https:\/\/noticiasdestaque.com.br\/index.php\/wp-json\/wp\/v2\/media\/46956"}],"wp:attachment":[{"href":"https:\/\/noticiasdestaque.com.br\/index.php\/wp-json\/wp\/v2\/media?parent=46955"}],"wp:term":[{"taxonomy":"category","embeddable":true,"href":"https:\/\/noticiasdestaque.com.br\/index.php\/wp-json\/wp\/v2\/categories?post=46955"},{"taxonomy":"post_tag","embeddable":true,"href":"https:\/\/noticiasdestaque.com.br\/index.php\/wp-json\/wp\/v2\/tags?post=46955"}],"curies":[{"name":"wp","href":"https:\/\/api.w.org\/{rel}","templated":true}]}}