{"id":46953,"date":"2025-10-23T20:45:00","date_gmt":"2025-10-23T23:45:00","guid":{"rendered":"https:\/\/noticiasdestaque.com.br\/index.php\/2025\/10\/23\/previsao-do-tempo-sexta-feira-24-com-pancadas-isoladas-no-norte\/"},"modified":"2025-10-23T20:45:00","modified_gmt":"2025-10-23T23:45:00","slug":"previsao-do-tempo-sexta-feira-24-com-pancadas-isoladas-no-norte","status":"publish","type":"post","link":"https:\/\/noticiasdestaque.com.br\/index.php\/2025\/10\/23\/previsao-do-tempo-sexta-feira-24-com-pancadas-isoladas-no-norte\/","title":{"rendered":"PREVIS\u00c3O DO TEMPO: sexta-feira (24) com pancadas isoladas no Norte"},"content":{"rendered":"<p>\t\t\t\t\t\t\t\t\t\t<audio controls class=\"b61_audio_player\" data-noticia=\"85415\" src=\"https:\/\/brasil61.com\/rails\/active_storage\/blobs\/eyJfcmFpbHMiOnsibWVzc2FnZSI6IkJBaHBBeGV5QXc9PSIsImV4cCI6bnVsbCwicHVyIjoiYmxvYl9pZCJ9fQ==--6ed32dcf20456ae3527ac19c7173499473285098\/PTRN254591A\"><\/audio><\/p>\n<p>A <strong>previs\u00e3o do tempo para a Regi\u00e3o Norte<\/strong> do pa\u00eds, nesta <strong>sexta-feira (24)<\/strong>, indica pancadas de chuva isoladas.<\/p>\n<p>O <strong>Instituto Nacional de Meteorologia (Inmet) alerta para o perigo potencial de chuvas intensas<\/strong> no oeste do Amazonas e do Acre, como em Barcelos e Feij\u00f3, respectivamente, e em boa parte de Rond\u00f4nia. <strong>Aten\u00e7\u00e3o maior para o norte amazonense, nos munic\u00edpios de S\u00e3o Gabriel da Cachoeira e Juta\u00ed, em que o alerta \u00e9 de perigo de chuvas intensas.\u00a0<\/strong><\/p>\n<p>Toda a extens\u00e3o dos sete estados nortistas \u00e9 coberta por muitas nuvens. A manh\u00e3 \u00e9 marcada por pancadas de chuvas isoladas em todo territ\u00f3rio de Roraima, em grande parte de Rond\u00f4nia e no leste do Amazonas e Acre. Pancadas com trovoadas isoladas atingem o oeste do Acre e boa parte do Amazonas, como em Barcelos. O dia come\u00e7a com chuvas isoladas a oeste do Par\u00e1 e no restante do territ\u00f3rio rondonense.<\/p>\n<p>Durante a tarde, as pancadas isoladas avan\u00e7am e atingem o oeste paraense, como tamb\u00e9m Viseu, no litoral leste do Par\u00e1. O restante do Par\u00e1, o Amap\u00e1 e Tocantins seguem com muitas nuvens.<\/p>\n<p>\u00c0 noite, as pancadas persistem nas mesmas regi\u00f5es, enquanto chuvas isoladas cobrem o centro do Par\u00e1. As\u00a0pancadas de chuvas isoladas tamb\u00e9m afetam a capital Bel\u00e9m. O restante dos territ\u00f3rios segue com as mesmas condi\u00e7\u00f5es.<\/p>\n<p>Entre as capitais, a temperatura <strong>m\u00ednima prevista \u00e9 de 22\u00b0C, em Rio Branco<\/strong>. J\u00e1 a <strong>m\u00e1xima pode chegar at\u00e9 35\u00b0C, em Palmas e Porto Velho<\/strong>. A umidade relativa do ar varia entre <strong>30% e 100%<\/strong>.<\/p>\n<h2>5 motivos para acompanhar as previs\u00f5es do tempo<\/h2>\n<ul>\n<li>Agricultura: garantia de uma boa colheita;<\/li>\n<li>Marinha: prote\u00e7\u00e3o de marinheiros, navios e passageiros;<\/li>\n<li>Aeron\u00e1utica: seguran\u00e7a de pilotos, aeronaves e passageiros;<\/li>\n<li>Pesca: condi\u00e7\u00f5es favor\u00e1veis e seguras para a atividade;<\/li>\n<li>Turismo: garantia de passeios e viagens tranquilas e agrad\u00e1veis.<\/li>\n<\/ul>\n<h2>Import\u00e2ncia das observa\u00e7\u00f5es meteorol\u00f3gicas no INMET<\/h2>\n<p>As observa\u00e7\u00f5es meteorol\u00f3gicas do INMET s\u00e3o essenciais para previs\u00f5es em tempo real, estat\u00edsticas clim\u00e1ticas e coopera\u00e7\u00e3o internacional. Esses dados precisos ajudam a estudar o clima passado e a produzir Normais Climatol\u00f3gicas conforme a Organiza\u00e7\u00e3o Meteorol\u00f3gica Mundial (<a href=\"https:\/\/worldweather.wmo.int\/pt\/home.html\">OMM<\/a>).<\/p>\n<p>As informa\u00e7\u00f5es s\u00e3o do Instituto Nacional de Meteorologia (<a href=\"https:\/\/portal.inmet.gov.br\/\">Inmet<\/a>).<\/p>\n<p>\t\t\t\t\t\t\t\t\t<img loading=\"lazy\" decoding=\"async\" src=\"https:\/\/brasil61.com\/api\/v1\/serve_pixel\/17677\/85415\" alt=\"Pixel Brasil 61\" class=\"b61_pixel\" width=\"0\" height=\"0\"><\/p>\n<input type=\"hidden\" id=\"baseurl\" value=\"https:\/\/noticiasdestaque.com.br\"><input type=\"hidden\" id=\"audio_nonce\" value=\"6f73a554f1\">","protected":false},"excerpt":{"rendered":"<p>Inmet alerta para perigo potencial de chuvas intensas em AM, RO e AC; temperaturas variam entre 22\u00b0C e 35\u00b0C<\/p>\n","protected":false},"author":1,"featured_media":46954,"comment_status":"open","ping_status":"open","sticky":false,"template":"","format":"standard","meta":{"fifu_image_url":"","fifu_image_alt":"","footnotes":""},"categories":[58],"tags":[],"class_list":["post-46953","post","type-post","status-publish","format-standard","has-post-thumbnail","hentry","category-cotidiano"],"distributor_meta":false,"distributor_terms":false,"distributor_media":false,"distributor_original_site_name":"Noticias em Destaque","distributor_original_site_url":"https:\/\/noticiasdestaque.com.br","push-errors":false,"_links":{"self":[{"href":"https:\/\/noticiasdestaque.com.br\/index.php\/wp-json\/wp\/v2\/posts\/46953","targetHints":{"allow":["GET"]}}],"collection":[{"href":"https:\/\/noticiasdestaque.com.br\/index.php\/wp-json\/wp\/v2\/posts"}],"about":[{"href":"https:\/\/noticiasdestaque.com.br\/index.php\/wp-json\/wp\/v2\/types\/post"}],"author":[{"embeddable":true,"href":"https:\/\/noticiasdestaque.com.br\/index.php\/wp-json\/wp\/v2\/users\/1"}],"replies":[{"embeddable":true,"href":"https:\/\/noticiasdestaque.com.br\/index.php\/wp-json\/wp\/v2\/comments?post=46953"}],"version-history":[{"count":0,"href":"https:\/\/noticiasdestaque.com.br\/index.php\/wp-json\/wp\/v2\/posts\/46953\/revisions"}],"wp:featuredmedia":[{"embeddable":true,"href":"https:\/\/noticiasdestaque.com.br\/index.php\/wp-json\/wp\/v2\/media\/46954"}],"wp:attachment":[{"href":"https:\/\/noticiasdestaque.com.br\/index.php\/wp-json\/wp\/v2\/media?parent=46953"}],"wp:term":[{"taxonomy":"category","embeddable":true,"href":"https:\/\/noticiasdestaque.com.br\/index.php\/wp-json\/wp\/v2\/categories?post=46953"},{"taxonomy":"post_tag","embeddable":true,"href":"https:\/\/noticiasdestaque.com.br\/index.php\/wp-json\/wp\/v2\/tags?post=46953"}],"curies":[{"name":"wp","href":"https:\/\/api.w.org\/{rel}","templated":true}]}}