{"id":46951,"date":"2025-10-23T20:40:00","date_gmt":"2025-10-23T23:40:00","guid":{"rendered":"https:\/\/noticiasdestaque.com.br\/index.php\/2025\/10\/23\/previsao-do-tempo-sexta-feira-24-de-muitas-nuvens-e-chuvas-isoladas-no-nordeste\/"},"modified":"2025-10-23T20:40:00","modified_gmt":"2025-10-23T23:40:00","slug":"previsao-do-tempo-sexta-feira-24-de-muitas-nuvens-e-chuvas-isoladas-no-nordeste","status":"publish","type":"post","link":"https:\/\/noticiasdestaque.com.br\/index.php\/2025\/10\/23\/previsao-do-tempo-sexta-feira-24-de-muitas-nuvens-e-chuvas-isoladas-no-nordeste\/","title":{"rendered":"PREVIS\u00c3O DO TEMPO: sexta-feira (24) de muitas nuvens e chuvas isoladas no Nordeste"},"content":{"rendered":"<p>\t\t\t\t\t\t\t\t\t\t<audio controls class=\"b61_audio_player\" data-noticia=\"85416\" src=\"https:\/\/brasil61.com\/rails\/active_storage\/blobs\/eyJfcmFpbHMiOnsibWVzc2FnZSI6IkJBaHBBeGF5QXc9PSIsImV4cCI6bnVsbCwicHVyIjoiYmxvYl9pZCJ9fQ==--4586b6ece483ac70098759aa469408df8f0f1daf\/PTND254841A\"><\/audio><\/p>\n<p>A <strong>previs\u00e3o do tempo para a Regi\u00e3o Nordeste<\/strong> do pa\u00eds, nesta <strong>sexta-feira (24)<\/strong>, indica c\u00e9u com muitas nuvens e chuvas isoladas.<\/p>\n<p>O <strong>Instituto Nacional de Meteorologia (Inmet) emitiu v\u00e1rios alertas para a regi\u00e3o<\/strong>. O <strong>alerta para perigo potencial de ventos costeiros <\/strong>atinge o litoral leste do Maranh\u00e3o, toda costa do Piau\u00ed e Cear\u00e1 e o litoral norte do Rio Grande do Norte. <strong>H\u00e1 tamb\u00e9m perigo potencial de baixa umidade<\/strong> em quase todo Cear\u00e1, o centro norte piauiense, atingindo Itain\u00f3polis e Teresina, o extremo oeste potiguar e da Para\u00edba e alguns munic\u00edpios de Pernambuco, como Parnamirim.\u00a0\u00a0<\/p>\n<p>O <strong>Inmet adverte para perigo potencial de chuvas intensas<\/strong> nas regi\u00f5es sul a nordeste da Bahia, como em Prado, Feira de Santana e Queimadas, at\u00e9 o sul de Sergipe, na capital Aracaju. <strong>Aten\u00e7\u00e3o redobrada aos territ\u00f3rios do litoral norte baiano, em Conde e na Regi\u00e3o Metropolitana de Salvador, em que o alerta \u00e9 de perigo de acumulado de chuva. A mesma condi\u00e7\u00e3o se repete na costa entre os munic\u00edpios de Mara\u00fa e Belmonte.<\/strong>\u00a0<\/p>\n<p>Na Bahia, o tempo \u00e9 de muitas nuvens ao longo do dia no interior do estado, com chuvas e pancadas desde o centro sul ao nordeste baiano, com mais for\u00e7a no litoral. A capital, Salvador, passa o dia com pancadas e trovoadas isoladas. \u00c0 noite, a condi\u00e7\u00e3o se repete.<\/p>\n<p>A manh\u00e3 e a tarde nos estados do Rio Grande do Norte, Para\u00edba, Pernambuco, Alagoas e em Sergipe s\u00e3o\u00a0 de c\u00e9u com muitas nuvens no interior e chuvas isoladas no litoral. De noite, as chuvas isoladas se concentram nas capitais Macei\u00f3 e Aracaju, enquanto o restante segue com muitas nuvens.<\/p>\n<p>No Piau\u00ed e no Cear\u00e1, o dia inteiro \u00e9 de muitas nuvens.<\/p>\n<p>A manh\u00e3 no Maranh\u00e3o \u00e9 de muitas nuvens, enquanto, no per\u00edodo da tarde, pancadas isoladas surgem no litoral, como na capital S\u00e3o Lu\u00eds, enquanto o restante do territ\u00f3rio segue com o tempo firme. \u00c0 noite, a situa\u00e7\u00e3o \u00e9 a mesma.<\/p>\n<p>Entre as capitais, a temperatura <strong>m\u00ednima prevista \u00e9 de 21\u00b0C em Salvador<\/strong>. J\u00e1 a <strong>m\u00e1xima pode chegar at\u00e9 37\u00b0C em Teresina<\/strong>. A umidade relativa do ar varia entre <strong>25% e 100%<\/strong>.<\/p>\n<h2>5 motivos para acompanhar as previs\u00f5es do tempo<\/h2>\n<ul>\n<li>Agricultura: garantia de uma boa colheita;<\/li>\n<li>Marinha: prote\u00e7\u00e3o de marinheiros, navios e passageiros;<\/li>\n<li>Aeron\u00e1utica: seguran\u00e7a de pilotos, aeronaves e passageiros;<\/li>\n<li>Pesca: condi\u00e7\u00f5es favor\u00e1veis e seguras para a atividade;<\/li>\n<li>Turismo: garantia de passeios e viagens tranquilas e agrad\u00e1veis.<\/li>\n<\/ul>\n<h2>Import\u00e2ncia das observa\u00e7\u00f5es meteorol\u00f3gicas no INMET<\/h2>\n<p>As observa\u00e7\u00f5es meteorol\u00f3gicas do INMET s\u00e3o essenciais para previs\u00f5es em tempo real, estat\u00edsticas clim\u00e1ticas e coopera\u00e7\u00e3o internacional. Esses dados precisos ajudam a estudar o clima passado e a produzir Normais Climatol\u00f3gicas conforme a Organiza\u00e7\u00e3o Meteorol\u00f3gica Mundial (<a href=\"https:\/\/worldweather.wmo.int\/pt\/home.html\">OMM<\/a>).<\/p>\n<p>As informa\u00e7\u00f5es s\u00e3o do Instituto Nacional de Meteorologia (<a href=\"https:\/\/portal.inmet.gov.br\/\">Inmet<\/a>).<\/p>\n<p>\t\t\t\t\t\t\t\t\t<img loading=\"lazy\" decoding=\"async\" src=\"https:\/\/brasil61.com\/api\/v1\/serve_pixel\/17677\/85416\" alt=\"Pixel Brasil 61\" class=\"b61_pixel\" width=\"0\" height=\"0\"><\/p>\n<input type=\"hidden\" id=\"baseurl\" value=\"https:\/\/noticiasdestaque.com.br\"><input type=\"hidden\" id=\"audio_nonce\" value=\"6f73a554f1\">","protected":false},"excerpt":{"rendered":"<p>Inmet alerta para perigo de acumulado de chuva e chuvas intensas na Bahia; temperaturas variam entre 21\u00b0C e 37\u00b0C<\/p>\n","protected":false},"author":1,"featured_media":46952,"comment_status":"open","ping_status":"open","sticky":false,"template":"","format":"standard","meta":{"fifu_image_url":"","fifu_image_alt":"","footnotes":""},"categories":[58],"tags":[],"class_list":["post-46951","post","type-post","status-publish","format-standard","has-post-thumbnail","hentry","category-cotidiano"],"distributor_meta":false,"distributor_terms":false,"distributor_media":false,"distributor_original_site_name":"Noticias em Destaque","distributor_original_site_url":"https:\/\/noticiasdestaque.com.br","push-errors":false,"_links":{"self":[{"href":"https:\/\/noticiasdestaque.com.br\/index.php\/wp-json\/wp\/v2\/posts\/46951","targetHints":{"allow":["GET"]}}],"collection":[{"href":"https:\/\/noticiasdestaque.com.br\/index.php\/wp-json\/wp\/v2\/posts"}],"about":[{"href":"https:\/\/noticiasdestaque.com.br\/index.php\/wp-json\/wp\/v2\/types\/post"}],"author":[{"embeddable":true,"href":"https:\/\/noticiasdestaque.com.br\/index.php\/wp-json\/wp\/v2\/users\/1"}],"replies":[{"embeddable":true,"href":"https:\/\/noticiasdestaque.com.br\/index.php\/wp-json\/wp\/v2\/comments?post=46951"}],"version-history":[{"count":0,"href":"https:\/\/noticiasdestaque.com.br\/index.php\/wp-json\/wp\/v2\/posts\/46951\/revisions"}],"wp:featuredmedia":[{"embeddable":true,"href":"https:\/\/noticiasdestaque.com.br\/index.php\/wp-json\/wp\/v2\/media\/46952"}],"wp:attachment":[{"href":"https:\/\/noticiasdestaque.com.br\/index.php\/wp-json\/wp\/v2\/media?parent=46951"}],"wp:term":[{"taxonomy":"category","embeddable":true,"href":"https:\/\/noticiasdestaque.com.br\/index.php\/wp-json\/wp\/v2\/categories?post=46951"},{"taxonomy":"post_tag","embeddable":true,"href":"https:\/\/noticiasdestaque.com.br\/index.php\/wp-json\/wp\/v2\/tags?post=46951"}],"curies":[{"name":"wp","href":"https:\/\/api.w.org\/{rel}","templated":true}]}}