{"id":46949,"date":"2025-10-23T04:30:00","date_gmt":"2025-10-23T07:30:00","guid":{"rendered":"https:\/\/noticiasdestaque.com.br\/index.php\/2025\/10\/23\/governo-anuncia-mais-de-r-170-milhoes-pelo-programa-municipio-mais-seguro-guardas-municipais-serao-reforcadas\/"},"modified":"2025-10-23T04:30:00","modified_gmt":"2025-10-23T07:30:00","slug":"governo-anuncia-mais-de-r-170-milhoes-pelo-programa-municipio-mais-seguro-guardas-municipais-serao-reforcadas","status":"publish","type":"post","link":"https:\/\/noticiasdestaque.com.br\/index.php\/2025\/10\/23\/governo-anuncia-mais-de-r-170-milhoes-pelo-programa-municipio-mais-seguro-guardas-municipais-serao-reforcadas\/","title":{"rendered":"Governo anuncia mais de R$ 170 milh\u00f5es pelo Programa Munic\u00edpio Mais Seguro; Guardas municipais ser\u00e3o refor\u00e7adas"},"content":{"rendered":"<p>\t\t\t\t\t\t\t\t\t\t<audio controls class=\"b61_audio_player\" data-noticia=\"85401\" src=\"https:\/\/brasil61.com\/rails\/active_storage\/blobs\/eyJfcmFpbHMiOnsibWVzc2FnZSI6IkJBaHBBNUt4QXc9PSIsImV4cCI6bnVsbCwicHVyIjoiYmxvYl9pZCJ9fQ==--9fdcb379fc68bb0ac75d9550a758333abed5816c\/BRAS2514992A\"><\/audio><\/p>\n<p>Os munic\u00edpios brasileiros v\u00e3o contar com mais recursos para investir na \u00e1rea da seguran\u00e7a p\u00fablica. O Minist\u00e9rio da Justi\u00e7a anunciou mais de R$ 170 milh\u00f5es para o Programa Munic\u00edpio Mais Seguro. A iniciativa visa fortalecer a seguran\u00e7a p\u00fablica nas cidades por meio da valoriza\u00e7\u00e3o das guardas municipais. O programa foi detalhado pelo ministro da Justi\u00e7a e Seguran\u00e7a P\u00fablica, Ricardo Lewandowski, nesta quarta-feira (22).<\/p>\n<p>Esse valor est\u00e1 relacionado ao programa apenas na primeira etapa. A maior parte desses recursos, que corresponde a R$ 100 milh\u00f5es, ser\u00e1 destinada ao Projeto Nacional de Qualifica\u00e7\u00e3o do Uso da For\u00e7a.<\/p>\n<p>Essa medida inclui, por exemplo, a disponibiliza\u00e7\u00e3o de \u201cinstrumentos de menor potencial ofensivo\u201d, como espingardas e armas de incapacita\u00e7\u00e3o neuromuscular, ou seja, que d\u00e3o choque em seus alvos. Itens como spray de pimenta e coletes \u00e0 prova de bala tamb\u00e9m est\u00e3o inclusos.<\/p>\n<p>Al\u00e9m disso, cerca de R$ 65 milh\u00f5es ser\u00e3o destinados ao <strong>Projeto Nacional de Pol\u00edcia Comunit\u00e1ria<\/strong>. A verba ser\u00e1 aplicada no aprimoramento da gest\u00e3o da seguran\u00e7a p\u00fablica dos munic\u00edpios e no fortalecimento das guardas municipais ou metropolitanas. Para a capacita\u00e7\u00e3o dessas categorias, ser\u00e3o investidos aproximadamente R$ 5,7 milh\u00f5es.<\/p>\n<p>De acordo com a Pasta, em rela\u00e7\u00e3o \u00e0 capacita\u00e7\u00e3o e forma\u00e7\u00e3o profissional, o programa prev\u00ea cursos presenciais e integrados, com foco na preven\u00e7\u00e3o da viol\u00eancia e no uso qualificado da for\u00e7a.<\/p>\n<h2>Entre as forma\u00e7\u00f5es est\u00e3o:<\/h2>\n<ul>\n<li>Curso de Operador de Pol\u00edcia Comunit\u00e1ria Aplicada (atua\u00e7\u00e3o em territ\u00f3rios vulner\u00e1veis);<\/li>\n<li>Curso para Patrulhas Maria da Penha (atendimento humanizado a mulheres em situa\u00e7\u00e3o de viol\u00eancia);<\/li>\n<li>Curso Nacional de Operador de Uso Diferenciado da For\u00e7a (padroniza\u00e7\u00e3o de pr\u00e1ticas operacionais conforme diretrizes nacionais e internacionais).<\/li>\n<\/ul>\n<p>O secret\u00e1rio nacional de Seguran\u00e7a P\u00fablica, Mario Sarrubbo, destaca que o programa se baseia em pesquisa feita com os pr\u00f3prios munic\u00edpios e guardas. \u201cVisa qualificar a gest\u00e3o, valorizar e fortalecer as pol\u00edcias municipais. Tamb\u00e9m nos preocupamos com a sa\u00fade mental dos profissionais, para tornar a seguran\u00e7a p\u00fablica mais eficiente, garantindo prote\u00e7\u00e3o \u00e0 popula\u00e7\u00e3o e respeito aos direitos humanos\u201d, disse.<\/p>\n<h2>Amplia\u00e7\u00e3o das fun\u00e7\u00f5es das Guardas Municipais<\/h2>\n<p>Durante a cerim\u00f4nia de lan\u00e7amento da iniciativa, Lewandowski destacou que o programa chega em momento estrat\u00e9gico, ap\u00f3s decis\u00e3o do <strong>Supremo Tribunal Federal (STF)<\/strong> que ampliou as fun\u00e7\u00f5es das <strong>Guardas Municipais<\/strong>.<\/p>\n<p>\u201cCom este programa, n\u00f3s iremos aumentar a sensa\u00e7\u00e3o de seguran\u00e7a da popula\u00e7\u00e3o, desenvolvendo uma pol\u00edcia municipal mais cidad\u00e3 e bem equipada\u201d, afirmou.<\/p>\n<p>Em fevereiro de 2025, a Suprema Corte decidiu que o ato de munic\u00edpios criarem leis para que guardas municipais atuem em a\u00e7\u00f5es de seguran\u00e7a urbana \u00e9 constitucional. No entanto, essas normas devem respeitar limites, de maneira que n\u00e3o se sobreponham, mas cooperem com as atribui\u00e7\u00f5es das pol\u00edcias Civil e Militar \u2013 cujas fun\u00e7\u00f5es s\u00e3o reguladas pela Constitui\u00e7\u00e3o e por normas estaduais.<\/p>\n<p>Conforme o entendimento fixado, essas corpora\u00e7\u00f5es municipais n\u00e3o t\u00eam poder de investigar, mas podem efetuar o policiamento ostensivo e comunit\u00e1rio, al\u00e9m de poder agir perante condutas danosas \u00e0s pessoas, bens e servi\u00e7os, inclusive realizar pris\u00f5es em flagrante.\u00a0<\/p>\n<p>A atua\u00e7\u00e3o das guardas fica limitada \u00e0s instala\u00e7\u00f5es municipais, onde h\u00e1 coopera\u00e7\u00e3o com os demais \u00f3rg\u00e3os de seguran\u00e7a p\u00fablica, e sob a fiscaliza\u00e7\u00e3o do Minist\u00e9rio P\u00fablico.<\/p>\n<h2>Guardas Municipais no Brasil<\/h2>\n<p>A <strong>Pesquisa de Informa\u00e7\u00f5es B\u00e1sicas Municipais (Munic)<\/strong> e <strong>Estaduais (Estadic)<\/strong>, do <strong>Instituto Brasileiro de Geografia e Estat\u00edstica (IBGE)<\/strong>, de 2023, aponta que apenas 1.322 munic\u00edpios no Brasil possuem guarda civil municipal. Isso significa que 76,67% dos 5.570 munic\u00edpios brasileiros n\u00e3o disp\u00f5em de guardas municipais em sua estrutura de seguran\u00e7a p\u00fablica.<\/p>\n<p>Al\u00e9m disso, os dados apontam que 3.853 munic\u00edpios brasileiros n\u00e3o possuem estrutura espec\u00edfica para a \u00e1rea da seguran\u00e7a p\u00fablica, o que representa 69,17% do total de munic\u00edpios.<\/p>\n<p>Veja a distribui\u00e7\u00e3o de n\u00famero de efetivos na Guarda Municipal. O maior montante fica no Sudeste. J\u00e1 o com menor n\u00famero aparece o Centro-Oeste. Confira a lista:\u00a0<\/p>\n<ul>\n<li>Sudeste: 49.540\u00a0<\/li>\n<li>Nordeste: 32.242<\/li>\n<li>Sul: 8.258<\/li>\n<li>Norte: 6.613<\/li>\n<li>Centro-Oeste: 5.201<br \/>\n\t\u00a0<\/li>\n<\/ul>\n<p>\t\t\t\t\t\t\t\t\t<img loading=\"lazy\" decoding=\"async\" src=\"https:\/\/brasil61.com\/api\/v1\/serve_pixel\/17677\/85401\" alt=\"Pixel Brasil 61\" class=\"b61_pixel\" width=\"0\" height=\"0\"><\/p>\n<input type=\"hidden\" id=\"baseurl\" value=\"https:\/\/noticiasdestaque.com.br\"><input type=\"hidden\" id=\"audio_nonce\" value=\"6f73a554f1\">","protected":false},"excerpt":{"rendered":"<p>A maior parte desses recursos, que corresponde a R$ 100 milh\u00f5es, ser\u00e1 destinada ao Projeto Nacional de Qualifica\u00e7\u00e3o do Uso da For\u00e7a<\/p>\n","protected":false},"author":1,"featured_media":46950,"comment_status":"open","ping_status":"open","sticky":false,"template":"","format":"standard","meta":{"fifu_image_url":"","fifu_image_alt":"","footnotes":""},"categories":[48],"tags":[],"class_list":["post-46949","post","type-post","status-publish","format-standard","has-post-thumbnail","hentry","category-mundo"],"distributor_meta":false,"distributor_terms":false,"distributor_media":false,"distributor_original_site_name":"Noticias em Destaque","distributor_original_site_url":"https:\/\/noticiasdestaque.com.br","push-errors":false,"_links":{"self":[{"href":"https:\/\/noticiasdestaque.com.br\/index.php\/wp-json\/wp\/v2\/posts\/46949","targetHints":{"allow":["GET"]}}],"collection":[{"href":"https:\/\/noticiasdestaque.com.br\/index.php\/wp-json\/wp\/v2\/posts"}],"about":[{"href":"https:\/\/noticiasdestaque.com.br\/index.php\/wp-json\/wp\/v2\/types\/post"}],"author":[{"embeddable":true,"href":"https:\/\/noticiasdestaque.com.br\/index.php\/wp-json\/wp\/v2\/users\/1"}],"replies":[{"embeddable":true,"href":"https:\/\/noticiasdestaque.com.br\/index.php\/wp-json\/wp\/v2\/comments?post=46949"}],"version-history":[{"count":0,"href":"https:\/\/noticiasdestaque.com.br\/index.php\/wp-json\/wp\/v2\/posts\/46949\/revisions"}],"wp:featuredmedia":[{"embeddable":true,"href":"https:\/\/noticiasdestaque.com.br\/index.php\/wp-json\/wp\/v2\/media\/46950"}],"wp:attachment":[{"href":"https:\/\/noticiasdestaque.com.br\/index.php\/wp-json\/wp\/v2\/media?parent=46949"}],"wp:term":[{"taxonomy":"category","embeddable":true,"href":"https:\/\/noticiasdestaque.com.br\/index.php\/wp-json\/wp\/v2\/categories?post=46949"},{"taxonomy":"post_tag","embeddable":true,"href":"https:\/\/noticiasdestaque.com.br\/index.php\/wp-json\/wp\/v2\/tags?post=46949"}],"curies":[{"name":"wp","href":"https:\/\/api.w.org\/{rel}","templated":true}]}}