{"id":46945,"date":"2025-10-23T04:20:00","date_gmt":"2025-10-23T07:20:00","guid":{"rendered":"https:\/\/noticiasdestaque.com.br\/index.php\/2025\/10\/23\/desoneracao-da-folha-moraes-pede-vista-e-suspende-julgamento-no-stf\/"},"modified":"2025-10-23T04:20:00","modified_gmt":"2025-10-23T07:20:00","slug":"desoneracao-da-folha-moraes-pede-vista-e-suspende-julgamento-no-stf","status":"publish","type":"post","link":"https:\/\/noticiasdestaque.com.br\/index.php\/2025\/10\/23\/desoneracao-da-folha-moraes-pede-vista-e-suspende-julgamento-no-stf\/","title":{"rendered":"Desonera\u00e7\u00e3o da folha: Moraes pede vista e suspende julgamento no STF"},"content":{"rendered":"<p>\t\t\t\t\t\t\t\t\t\t<audio controls class=\"b61_audio_player\" data-noticia=\"85398\" src=\"https:\/\/brasil61.com\/rails\/active_storage\/blobs\/eyJfcmFpbHMiOnsibWVzc2FnZSI6IkJBaHBBNU94QXc9PSIsImV4cCI6bnVsbCwicHVyIjoiYmxvYl9pZCJ9fQ==--10c5924f363f8309bc15486411f399aa61f4cfd4\/BRAS2514987A\"><\/audio><\/p>\n<p>Na\u00a0quarta-feira (22), o ministro do <a href=\"https:\/\/portal.stf.jus.br\/\" target=\"_blank\">Supremo Tribunal Federal (STF)<\/a> Alexandre de Moraes pediu vista \u00e0 <a href=\"https:\/\/portal.stf.jus.br\/processos\/detalhe.asp?incidente=6909105\" target=\"_blank\">A\u00e7\u00e3o Direta de Inconstitucionalidade (ADI) 7.633<\/a>, <strong>que trata da prorroga\u00e7\u00e3o da desonera\u00e7\u00e3o da folha de pagamento para 17 setores da economia e de munic\u00edpios com at\u00e9 156 mil habitantes<\/strong>. Agora, o<strong> ministro tem 90 dias para devolver o processo para julgamento, que segue no plen\u00e1rio virtual.<\/strong><\/p>\n<p>Em nota, a <a href=\"https:\/\/cnm.org.br\/\" target=\"_blank\">Confedera\u00e7\u00e3o Nacional de Munic\u00edpios (CNM)<\/a> afirmou que <strong>acompanha a pauta e avaliou que a suspens\u00e3o \u00e9 importante para possibilitar uma an\u00e1lise mais criteriosa da a\u00e7\u00e3o.\u00a0<\/strong><\/p>\n<p>Conforme estimativas da Confedera\u00e7\u00e3o, caso o julgamento suste os efeitos da desonera\u00e7\u00e3o em 2026, os <strong>munic\u00edpios ter\u00e3o suas despesas elevadas na ordem de R$ 3,5 bilh\u00f5es.<\/strong><\/p>\n<p>A ADI 7.633 \u00e9 movida pela Advocacia-Geral da Uni\u00e3o (AGU) para anular os incentivos fiscais da medida de desonera\u00e7\u00e3o da folha de pagamentos. A justificativa \u00e9 de que a prorroga\u00e7\u00e3o se deu sem medidas compensat\u00f3rias, no sentido contr\u00e1rio \u00e0 Lei de Responsabilidade Fiscal.\u00a0<\/p>\n<h2>Inconstitucionalidade<\/h2>\n<p>Na \u00faltima sexta (17), o relator da a\u00e7\u00e3o, ministro Cristiano Zanin, votou pela suspens\u00e3o da lei aprovada pelo Congresso, ou seja, por sua<strong> inconstitucionalidade<\/strong>. No entanto, manteve a reonera\u00e7\u00e3o prevista da Lei 14.973\/2024 de forma gradual, at\u00e9 2027.\u00a0<\/p>\n<p>At\u00e9 o pedido de vista de Moraes dessa quarta (22), o julgamento contava com tr\u00eas votos. Os ministros Gilmar Mendes e Edson Fachin j\u00e1 haviam acompanhado o voto do relator em sess\u00f5es anteriores.<\/p>\n<p>O advogado especialista em direito tribut\u00e1rio, Eduardo Halperin, s\u00f3cio do escrit\u00f3rio Duarte Garcia, Serra Netto e Terra, de S\u00e3o Paulo (SP), destaca que, tendo em vista o atual cen\u00e1rio de crise fiscal do pa\u00eds, al\u00e9m do voto de Zanin, <strong>h\u00e1 grandes chances do STF derrubar a prorroga\u00e7\u00e3o.<\/strong><\/p>\n<p>\u201cEu diria que \u00e9 mais prov\u00e1vel que seja considerada inconstitucional a manuten\u00e7\u00e3o da desonera\u00e7\u00e3o do que se mantenha a desonera\u00e7\u00e3o fiscal. Ent\u00e3o, \u00e9 mais prov\u00e1vel a derrubada da desonera\u00e7\u00e3o do que a manuten\u00e7\u00e3o da desonera\u00e7\u00e3o fiscal\u201d, afirma.<\/p>\n<p>Eduardo elucida, ainda, que Zanin n\u00e3o analisou a lei que prop\u00f4s a reonera\u00e7\u00e3o gradual da folha de pagamentos, mas manteve os dispositivos da lei que prop\u00f4s uma reonera\u00e7\u00e3o gradual at\u00e9 2027, da folha. \u00a0<\/p>\n<h2>Impacto aos munic\u00edpios e setores da economia<\/h2>\n<p>O poss\u00edvel rev\u00e9s judicial no planejamento fiscal das empresas, aquelas que integram os 17 setores envolvidos \u2013 como de comunica\u00e7\u00e3o, cal\u00e7ados, constru\u00e7\u00e3o civil, vestu\u00e1rio, call centers, entre outros, poder\u00e3o sofrer economicamente. A an\u00e1lise \u00e9 de Eduardo Halperin. Segundo ele, \u00e9 natural que haja um encarecimento da m\u00e3o de obra.\u00a0<\/p>\n<p>J\u00e1 os <strong>munic\u00edpios tamb\u00e9m devem ter aumento nos custos com m\u00e3o de obra<\/strong>, conforme o advogado. \u201cOs munic\u00edpios tamb\u00e9m, que usufru\u00edram da desonera\u00e7\u00e3o da folha, v\u00e3o ter um aumento no custo de contrata\u00e7\u00e3o, naturalmente, o que faz com que eles tenham um cen\u00e1rio desafiador, principalmente em rela\u00e7\u00e3o \u00e0 m\u00e3o de obra. Vai ser mais caro contratar do que j\u00e1 \u00e9\u201d, afirma.\u00a0<\/p>\n<p>Ainda na sexta (17), a CNM apresentou uma peti\u00e7\u00e3o em que solicitava \u00e0 Corte a transfer\u00eancia do julgamento em cen\u00e1rio virtual para o plen\u00e1rio f\u00edsico.\u00a0<\/p>\n<p>A <strong>entidade alertou no documento que a medida traz impactos diretos no financiamento p\u00fablico, na seguran\u00e7a jur\u00eddica e no planejamento or\u00e7ament\u00e1rio local.<\/strong> Al\u00e9m disso, pode afetar a continuidade da presta\u00e7\u00e3o de servi\u00e7os p\u00fablicos pelos entes municipais.<\/p>\n<h2>Entenda a reonera\u00e7\u00e3o<\/h2>\n<h2><span style=\"font-size: 13px\">A desonera\u00e7\u00e3o da folha de pagamento come\u00e7ou em 2011 para alguns segmentos \u2014 como Tecnologia da Informa\u00e7\u00e3o e call centers. J\u00e1 em 2014, houve expans\u00e3o para diversos setores. Em 2018, por conta da grande ren\u00fancia fiscal, foi reduzida para 17 \u00e1reas de servi\u00e7os e determinados produtos.<\/span><\/h2>\n<p>Em 2023, foi promulgada a Lei 14.784\/23, que prorrogou a desonera\u00e7\u00e3o at\u00e9 2027. A legisla\u00e7\u00e3o foi considerada inconstitucional pelo STF \u2013 considerando que n\u00e3o indicava recursos para sustentar o recuo de arrecada\u00e7\u00e3o.\u00a0<\/p>\n<p>\t\t\t\t\t\t\t\t\t<img loading=\"lazy\" decoding=\"async\" src=\"https:\/\/brasil61.com\/api\/v1\/serve_pixel\/17677\/85398\" alt=\"Pixel Brasil 61\" class=\"b61_pixel\" width=\"0\" height=\"0\"><\/p>\n<input type=\"hidden\" id=\"baseurl\" value=\"https:\/\/noticiasdestaque.com.br\"><input type=\"hidden\" id=\"audio_nonce\" value=\"6f73a554f1\">","protected":false},"excerpt":{"rendered":"<p>Confedera\u00e7\u00e3o Nacional de Munic\u00edpios acompanha pauta e avalia que suspens\u00e3o possibilita an\u00e1lise mais criteriosa<\/p>\n","protected":false},"author":1,"featured_media":46946,"comment_status":"open","ping_status":"open","sticky":false,"template":"","format":"standard","meta":{"fifu_image_url":"","fifu_image_alt":"","footnotes":""},"categories":[59],"tags":[],"class_list":["post-46945","post","type-post","status-publish","format-standard","has-post-thumbnail","hentry","category-economia"],"distributor_meta":false,"distributor_terms":false,"distributor_media":false,"distributor_original_site_name":"Noticias em Destaque","distributor_original_site_url":"https:\/\/noticiasdestaque.com.br","push-errors":false,"_links":{"self":[{"href":"https:\/\/noticiasdestaque.com.br\/index.php\/wp-json\/wp\/v2\/posts\/46945","targetHints":{"allow":["GET"]}}],"collection":[{"href":"https:\/\/noticiasdestaque.com.br\/index.php\/wp-json\/wp\/v2\/posts"}],"about":[{"href":"https:\/\/noticiasdestaque.com.br\/index.php\/wp-json\/wp\/v2\/types\/post"}],"author":[{"embeddable":true,"href":"https:\/\/noticiasdestaque.com.br\/index.php\/wp-json\/wp\/v2\/users\/1"}],"replies":[{"embeddable":true,"href":"https:\/\/noticiasdestaque.com.br\/index.php\/wp-json\/wp\/v2\/comments?post=46945"}],"version-history":[{"count":0,"href":"https:\/\/noticiasdestaque.com.br\/index.php\/wp-json\/wp\/v2\/posts\/46945\/revisions"}],"wp:featuredmedia":[{"embeddable":true,"href":"https:\/\/noticiasdestaque.com.br\/index.php\/wp-json\/wp\/v2\/media\/46946"}],"wp:attachment":[{"href":"https:\/\/noticiasdestaque.com.br\/index.php\/wp-json\/wp\/v2\/media?parent=46945"}],"wp:term":[{"taxonomy":"category","embeddable":true,"href":"https:\/\/noticiasdestaque.com.br\/index.php\/wp-json\/wp\/v2\/categories?post=46945"},{"taxonomy":"post_tag","embeddable":true,"href":"https:\/\/noticiasdestaque.com.br\/index.php\/wp-json\/wp\/v2\/tags?post=46945"}],"curies":[{"name":"wp","href":"https:\/\/api.w.org\/{rel}","templated":true}]}}