{"id":46927,"date":"2025-10-22T19:05:00","date_gmt":"2025-10-22T22:05:00","guid":{"rendered":"https:\/\/noticiasdestaque.com.br\/index.php\/2025\/10\/22\/previsao-do-tempo-norte-tem-previsao-de-chuva-intensa-nesta-quinta-feira-23\/"},"modified":"2025-10-22T19:05:00","modified_gmt":"2025-10-22T22:05:00","slug":"previsao-do-tempo-norte-tem-previsao-de-chuva-intensa-nesta-quinta-feira-23","status":"publish","type":"post","link":"https:\/\/noticiasdestaque.com.br\/index.php\/2025\/10\/22\/previsao-do-tempo-norte-tem-previsao-de-chuva-intensa-nesta-quinta-feira-23\/","title":{"rendered":"PREVIS\u00c3O DO TEMPO:  Norte tem previs\u00e3o de chuva intensa nesta quinta-feira (23)"},"content":{"rendered":"<p>\t\t\t\t\t\t\t\t\t\t<audio controls class=\"b61_audio_player\" data-noticia=\"85393\" src=\"https:\/\/brasil61.com\/rails\/active_storage\/blobs\/eyJfcmFpbHMiOnsibWVzc2FnZSI6IkJBaHBBNFd4QXc9PSIsImV4cCI6bnVsbCwicHVyIjoiYmxvYl9pZCJ9fQ==--a4fd1f52e499d12b66996a6967a8675ef8a3a426\/PTRN254590A\"><\/audio><\/p>\n<p>\u00a0<\/p>\n<\/p>\n<p>O Instituto Nacional de Meteorologia emitiu alerta de chuvas intensas para o Amazonas, Acre, Par\u00e1, Rond\u00f4nia e Tocantins.<\/p>\n<p>Pela manh\u00e3, o tempo fica inst\u00e1vel em boa parte da Regi\u00e3o Norte, com pancadas isoladas atingindo \u00e1reas do Amazonas, especialmente nos munic\u00edpios de Manaus, Coari, Tef\u00e9 e Itacoatiara.\u00a0<\/p>\n<p>No Acre, h\u00e1 possibilidade de chuva em Rio Branco, Cruzeiro do Sul, Tarauac\u00e1 e Sena Madureira. J\u00e1 em Rond\u00f4nia, o tempo amanhece encoberto, com registros de chuva em Porto Velho, Ji-Paran\u00e1 e Cacoal. No Par\u00e1 e em Tocantins, o sol aparece entre nuvens, mas h\u00e1 chance de pancadas leves em pontos isolados, principalmente em Santar\u00e9m, Marab\u00e1, Parauapebas, Palmas e Aragua\u00edna.<\/p>\n<p>Durante a tarde, as instabilidades se intensificam em toda a regi\u00e3o. O Amazonas e o Acre devem registrar os maiores volumes de chuva, com possibilidade de trovoadas em \u00e1reas do centro-oeste e sul dos estados.\u00a0<\/p>\n<p>Em Rond\u00f4nia, o tempo segue fechado, com chuvas persistentes entre Ariquemes, Vilhena e Candeias do Jamari. J\u00e1 no Par\u00e1, o cen\u00e1rio \u00e9 de pancadas fortes nas regi\u00f5es norte e oeste, atingindo \u00d3bidos, Alenquer, Altamira e Bel\u00e9m. No Tocantins, a chuva se espalha por cidades do centro e norte, como Gurupi, Guara\u00ed e Colinas do Tocantins.<\/p>\n<p>Entre as capitais, a temperatura m\u00ednima prevista \u00e9 de 22\u00b0C, em Rio branco e Palmas. J\u00e1 a m\u00e1xima pode chegar a 35\u00b0C, em Rio Branco. A umidade relativa do ar varia entre 40% e 100%.<\/p>\n<h2>5 motivos para acompanhar as previs\u00f5es do tempo<\/h2>\n<ul>\n<li>Agricultura: garantia de uma boa colheita;<\/li>\n<li>Marinha: prote\u00e7\u00e3o de marinheiros, navios e passageiros;<\/li>\n<li>Aeron\u00e1utica: seguran\u00e7a de pilotos, aeronaves e passageiros;<\/li>\n<li>Pesca: condi\u00e7\u00f5es favor\u00e1veis e seguras para a atividade;<\/li>\n<li>Turismo: garantia de passeios e viagens tranquilas e agrad\u00e1veis.<\/li>\n<\/ul>\n<h2>Import\u00e2ncia das observa\u00e7\u00f5es meteorol\u00f3gicas no INMET<\/h2>\n<p>As observa\u00e7\u00f5es meteorol\u00f3gicas do INMET s\u00e3o essenciais para previs\u00f5es em tempo real, estat\u00edsticas clim\u00e1ticas e coopera\u00e7\u00e3o internacional. Esses dados precisos ajudam a estudar o clima passado e a produzir Normais Climatol\u00f3gicas conforme a Organiza\u00e7\u00e3o Meteorol\u00f3gica Mundial (<a href=\"https:\/\/worldweather.wmo.int\/pt\/home.html\">OMM<\/a>).<\/p>\n<p>As informa\u00e7\u00f5es s\u00e3o do Instituto Nacional de Meteorologia (<a href=\"https:\/\/portal.inmet.gov.br\/\">Inmet<\/a>).<br \/>\n\u00a0<\/p>\n<p>\t\t\t\t\t\t\t\t\t<img loading=\"lazy\" decoding=\"async\" src=\"https:\/\/brasil61.com\/api\/v1\/serve_pixel\/17677\/85393\" alt=\"Pixel Brasil 61\" class=\"b61_pixel\" width=\"0\" height=\"0\"><\/p>\n<input type=\"hidden\" id=\"baseurl\" value=\"https:\/\/noticiasdestaque.com.br\"><input type=\"hidden\" id=\"audio_nonce\" value=\"6f73a554f1\">","protected":false},"excerpt":{"rendered":"<p>Pela manh\u00e3, o tempo fica inst\u00e1vel em boa parte da Regi\u00e3o Norte, com pancadas isoladas atingindo \u00e1reas do Amazonas, especialmente nos munic\u00edpios de Manaus, Coari, Tef\u00e9 e Itacoatiara<\/p>\n","protected":false},"author":1,"featured_media":46928,"comment_status":"open","ping_status":"open","sticky":false,"template":"","format":"standard","meta":{"fifu_image_url":"","fifu_image_alt":"","footnotes":""},"categories":[58],"tags":[],"class_list":["post-46927","post","type-post","status-publish","format-standard","has-post-thumbnail","hentry","category-cotidiano"],"distributor_meta":false,"distributor_terms":false,"distributor_media":false,"distributor_original_site_name":"Noticias em Destaque","distributor_original_site_url":"https:\/\/noticiasdestaque.com.br","push-errors":false,"_links":{"self":[{"href":"https:\/\/noticiasdestaque.com.br\/index.php\/wp-json\/wp\/v2\/posts\/46927","targetHints":{"allow":["GET"]}}],"collection":[{"href":"https:\/\/noticiasdestaque.com.br\/index.php\/wp-json\/wp\/v2\/posts"}],"about":[{"href":"https:\/\/noticiasdestaque.com.br\/index.php\/wp-json\/wp\/v2\/types\/post"}],"author":[{"embeddable":true,"href":"https:\/\/noticiasdestaque.com.br\/index.php\/wp-json\/wp\/v2\/users\/1"}],"replies":[{"embeddable":true,"href":"https:\/\/noticiasdestaque.com.br\/index.php\/wp-json\/wp\/v2\/comments?post=46927"}],"version-history":[{"count":0,"href":"https:\/\/noticiasdestaque.com.br\/index.php\/wp-json\/wp\/v2\/posts\/46927\/revisions"}],"wp:featuredmedia":[{"embeddable":true,"href":"https:\/\/noticiasdestaque.com.br\/index.php\/wp-json\/wp\/v2\/media\/46928"}],"wp:attachment":[{"href":"https:\/\/noticiasdestaque.com.br\/index.php\/wp-json\/wp\/v2\/media?parent=46927"}],"wp:term":[{"taxonomy":"category","embeddable":true,"href":"https:\/\/noticiasdestaque.com.br\/index.php\/wp-json\/wp\/v2\/categories?post=46927"},{"taxonomy":"post_tag","embeddable":true,"href":"https:\/\/noticiasdestaque.com.br\/index.php\/wp-json\/wp\/v2\/tags?post=46927"}],"curies":[{"name":"wp","href":"https:\/\/api.w.org\/{rel}","templated":true}]}}